{"id":200093,"date":"2019-07-24T11:00:43","date_gmt":"2019-07-24T14:00:43","guid":{"rendered":"https:\/\/www.agrund.com\/?p=200093"},"modified":"2019-07-24T11:06:13","modified_gmt":"2019-07-24T14:06:13","slug":"kim-kardashian-para-a-wsj-magazine","status":"publish","type":"post","link":"https:\/\/agrund.com\/index.php\/kim-kardashian-para-a-wsj-magazine\/","title":{"rendered":"Kim Kardashian para a &#8216;WSJ. Magazine&#8217;"},"content":{"rendered":"\n<p>A &#8216;WSJ. Magazine&#8217; acaba de revelar a capa de sua edi\u00e7\u00e3o digital de agosto 2019 estrelada por Kim Kardashian.<\/p>\n\n\n\n<p>Fotografada por Daniel Jackson, a empres\u00e1ria exibe um corte de cabelo long bob na altura do pesco\u00e7o e evidencia suas curvas em todos os cliques. Isso porque ela veste pe\u00e7as justas e os modeladores e suti\u00e3s de sua nova marca que contamos AQUI.\u00a0<\/p>\n\n\n\n<p>Ali\u00e1s, a grife, que se chamaria &#8216;Kimono&#8217;, est\u00e1 sem nome por enquanto ap\u00f3s uma causar pol\u00eamicas na internet por apropria\u00e7\u00e3o cultural. Sobre isso, Kim comentou:\u00a0<\/p>\n\n\n\n<p>&#8220;Eu entendo que existem muitos olhos em mim e na minha marca. Ent\u00e3o preciso estar atenta, realmente aprender, crescer e entender que h\u00e1 um padr\u00e3o diferente em rela\u00e7\u00e3o a mim. Eu vou assumir a responsabilidade e fazer a coisa certa&#8221;, declarou.\u00a0<\/p>\n\n\n\n<p>Confira os cliques p&amp;b na galeria abaixo:<\/p>\n\n\n\n<div class=\"wp-block-image\"><figure class=\"aligncenter\"><img data-attachment-id=\"200094\" data-permalink=\"https:\/\/agrund.com\/index.php\/kim-kardashian-para-a-wsj-magazine\/kim-kardashian-wsj-magazine-agrund\/\" data-orig-file=\"https:\/\/i0.wp.com\/agrund.com\/wp-content\/uploads\/sites\/6\/2019\/07\/Kim-Kardashian-WSJ-Magazine-agrund.jpg?fit=600%2C698&amp;ssl=1\" data-orig-size=\"600,698\" data-comments-opened=\"1\" data-image-meta=\"{&quot;aperture&quot;:&quot;0&quot;,&quot;credit&quot;:&quot;&quot;,&quot;camera&quot;:&quot;&quot;,&quot;caption&quot;:&quot;&quot;,&quot;created_timestamp&quot;:&quot;0&quot;,&quot;copyright&quot;:&quot;&quot;,&quot;focal_length&quot;:&quot;0&quot;,&quot;iso&quot;:&quot;0&quot;,&quot;shutter_speed&quot;:&quot;0&quot;,&quot;title&quot;:&quot;&quot;,&quot;orientation&quot;:&quot;1&quot;}\" data-image-title=\"Kim-Kardashian-WSJ-Magazine-agrund\" data-image-description=\"\" data-image-caption=\"\" data-medium-file=\"https:\/\/i0.wp.com\/agrund.com\/wp-content\/uploads\/sites\/6\/2019\/07\/Kim-Kardashian-WSJ-Magazine-agrund.jpg?fit=258%2C300&amp;ssl=1\" data-large-file=\"https:\/\/i0.wp.com\/agrund.com\/wp-content\/uploads\/sites\/6\/2019\/07\/Kim-Kardashian-WSJ-Magazine-agrund.jpg?fit=600%2C698&amp;ssl=1\" decoding=\"async\" loading=\"lazy\" width=\"600\" height=\"698\" src=\"https:\/\/i0.wp.com\/www.agrund.com\/wp-content\/uploads\/sites\/6\/2019\/07\/Kim-Kardashian-WSJ-Magazine-agrund.jpg?resize=600%2C698&#038;ssl=1\" alt=\"\" class=\"wp-image-200094\" srcset=\"https:\/\/i0.wp.com\/agrund.com\/wp-content\/uploads\/sites\/6\/2019\/07\/Kim-Kardashian-WSJ-Magazine-agrund.jpg?w=600&amp;ssl=1 600w, https:\/\/i0.wp.com\/agrund.com\/wp-content\/uploads\/sites\/6\/2019\/07\/Kim-Kardashian-WSJ-Magazine-agrund.jpg?resize=258%2C300&amp;ssl=1 258w\" sizes=\"(max-width: 600px) 100vw, 600px\" data-recalc-dims=\"1\" \/><figcaption>Kim Kardashian para a &#8216;WSJ. Magazine&#8217;<\/figcaption><\/figure><\/div>\n\n\n\n<div class=\"wp-block-image\"><figure class=\"aligncenter\"><img data-attachment-id=\"200095\" data-permalink=\"https:\/\/agrund.com\/index.php\/kim-kardashian-para-a-wsj-magazine\/kim-kardashian-wsj-magazine-agrund-6\/\" data-orig-file=\"https:\/\/i0.wp.com\/agrund.com\/wp-content\/uploads\/sites\/6\/2019\/07\/Kim-Kardashian-WSJ-Magazine-agrund-6.jpg?fit=600%2C400&amp;ssl=1\" data-orig-size=\"600,400\" data-comments-opened=\"1\" data-image-meta=\"{&quot;aperture&quot;:&quot;0&quot;,&quot;credit&quot;:&quot;&quot;,&quot;camera&quot;:&quot;&quot;,&quot;caption&quot;:&quot;&quot;,&quot;created_timestamp&quot;:&quot;0&quot;,&quot;copyright&quot;:&quot;&quot;,&quot;focal_length&quot;:&quot;0&quot;,&quot;iso&quot;:&quot;0&quot;,&quot;shutter_speed&quot;:&quot;0&quot;,&quot;title&quot;:&quot;&quot;,&quot;orientation&quot;:&quot;1&quot;}\" data-image-title=\"Kim-Kardashian-WSJ-Magazine-agrund-6\" data-image-description=\"\" data-image-caption=\"\" data-medium-file=\"https:\/\/i0.wp.com\/agrund.com\/wp-content\/uploads\/sites\/6\/2019\/07\/Kim-Kardashian-WSJ-Magazine-agrund-6.jpg?fit=300%2C200&amp;ssl=1\" data-large-file=\"https:\/\/i0.wp.com\/agrund.com\/wp-content\/uploads\/sites\/6\/2019\/07\/Kim-Kardashian-WSJ-Magazine-agrund-6.jpg?fit=600%2C400&amp;ssl=1\" decoding=\"async\" loading=\"lazy\" width=\"600\" height=\"400\" src=\"https:\/\/i0.wp.com\/www.agrund.com\/wp-content\/uploads\/sites\/6\/2019\/07\/Kim-Kardashian-WSJ-Magazine-agrund-6.jpg?resize=600%2C400&#038;ssl=1\" alt=\"\" class=\"wp-image-200095\" srcset=\"https:\/\/i0.wp.com\/agrund.com\/wp-content\/uploads\/sites\/6\/2019\/07\/Kim-Kardashian-WSJ-Magazine-agrund-6.jpg?w=600&amp;ssl=1 600w, https:\/\/i0.wp.com\/agrund.com\/wp-content\/uploads\/sites\/6\/2019\/07\/Kim-Kardashian-WSJ-Magazine-agrund-6.jpg?resize=300%2C200&amp;ssl=1 300w\" sizes=\"(max-width: 600px) 100vw, 600px\" data-recalc-dims=\"1\" \/><figcaption>Kim Kardashian para a &#8216;WSJ. Magazine&#8217;<\/figcaption><\/figure><\/div>\n\n\n\n<div class=\"wp-block-image\"><figure class=\"aligncenter\"><img data-attachment-id=\"200096\" data-permalink=\"https:\/\/agrund.com\/index.php\/kim-kardashian-para-a-wsj-magazine\/kim-kardashian-wsj-magazine-agrund-5\/\" data-orig-file=\"https:\/\/i0.wp.com\/agrund.com\/wp-content\/uploads\/sites\/6\/2019\/07\/Kim-Kardashian-WSJ-Magazine-agrund-5.jpg?fit=600%2C698&amp;ssl=1\" data-orig-size=\"600,698\" data-comments-opened=\"1\" data-image-meta=\"{&quot;aperture&quot;:&quot;0&quot;,&quot;credit&quot;:&quot;&quot;,&quot;camera&quot;:&quot;&quot;,&quot;caption&quot;:&quot;&quot;,&quot;created_timestamp&quot;:&quot;0&quot;,&quot;copyright&quot;:&quot;&quot;,&quot;focal_length&quot;:&quot;0&quot;,&quot;iso&quot;:&quot;0&quot;,&quot;shutter_speed&quot;:&quot;0&quot;,&quot;title&quot;:&quot;&quot;,&quot;orientation&quot;:&quot;1&quot;}\" data-image-title=\"Kim-Kardashian-WSJ-Magazine-agrund-5\" data-image-description=\"\" data-image-caption=\"\" data-medium-file=\"https:\/\/i0.wp.com\/agrund.com\/wp-content\/uploads\/sites\/6\/2019\/07\/Kim-Kardashian-WSJ-Magazine-agrund-5.jpg?fit=258%2C300&amp;ssl=1\" data-large-file=\"https:\/\/i0.wp.com\/agrund.com\/wp-content\/uploads\/sites\/6\/2019\/07\/Kim-Kardashian-WSJ-Magazine-agrund-5.jpg?fit=600%2C698&amp;ssl=1\" decoding=\"async\" loading=\"lazy\" width=\"600\" height=\"698\" src=\"https:\/\/i0.wp.com\/www.agrund.com\/wp-content\/uploads\/sites\/6\/2019\/07\/Kim-Kardashian-WSJ-Magazine-agrund-5.jpg?resize=600%2C698&#038;ssl=1\" alt=\"\" class=\"wp-image-200096\" srcset=\"https:\/\/i0.wp.com\/agrund.com\/wp-content\/uploads\/sites\/6\/2019\/07\/Kim-Kardashian-WSJ-Magazine-agrund-5.jpg?w=600&amp;ssl=1 600w, https:\/\/i0.wp.com\/agrund.com\/wp-content\/uploads\/sites\/6\/2019\/07\/Kim-Kardashian-WSJ-Magazine-agrund-5.jpg?resize=258%2C300&amp;ssl=1 258w\" sizes=\"(max-width: 600px) 100vw, 600px\" data-recalc-dims=\"1\" \/><figcaption>Kim Kardashian para a &#8216;WSJ. Magazine&#8217;<\/figcaption><\/figure><\/div>\n\n\n\n<div class=\"wp-block-image\"><figure class=\"aligncenter\"><img data-attachment-id=\"200097\" data-permalink=\"https:\/\/agrund.com\/index.php\/kim-kardashian-para-a-wsj-magazine\/kim-kardashian-wsj-magazine-agrund-2\/\" data-orig-file=\"https:\/\/i0.wp.com\/agrund.com\/wp-content\/uploads\/sites\/6\/2019\/07\/Kim-Kardashian-WSJ-Magazine-agrund-2.jpg?fit=600%2C400&amp;ssl=1\" data-orig-size=\"600,400\" data-comments-opened=\"1\" data-image-meta=\"{&quot;aperture&quot;:&quot;0&quot;,&quot;credit&quot;:&quot;&quot;,&quot;camera&quot;:&quot;&quot;,&quot;caption&quot;:&quot;&quot;,&quot;created_timestamp&quot;:&quot;0&quot;,&quot;copyright&quot;:&quot;&quot;,&quot;focal_length&quot;:&quot;0&quot;,&quot;iso&quot;:&quot;0&quot;,&quot;shutter_speed&quot;:&quot;0&quot;,&quot;title&quot;:&quot;&quot;,&quot;orientation&quot;:&quot;1&quot;}\" data-image-title=\"Kim-Kardashian-WSJ-Magazine-agrund-2\" data-image-description=\"\" data-image-caption=\"\" data-medium-file=\"https:\/\/i0.wp.com\/agrund.com\/wp-content\/uploads\/sites\/6\/2019\/07\/Kim-Kardashian-WSJ-Magazine-agrund-2.jpg?fit=300%2C200&amp;ssl=1\" data-large-file=\"https:\/\/i0.wp.com\/agrund.com\/wp-content\/uploads\/sites\/6\/2019\/07\/Kim-Kardashian-WSJ-Magazine-agrund-2.jpg?fit=600%2C400&amp;ssl=1\" decoding=\"async\" loading=\"lazy\" width=\"600\" height=\"400\" src=\"https:\/\/i0.wp.com\/www.agrund.com\/wp-content\/uploads\/sites\/6\/2019\/07\/Kim-Kardashian-WSJ-Magazine-agrund-2.jpg?resize=600%2C400&#038;ssl=1\" alt=\"\" class=\"wp-image-200097\" srcset=\"https:\/\/i0.wp.com\/agrund.com\/wp-content\/uploads\/sites\/6\/2019\/07\/Kim-Kardashian-WSJ-Magazine-agrund-2.jpg?w=600&amp;ssl=1 600w, https:\/\/i0.wp.com\/agrund.com\/wp-content\/uploads\/sites\/6\/2019\/07\/Kim-Kardashian-WSJ-Magazine-agrund-2.jpg?resize=300%2C200&amp;ssl=1 300w\" sizes=\"(max-width: 600px) 100vw, 600px\" data-recalc-dims=\"1\" \/><figcaption>Kim Kardashian para a &#8216;WSJ. Magazine&#8217;<\/figcaption><\/figure><\/div>\n\n\n\n<div class=\"wp-block-image\"><figure class=\"aligncenter\"><img data-attachment-id=\"200098\" data-permalink=\"https:\/\/agrund.com\/index.php\/kim-kardashian-para-a-wsj-magazine\/kim-kardashian-wsj-magazine-agrund-3\/\" data-orig-file=\"https:\/\/i0.wp.com\/agrund.com\/wp-content\/uploads\/sites\/6\/2019\/07\/Kim-Kardashian-WSJ-Magazine-agrund-3.jpg?fit=600%2C698&amp;ssl=1\" data-orig-size=\"600,698\" data-comments-opened=\"1\" data-image-meta=\"{&quot;aperture&quot;:&quot;0&quot;,&quot;credit&quot;:&quot;&quot;,&quot;camera&quot;:&quot;&quot;,&quot;caption&quot;:&quot;&quot;,&quot;created_timestamp&quot;:&quot;0&quot;,&quot;copyright&quot;:&quot;&quot;,&quot;focal_length&quot;:&quot;0&quot;,&quot;iso&quot;:&quot;0&quot;,&quot;shutter_speed&quot;:&quot;0&quot;,&quot;title&quot;:&quot;&quot;,&quot;orientation&quot;:&quot;1&quot;}\" data-image-title=\"Kim-Kardashian-WSJ-Magazine-agrund-3\" data-image-description=\"\" data-image-caption=\"\" data-medium-file=\"https:\/\/i0.wp.com\/agrund.com\/wp-content\/uploads\/sites\/6\/2019\/07\/Kim-Kardashian-WSJ-Magazine-agrund-3.jpg?fit=258%2C300&amp;ssl=1\" data-large-file=\"https:\/\/i0.wp.com\/agrund.com\/wp-content\/uploads\/sites\/6\/2019\/07\/Kim-Kardashian-WSJ-Magazine-agrund-3.jpg?fit=600%2C698&amp;ssl=1\" decoding=\"async\" loading=\"lazy\" width=\"600\" height=\"698\" src=\"https:\/\/i0.wp.com\/www.agrund.com\/wp-content\/uploads\/sites\/6\/2019\/07\/Kim-Kardashian-WSJ-Magazine-agrund-3.jpg?resize=600%2C698&#038;ssl=1\" alt=\"\" class=\"wp-image-200098\" srcset=\"https:\/\/i0.wp.com\/agrund.com\/wp-content\/uploads\/sites\/6\/2019\/07\/Kim-Kardashian-WSJ-Magazine-agrund-3.jpg?w=600&amp;ssl=1 600w, https:\/\/i0.wp.com\/agrund.com\/wp-content\/uploads\/sites\/6\/2019\/07\/Kim-Kardashian-WSJ-Magazine-agrund-3.jpg?resize=258%2C300&amp;ssl=1 258w\" sizes=\"(max-width: 600px) 100vw, 600px\" data-recalc-dims=\"1\" \/><figcaption>Kim Kardashian para a &#8216;WSJ. Magazine&#8217;<\/figcaption><\/figure><\/div>\n\n\n\n<div class=\"wp-block-image\"><figure class=\"aligncenter\"><img data-attachment-id=\"200099\" data-permalink=\"https:\/\/agrund.com\/index.php\/kim-kardashian-para-a-wsj-magazine\/kim-kardashian-wsj-magazine-agrund-4\/\" data-orig-file=\"https:\/\/i0.wp.com\/agrund.com\/wp-content\/uploads\/sites\/6\/2019\/07\/Kim-Kardashian-WSJ-Magazine-agrund-4.jpg?fit=600%2C698&amp;ssl=1\" data-orig-size=\"600,698\" data-comments-opened=\"1\" data-image-meta=\"{&quot;aperture&quot;:&quot;0&quot;,&quot;credit&quot;:&quot;&quot;,&quot;camera&quot;:&quot;&quot;,&quot;caption&quot;:&quot;&quot;,&quot;created_timestamp&quot;:&quot;0&quot;,&quot;copyright&quot;:&quot;&quot;,&quot;focal_length&quot;:&quot;0&quot;,&quot;iso&quot;:&quot;0&quot;,&quot;shutter_speed&quot;:&quot;0&quot;,&quot;title&quot;:&quot;&quot;,&quot;orientation&quot;:&quot;1&quot;}\" data-image-title=\"Kim-Kardashian-WSJ-Magazine-agrund-4\" data-image-description=\"\" data-image-caption=\"\" data-medium-file=\"https:\/\/i0.wp.com\/agrund.com\/wp-content\/uploads\/sites\/6\/2019\/07\/Kim-Kardashian-WSJ-Magazine-agrund-4.jpg?fit=258%2C300&amp;ssl=1\" data-large-file=\"https:\/\/i0.wp.com\/agrund.com\/wp-content\/uploads\/sites\/6\/2019\/07\/Kim-Kardashian-WSJ-Magazine-agrund-4.jpg?fit=600%2C698&amp;ssl=1\" decoding=\"async\" loading=\"lazy\" width=\"600\" height=\"698\" src=\"https:\/\/i0.wp.com\/www.agrund.com\/wp-content\/uploads\/sites\/6\/2019\/07\/Kim-Kardashian-WSJ-Magazine-agrund-4.jpg?resize=600%2C698&#038;ssl=1\" alt=\"\" class=\"wp-image-200099\" srcset=\"https:\/\/i0.wp.com\/agrund.com\/wp-content\/uploads\/sites\/6\/2019\/07\/Kim-Kardashian-WSJ-Magazine-agrund-4.jpg?w=600&amp;ssl=1 600w, https:\/\/i0.wp.com\/agrund.com\/wp-content\/uploads\/sites\/6\/2019\/07\/Kim-Kardashian-WSJ-Magazine-agrund-4.jpg?resize=258%2C300&amp;ssl=1 258w\" sizes=\"(max-width: 600px) 100vw, 600px\" data-recalc-dims=\"1\" \/><figcaption>Kim Kardashian para a &#8216;WSJ. Magazine&#8217;<\/figcaption><\/figure><\/div>\n\n\n\n<p>Fotos: Reprodu\u00e7\u00e3o. <\/p>\n","protected":false},"excerpt":{"rendered":"<p>A &#8216;WSJ. Magazine&#8217; acaba de revelar a capa de sua edi\u00e7\u00e3o digital de agosto 2019 estrelada por Kim Kardashian. Fotografada por Daniel Jackson, a empres\u00e1ria exibe um corte de cabelo long bob na altura do pesco\u00e7o e evidencia suas curvas em todos os cliques. Isso porque ela veste pe\u00e7as justas e os modeladores e suti\u00e3s [&hellip;]<\/p>\n","protected":false},"author":8,"featured_media":200100,"comment_status":"open","ping_status":"open","sticky":false,"template":"","format":"standard","meta":{"jetpack_post_was_ever_published":false,"_jetpack_newsletter_access":"","jetpack_publicize_message":"","jetpack_is_tweetstorm":false,"jetpack_publicize_feature_enabled":true,"jetpack_social_post_already_shared":true,"jetpack_social_options":{"image_generator_settings":{"template":"highway","enabled":false}}},"categories":[2],"tags":[395,375,498,347,496,494,493,67,495,497],"jetpack_publicize_connections":[],"jetpack_featured_media_url":"https:\/\/i0.wp.com\/agrund.com\/wp-content\/uploads\/sites\/6\/2019\/07\/s-77.jpg?fit=960%2C300&ssl=1","jetpack_sharing_enabled":true,"jetpack_shortlink":"https:\/\/wp.me\/p3Hz0n-Q3j","jetpack_likes_enabled":true,"_links":{"self":[{"href":"https:\/\/agrund.com\/index.php\/wp-json\/wp\/v2\/posts\/200093"}],"collection":[{"href":"https:\/\/agrund.com\/index.php\/wp-json\/wp\/v2\/posts"}],"about":[{"href":"https:\/\/agrund.com\/index.php\/wp-json\/wp\/v2\/types\/post"}],"author":[{"embeddable":true,"href":"https:\/\/agrund.com\/index.php\/wp-json\/wp\/v2\/users\/8"}],"replies":[{"embeddable":true,"href":"https:\/\/agrund.com\/index.php\/wp-json\/wp\/v2\/comments?post=200093"}],"version-history":[{"count":1,"href":"https:\/\/agrund.com\/index.php\/wp-json\/wp\/v2\/posts\/200093\/revisions"}],"predecessor-version":[{"id":200101,"href":"https:\/\/agrund.com\/index.php\/wp-json\/wp\/v2\/posts\/200093\/revisions\/200101"}],"wp:featuredmedia":[{"embeddable":true,"href":"https:\/\/agrund.com\/index.php\/wp-json\/wp\/v2\/media\/200100"}],"wp:attachment":[{"href":"https:\/\/agrund.com\/index.php\/wp-json\/wp\/v2\/media?parent=200093"}],"wp:term":[{"taxonomy":"category","embeddable":true,"href":"https:\/\/agrund.com\/index.php\/wp-json\/wp\/v2\/categories?post=200093"},{"taxonomy":"post_tag","embeddable":true,"href":"https:\/\/agrund.com\/index.php\/wp-json\/wp\/v2\/tags?post=200093"}],"curies":[{"name":"wp","href":"https:\/\/api.w.org\/{rel}","templated":true}]}}