{"id":200052,"date":"2019-07-23T11:00:12","date_gmt":"2019-07-23T14:00:12","guid":{"rendered":"https:\/\/www.agrund.com\/?p=200052"},"modified":"2019-07-23T12:01:50","modified_gmt":"2019-07-23T15:01:50","slug":"will-smith-estrela-campanha-da-moncler","status":"publish","type":"post","link":"https:\/\/agrund.com\/index.php\/will-smith-estrela-campanha-da-moncler\/","title":{"rendered":"Will Smith estrela campanha da Moncler"},"content":{"rendered":"\n<p>A Moncler nos surpreendeu ao convocar Will Smith para estrelar sua campanha outono\/inverno 2019.\u00a0<\/p>\n\n\n\n<p>Intitulado \u201cGenius is Born Crazy&#8221; (&#8220;G\u00eanios nascem loucos&#8221;, em portugu\u00eas), o primeiro fashion film divulgado mostra o ator flutuando em uma sala branca enquanto veste uma jaqueta puffer vermelha.\u00a0<\/p>\n\n\n\n<p>&#8220;Com esta campanha e um estudo visual da no\u00e7\u00e3o do que \u00e9 g\u00eanio, a Moncler apresenta uma mensagem aut\u00eantica e poderosa, capturando a vontade, a intelig\u00eancia e a singularidade de mentes verdadeiramente inventivas&#8221;, explicou a marca.\u00a0<\/p>\n\n\n\n<p>Esta \u00e9 a primeira vez que Will estrela uma campanha de moda e achamos que ele arrasou!<\/p>\n\n\n\n<div class=\"wp-block-image\"><figure class=\"aligncenter\"><img data-attachment-id=\"200053\" data-permalink=\"https:\/\/agrund.com\/index.php\/will-smith-estrela-campanha-da-moncler\/will-smith-2019-moncler-campaign-agrund\/\" data-orig-file=\"https:\/\/i0.wp.com\/agrund.com\/wp-content\/uploads\/sites\/6\/2019\/07\/Will-Smith-2019-Moncler-Campaign-agrund.jpg?fit=800%2C507&amp;ssl=1\" data-orig-size=\"800,507\" data-comments-opened=\"1\" data-image-meta=\"{&quot;aperture&quot;:&quot;9.5&quot;,&quot;credit&quot;:&quot;&quot;,&quot;camera&quot;:&quot;PENTAX 645Z&quot;,&quot;caption&quot;:&quot;&quot;,&quot;created_timestamp&quot;:&quot;1557082331&quot;,&quot;copyright&quot;:&quot;&quot;,&quot;focal_length&quot;:&quot;35&quot;,&quot;iso&quot;:&quot;400&quot;,&quot;shutter_speed&quot;:&quot;0.008&quot;,&quot;title&quot;:&quot;&quot;,&quot;orientation&quot;:&quot;1&quot;}\" data-image-title=\"Will-Smith-2019-Moncler-Campaign-agrund\" data-image-description=\"\" data-image-caption=\"\" data-medium-file=\"https:\/\/i0.wp.com\/agrund.com\/wp-content\/uploads\/sites\/6\/2019\/07\/Will-Smith-2019-Moncler-Campaign-agrund.jpg?fit=300%2C190&amp;ssl=1\" data-large-file=\"https:\/\/i0.wp.com\/agrund.com\/wp-content\/uploads\/sites\/6\/2019\/07\/Will-Smith-2019-Moncler-Campaign-agrund.jpg?fit=800%2C507&amp;ssl=1\" decoding=\"async\" loading=\"lazy\" width=\"800\" height=\"507\" src=\"https:\/\/i0.wp.com\/www.agrund.com\/wp-content\/uploads\/sites\/6\/2019\/07\/Will-Smith-2019-Moncler-Campaign-agrund.jpg?resize=800%2C507&#038;ssl=1\" alt=\"\" class=\"wp-image-200053\" srcset=\"https:\/\/i0.wp.com\/agrund.com\/wp-content\/uploads\/sites\/6\/2019\/07\/Will-Smith-2019-Moncler-Campaign-agrund.jpg?w=800&amp;ssl=1 800w, https:\/\/i0.wp.com\/agrund.com\/wp-content\/uploads\/sites\/6\/2019\/07\/Will-Smith-2019-Moncler-Campaign-agrund.jpg?resize=300%2C190&amp;ssl=1 300w\" sizes=\"(max-width: 800px) 100vw, 800px\" data-recalc-dims=\"1\" \/><figcaption>Will Smith estrela campanha da Moncler <\/figcaption><\/figure><\/div>\n\n\n\n<figure class=\"wp-block-embed-youtube aligncenter wp-block-embed is-type-video is-provider-youtube wp-embed-aspect-16-9 wp-has-aspect-ratio\"><div class=\"wp-block-embed__wrapper\">\n<span class=\"embed-youtube\" style=\"text-align:center; display: block;\"><iframe loading=\"lazy\" class=\"youtube-player\" width=\"640\" height=\"360\" src=\"https:\/\/www.youtube.com\/embed\/771bx96fBHA?version=3&#038;rel=1&#038;showsearch=0&#038;showinfo=1&#038;iv_load_policy=1&#038;fs=1&#038;hl=pt-BR&#038;autohide=2&#038;wmode=transparent\" allowfullscreen=\"true\" style=\"border:0;\" sandbox=\"allow-scripts allow-same-origin allow-popups allow-presentation\"><\/iframe><\/span>\n<\/div><\/figure>\n\n\n\n<p><\/p>\n\n\n\n<p>Foto e v\u00eddeo: Reprodu\u00e7\u00e3o. <\/p>\n","protected":false},"excerpt":{"rendered":"<p>A Moncler nos surpreendeu ao convocar Will Smith para estrelar sua campanha outono\/inverno 2019.\u00a0 Intitulado \u201cGenius is Born Crazy&#8221; (&#8220;G\u00eanios nascem loucos&#8221;, em portugu\u00eas), o primeiro fashion film divulgado mostra o ator flutuando em uma sala branca enquanto veste uma jaqueta puffer vermelha.\u00a0 &#8220;Com esta campanha e um estudo visual da no\u00e7\u00e3o do que \u00e9 [&hellip;]<\/p>\n","protected":false},"author":8,"featured_media":200054,"comment_status":"open","ping_status":"open","sticky":false,"template":"","format":"standard","meta":{"jetpack_post_was_ever_published":false,"_jetpack_newsletter_access":"","jetpack_publicize_message":"","jetpack_is_tweetstorm":false,"jetpack_publicize_feature_enabled":true,"jetpack_social_post_already_shared":true,"jetpack_social_options":{"image_generator_settings":{"template":"highway","enabled":false}}},"categories":[2],"tags":[395,375,445,390,347,67,491,492],"jetpack_publicize_connections":[],"jetpack_featured_media_url":"https:\/\/i0.wp.com\/agrund.com\/wp-content\/uploads\/sites\/6\/2019\/07\/s-71.jpg?fit=960%2C300&ssl=1","jetpack_sharing_enabled":true,"jetpack_shortlink":"https:\/\/wp.me\/p3Hz0n-Q2E","jetpack_likes_enabled":true,"_links":{"self":[{"href":"https:\/\/agrund.com\/index.php\/wp-json\/wp\/v2\/posts\/200052"}],"collection":[{"href":"https:\/\/agrund.com\/index.php\/wp-json\/wp\/v2\/posts"}],"about":[{"href":"https:\/\/agrund.com\/index.php\/wp-json\/wp\/v2\/types\/post"}],"author":[{"embeddable":true,"href":"https:\/\/agrund.com\/index.php\/wp-json\/wp\/v2\/users\/8"}],"replies":[{"embeddable":true,"href":"https:\/\/agrund.com\/index.php\/wp-json\/wp\/v2\/comments?post=200052"}],"version-history":[{"count":1,"href":"https:\/\/agrund.com\/index.php\/wp-json\/wp\/v2\/posts\/200052\/revisions"}],"predecessor-version":[{"id":200055,"href":"https:\/\/agrund.com\/index.php\/wp-json\/wp\/v2\/posts\/200052\/revisions\/200055"}],"wp:featuredmedia":[{"embeddable":true,"href":"https:\/\/agrund.com\/index.php\/wp-json\/wp\/v2\/media\/200054"}],"wp:attachment":[{"href":"https:\/\/agrund.com\/index.php\/wp-json\/wp\/v2\/media?parent=200052"}],"wp:term":[{"taxonomy":"category","embeddable":true,"href":"https:\/\/agrund.com\/index.php\/wp-json\/wp\/v2\/categories?post=200052"},{"taxonomy":"post_tag","embeddable":true,"href":"https:\/\/agrund.com\/index.php\/wp-json\/wp\/v2\/tags?post=200052"}],"curies":[{"name":"wp","href":"https:\/\/api.w.org\/{rel}","templated":true}]}}