{"id":200027,"date":"2019-07-22T17:00:34","date_gmt":"2019-07-22T20:00:34","guid":{"rendered":"https:\/\/www.agrund.com\/?p=200027"},"modified":"2019-07-22T17:12:01","modified_gmt":"2019-07-22T20:12:01","slug":"elsa-hosk-assina-colecao-de-roupas","status":"publish","type":"post","link":"https:\/\/agrund.com\/index.php\/elsa-hosk-assina-colecao-de-roupas\/","title":{"rendered":"Elsa Hosk assina cole\u00e7\u00e3o de roupas"},"content":{"rendered":"\n<p>Elsa Hosk tem um estilo que serve de inspira\u00e7\u00e3o para muitas mulheres do mundo e agora ela decidiu transform\u00e1-lo em uma cole\u00e7\u00e3o de roupas.<\/p>\n\n\n\n<p>Em parceria com a J.Brand, a modelo foi al\u00e9m das passarelas e se aventurou como estilista da nova linha #LittleJeans, composta por um blazer de couro e cinco modelos de cal\u00e7a jeans, incluindo skinny e outros inspirados nos anos 70 e 80. B\u00e1sicos incr\u00edveis!\u00a0<\/p>\n\n\n\n<p>O mais bacana \u00e9 que a marca encontrou uma forma mais sustent\u00e1vel de produzir as pe\u00e7as, reduzindo em 90% a \u00e1gua usada durante o processo de lavagem ao substituir as pedras-pome por pedras artificiais.\u00a0<\/p>\n\n\n\n<p>A cole\u00e7\u00e3o j\u00e1 est\u00e1 \u00e0 venda e conta com pre\u00e7os que variam entre US$ 248 e US$ 1.298 (entre R$ 930 e R$ 4,8 mil). Veja a campanha na galeria abaixo:\u00a0<\/p>\n\n\n\n<div class=\"wp-block-image\"><figure class=\"aligncenter\"><img data-attachment-id=\"200028\" data-permalink=\"https:\/\/agrund.com\/index.php\/elsa-hosk-assina-colecao-de-roupas\/agrund-elsa-hosk-j-brand\/\" data-orig-file=\"https:\/\/i0.wp.com\/agrund.com\/wp-content\/uploads\/sites\/6\/2019\/07\/agrund-elsa-hosk-j-brand.jpg?fit=600%2C868&amp;ssl=1\" data-orig-size=\"600,868\" data-comments-opened=\"1\" data-image-meta=\"{&quot;aperture&quot;:&quot;0&quot;,&quot;credit&quot;:&quot;&quot;,&quot;camera&quot;:&quot;&quot;,&quot;caption&quot;:&quot;&quot;,&quot;created_timestamp&quot;:&quot;0&quot;,&quot;copyright&quot;:&quot;&quot;,&quot;focal_length&quot;:&quot;0&quot;,&quot;iso&quot;:&quot;0&quot;,&quot;shutter_speed&quot;:&quot;0&quot;,&quot;title&quot;:&quot;&quot;,&quot;orientation&quot;:&quot;1&quot;}\" data-image-title=\"agrund-elsa-hosk-j-brand\" data-image-description=\"\" data-image-caption=\"\" data-medium-file=\"https:\/\/i0.wp.com\/agrund.com\/wp-content\/uploads\/sites\/6\/2019\/07\/agrund-elsa-hosk-j-brand.jpg?fit=207%2C300&amp;ssl=1\" data-large-file=\"https:\/\/i0.wp.com\/agrund.com\/wp-content\/uploads\/sites\/6\/2019\/07\/agrund-elsa-hosk-j-brand.jpg?fit=600%2C868&amp;ssl=1\" decoding=\"async\" loading=\"lazy\" width=\"600\" height=\"868\" src=\"https:\/\/i0.wp.com\/www.agrund.com\/wp-content\/uploads\/sites\/6\/2019\/07\/agrund-elsa-hosk-j-brand.jpg?resize=600%2C868&#038;ssl=1\" alt=\"\" class=\"wp-image-200028\" srcset=\"https:\/\/i0.wp.com\/agrund.com\/wp-content\/uploads\/sites\/6\/2019\/07\/agrund-elsa-hosk-j-brand.jpg?w=600&amp;ssl=1 600w, https:\/\/i0.wp.com\/agrund.com\/wp-content\/uploads\/sites\/6\/2019\/07\/agrund-elsa-hosk-j-brand.jpg?resize=207%2C300&amp;ssl=1 207w\" sizes=\"(max-width: 600px) 100vw, 600px\" data-recalc-dims=\"1\" \/><figcaption>Elsa Hosk assina cole\u00e7\u00e3o de roupas<\/figcaption><\/figure><\/div>\n\n\n\n<div class=\"wp-block-image\"><figure class=\"aligncenter\"><img data-attachment-id=\"200029\" data-permalink=\"https:\/\/agrund.com\/index.php\/elsa-hosk-assina-colecao-de-roupas\/agrund-elsa-hosk-j-brand-2\/\" data-orig-file=\"https:\/\/i0.wp.com\/agrund.com\/wp-content\/uploads\/sites\/6\/2019\/07\/agrund-elsa-hosk-j-brand-2.jpg?fit=600%2C868&amp;ssl=1\" data-orig-size=\"600,868\" data-comments-opened=\"1\" data-image-meta=\"{&quot;aperture&quot;:&quot;0&quot;,&quot;credit&quot;:&quot;&quot;,&quot;camera&quot;:&quot;&quot;,&quot;caption&quot;:&quot;&quot;,&quot;created_timestamp&quot;:&quot;0&quot;,&quot;copyright&quot;:&quot;&quot;,&quot;focal_length&quot;:&quot;0&quot;,&quot;iso&quot;:&quot;0&quot;,&quot;shutter_speed&quot;:&quot;0&quot;,&quot;title&quot;:&quot;&quot;,&quot;orientation&quot;:&quot;1&quot;}\" data-image-title=\"agrund-elsa-hosk-j-brand-2\" data-image-description=\"\" data-image-caption=\"\" data-medium-file=\"https:\/\/i0.wp.com\/agrund.com\/wp-content\/uploads\/sites\/6\/2019\/07\/agrund-elsa-hosk-j-brand-2.jpg?fit=207%2C300&amp;ssl=1\" data-large-file=\"https:\/\/i0.wp.com\/agrund.com\/wp-content\/uploads\/sites\/6\/2019\/07\/agrund-elsa-hosk-j-brand-2.jpg?fit=600%2C868&amp;ssl=1\" decoding=\"async\" loading=\"lazy\" width=\"600\" height=\"868\" src=\"https:\/\/i0.wp.com\/www.agrund.com\/wp-content\/uploads\/sites\/6\/2019\/07\/agrund-elsa-hosk-j-brand-2.jpg?resize=600%2C868&#038;ssl=1\" alt=\"\" class=\"wp-image-200029\" srcset=\"https:\/\/i0.wp.com\/agrund.com\/wp-content\/uploads\/sites\/6\/2019\/07\/agrund-elsa-hosk-j-brand-2.jpg?w=600&amp;ssl=1 600w, https:\/\/i0.wp.com\/agrund.com\/wp-content\/uploads\/sites\/6\/2019\/07\/agrund-elsa-hosk-j-brand-2.jpg?resize=207%2C300&amp;ssl=1 207w\" sizes=\"(max-width: 600px) 100vw, 600px\" data-recalc-dims=\"1\" \/><figcaption>Elsa Hosk assina cole\u00e7\u00e3o de roupas<\/figcaption><\/figure><\/div>\n\n\n\n<div class=\"wp-block-image\"><figure class=\"aligncenter\"><img data-attachment-id=\"200030\" data-permalink=\"https:\/\/agrund.com\/index.php\/elsa-hosk-assina-colecao-de-roupas\/agrund-elsa-hosk-j-brand-6\/\" data-orig-file=\"https:\/\/i0.wp.com\/agrund.com\/wp-content\/uploads\/sites\/6\/2019\/07\/agrund-elsa-hosk-j-brand-6.jpg?fit=600%2C900&amp;ssl=1\" data-orig-size=\"600,900\" data-comments-opened=\"1\" data-image-meta=\"{&quot;aperture&quot;:&quot;0&quot;,&quot;credit&quot;:&quot;&quot;,&quot;camera&quot;:&quot;&quot;,&quot;caption&quot;:&quot;&quot;,&quot;created_timestamp&quot;:&quot;0&quot;,&quot;copyright&quot;:&quot;&quot;,&quot;focal_length&quot;:&quot;0&quot;,&quot;iso&quot;:&quot;0&quot;,&quot;shutter_speed&quot;:&quot;0&quot;,&quot;title&quot;:&quot;&quot;,&quot;orientation&quot;:&quot;1&quot;}\" data-image-title=\"agrund-elsa-hosk-j-brand-6\" data-image-description=\"\" data-image-caption=\"\" data-medium-file=\"https:\/\/i0.wp.com\/agrund.com\/wp-content\/uploads\/sites\/6\/2019\/07\/agrund-elsa-hosk-j-brand-6.jpg?fit=200%2C300&amp;ssl=1\" data-large-file=\"https:\/\/i0.wp.com\/agrund.com\/wp-content\/uploads\/sites\/6\/2019\/07\/agrund-elsa-hosk-j-brand-6.jpg?fit=600%2C900&amp;ssl=1\" decoding=\"async\" loading=\"lazy\" width=\"600\" height=\"900\" src=\"https:\/\/i0.wp.com\/www.agrund.com\/wp-content\/uploads\/sites\/6\/2019\/07\/agrund-elsa-hosk-j-brand-6.jpg?resize=600%2C900&#038;ssl=1\" alt=\"\" class=\"wp-image-200030\" srcset=\"https:\/\/i0.wp.com\/agrund.com\/wp-content\/uploads\/sites\/6\/2019\/07\/agrund-elsa-hosk-j-brand-6.jpg?w=600&amp;ssl=1 600w, https:\/\/i0.wp.com\/agrund.com\/wp-content\/uploads\/sites\/6\/2019\/07\/agrund-elsa-hosk-j-brand-6.jpg?resize=200%2C300&amp;ssl=1 200w\" sizes=\"(max-width: 600px) 100vw, 600px\" data-recalc-dims=\"1\" \/><figcaption>Elsa Hosk assina cole\u00e7\u00e3o de roupas<\/figcaption><\/figure><\/div>\n\n\n\n<div class=\"wp-block-image\"><figure class=\"aligncenter\"><img data-attachment-id=\"200031\" data-permalink=\"https:\/\/agrund.com\/index.php\/elsa-hosk-assina-colecao-de-roupas\/agrund-elsa-hosk-j-brand-5\/\" data-orig-file=\"https:\/\/i0.wp.com\/agrund.com\/wp-content\/uploads\/sites\/6\/2019\/07\/agrund-elsa-hosk-j-brand-5.jpg?fit=600%2C900&amp;ssl=1\" data-orig-size=\"600,900\" data-comments-opened=\"1\" data-image-meta=\"{&quot;aperture&quot;:&quot;0&quot;,&quot;credit&quot;:&quot;&quot;,&quot;camera&quot;:&quot;&quot;,&quot;caption&quot;:&quot;&quot;,&quot;created_timestamp&quot;:&quot;0&quot;,&quot;copyright&quot;:&quot;&quot;,&quot;focal_length&quot;:&quot;0&quot;,&quot;iso&quot;:&quot;0&quot;,&quot;shutter_speed&quot;:&quot;0&quot;,&quot;title&quot;:&quot;&quot;,&quot;orientation&quot;:&quot;1&quot;}\" data-image-title=\"agrund-elsa-hosk-j-brand-5\" data-image-description=\"\" data-image-caption=\"\" data-medium-file=\"https:\/\/i0.wp.com\/agrund.com\/wp-content\/uploads\/sites\/6\/2019\/07\/agrund-elsa-hosk-j-brand-5.jpg?fit=200%2C300&amp;ssl=1\" data-large-file=\"https:\/\/i0.wp.com\/agrund.com\/wp-content\/uploads\/sites\/6\/2019\/07\/agrund-elsa-hosk-j-brand-5.jpg?fit=600%2C900&amp;ssl=1\" decoding=\"async\" loading=\"lazy\" width=\"600\" height=\"900\" src=\"https:\/\/i0.wp.com\/www.agrund.com\/wp-content\/uploads\/sites\/6\/2019\/07\/agrund-elsa-hosk-j-brand-5.jpg?resize=600%2C900&#038;ssl=1\" alt=\"\" class=\"wp-image-200031\" srcset=\"https:\/\/i0.wp.com\/agrund.com\/wp-content\/uploads\/sites\/6\/2019\/07\/agrund-elsa-hosk-j-brand-5.jpg?w=600&amp;ssl=1 600w, https:\/\/i0.wp.com\/agrund.com\/wp-content\/uploads\/sites\/6\/2019\/07\/agrund-elsa-hosk-j-brand-5.jpg?resize=200%2C300&amp;ssl=1 200w\" sizes=\"(max-width: 600px) 100vw, 600px\" data-recalc-dims=\"1\" \/><figcaption>Elsa Hosk assina cole\u00e7\u00e3o de roupas<\/figcaption><\/figure><\/div>\n\n\n\n<div class=\"wp-block-image\"><figure class=\"aligncenter\"><img data-attachment-id=\"200032\" data-permalink=\"https:\/\/agrund.com\/index.php\/elsa-hosk-assina-colecao-de-roupas\/agrund-elsa-hosk-j-brand-4\/\" data-orig-file=\"https:\/\/i0.wp.com\/agrund.com\/wp-content\/uploads\/sites\/6\/2019\/07\/agrund-elsa-hosk-j-brand-4.jpg?fit=600%2C600&amp;ssl=1\" data-orig-size=\"600,600\" data-comments-opened=\"1\" data-image-meta=\"{&quot;aperture&quot;:&quot;0&quot;,&quot;credit&quot;:&quot;&quot;,&quot;camera&quot;:&quot;&quot;,&quot;caption&quot;:&quot;&quot;,&quot;created_timestamp&quot;:&quot;0&quot;,&quot;copyright&quot;:&quot;&quot;,&quot;focal_length&quot;:&quot;0&quot;,&quot;iso&quot;:&quot;0&quot;,&quot;shutter_speed&quot;:&quot;0&quot;,&quot;title&quot;:&quot;&quot;,&quot;orientation&quot;:&quot;1&quot;}\" data-image-title=\"agrund-elsa-hosk-j-brand-4\" data-image-description=\"\" data-image-caption=\"\" data-medium-file=\"https:\/\/i0.wp.com\/agrund.com\/wp-content\/uploads\/sites\/6\/2019\/07\/agrund-elsa-hosk-j-brand-4.jpg?fit=300%2C300&amp;ssl=1\" data-large-file=\"https:\/\/i0.wp.com\/agrund.com\/wp-content\/uploads\/sites\/6\/2019\/07\/agrund-elsa-hosk-j-brand-4.jpg?fit=600%2C600&amp;ssl=1\" decoding=\"async\" loading=\"lazy\" width=\"600\" height=\"600\" src=\"https:\/\/i0.wp.com\/www.agrund.com\/wp-content\/uploads\/sites\/6\/2019\/07\/agrund-elsa-hosk-j-brand-4.jpg?resize=600%2C600&#038;ssl=1\" alt=\"\" class=\"wp-image-200032\" srcset=\"https:\/\/i0.wp.com\/agrund.com\/wp-content\/uploads\/sites\/6\/2019\/07\/agrund-elsa-hosk-j-brand-4.jpg?w=600&amp;ssl=1 600w, https:\/\/i0.wp.com\/agrund.com\/wp-content\/uploads\/sites\/6\/2019\/07\/agrund-elsa-hosk-j-brand-4.jpg?resize=150%2C150&amp;ssl=1 150w, https:\/\/i0.wp.com\/agrund.com\/wp-content\/uploads\/sites\/6\/2019\/07\/agrund-elsa-hosk-j-brand-4.jpg?resize=300%2C300&amp;ssl=1 300w\" sizes=\"(max-width: 600px) 100vw, 600px\" data-recalc-dims=\"1\" \/><figcaption>Elsa Hosk assina cole\u00e7\u00e3o de roupas<\/figcaption><\/figure><\/div>\n\n\n\n<div class=\"wp-block-image\"><figure class=\"aligncenter\"><img data-attachment-id=\"200033\" data-permalink=\"https:\/\/agrund.com\/index.php\/elsa-hosk-assina-colecao-de-roupas\/agrund-elsa-hosk-j-brand-3\/\" data-orig-file=\"https:\/\/i0.wp.com\/agrund.com\/wp-content\/uploads\/sites\/6\/2019\/07\/agrund-elsa-hosk-j-brand-3.jpg?fit=600%2C868&amp;ssl=1\" data-orig-size=\"600,868\" data-comments-opened=\"1\" data-image-meta=\"{&quot;aperture&quot;:&quot;0&quot;,&quot;credit&quot;:&quot;&quot;,&quot;camera&quot;:&quot;&quot;,&quot;caption&quot;:&quot;&quot;,&quot;created_timestamp&quot;:&quot;0&quot;,&quot;copyright&quot;:&quot;&quot;,&quot;focal_length&quot;:&quot;0&quot;,&quot;iso&quot;:&quot;0&quot;,&quot;shutter_speed&quot;:&quot;0&quot;,&quot;title&quot;:&quot;&quot;,&quot;orientation&quot;:&quot;1&quot;}\" data-image-title=\"agrund-elsa-hosk-j-brand-3\" data-image-description=\"\" data-image-caption=\"\" data-medium-file=\"https:\/\/i0.wp.com\/agrund.com\/wp-content\/uploads\/sites\/6\/2019\/07\/agrund-elsa-hosk-j-brand-3.jpg?fit=207%2C300&amp;ssl=1\" data-large-file=\"https:\/\/i0.wp.com\/agrund.com\/wp-content\/uploads\/sites\/6\/2019\/07\/agrund-elsa-hosk-j-brand-3.jpg?fit=600%2C868&amp;ssl=1\" decoding=\"async\" loading=\"lazy\" width=\"600\" height=\"868\" src=\"https:\/\/i0.wp.com\/www.agrund.com\/wp-content\/uploads\/sites\/6\/2019\/07\/agrund-elsa-hosk-j-brand-3.jpg?resize=600%2C868&#038;ssl=1\" alt=\"\" class=\"wp-image-200033\" srcset=\"https:\/\/i0.wp.com\/agrund.com\/wp-content\/uploads\/sites\/6\/2019\/07\/agrund-elsa-hosk-j-brand-3.jpg?w=600&amp;ssl=1 600w, https:\/\/i0.wp.com\/agrund.com\/wp-content\/uploads\/sites\/6\/2019\/07\/agrund-elsa-hosk-j-brand-3.jpg?resize=207%2C300&amp;ssl=1 207w\" sizes=\"(max-width: 600px) 100vw, 600px\" data-recalc-dims=\"1\" \/><figcaption>Elsa Hosk assina cole\u00e7\u00e3o de roupas<\/figcaption><\/figure><\/div>\n\n\n\n<p><\/p>\n\n\n\n<p>Fotos: Reprodu\u00e7\u00e3o\/ J.Brand. <\/p>\n","protected":false},"excerpt":{"rendered":"<p>Elsa Hosk tem um estilo que serve de inspira\u00e7\u00e3o para muitas mulheres do mundo e agora ela decidiu transform\u00e1-lo em uma cole\u00e7\u00e3o de roupas. Em parceria com a J.Brand, a modelo foi al\u00e9m das passarelas e se aventurou como estilista da nova linha #LittleJeans, composta por um blazer de couro e cinco modelos de cal\u00e7a [&hellip;]<\/p>\n","protected":false},"author":8,"featured_media":200034,"comment_status":"open","ping_status":"open","sticky":false,"template":"","format":"standard","meta":{"jetpack_post_was_ever_published":false,"_jetpack_newsletter_access":"","jetpack_publicize_message":"","jetpack_is_tweetstorm":false,"jetpack_publicize_feature_enabled":true,"jetpack_social_post_already_shared":true,"jetpack_social_options":{"image_generator_settings":{"template":"highway","enabled":false}}},"categories":[2],"tags":[395,375,364,484,347,485,67,365],"jetpack_publicize_connections":[],"jetpack_featured_media_url":"https:\/\/i0.wp.com\/agrund.com\/wp-content\/uploads\/sites\/6\/2019\/07\/s-69.jpg?fit=960%2C300&ssl=1","jetpack_sharing_enabled":true,"jetpack_shortlink":"https:\/\/wp.me\/p3Hz0n-Q2f","jetpack_likes_enabled":true,"_links":{"self":[{"href":"https:\/\/agrund.com\/index.php\/wp-json\/wp\/v2\/posts\/200027"}],"collection":[{"href":"https:\/\/agrund.com\/index.php\/wp-json\/wp\/v2\/posts"}],"about":[{"href":"https:\/\/agrund.com\/index.php\/wp-json\/wp\/v2\/types\/post"}],"author":[{"embeddable":true,"href":"https:\/\/agrund.com\/index.php\/wp-json\/wp\/v2\/users\/8"}],"replies":[{"embeddable":true,"href":"https:\/\/agrund.com\/index.php\/wp-json\/wp\/v2\/comments?post=200027"}],"version-history":[{"count":1,"href":"https:\/\/agrund.com\/index.php\/wp-json\/wp\/v2\/posts\/200027\/revisions"}],"predecessor-version":[{"id":200035,"href":"https:\/\/agrund.com\/index.php\/wp-json\/wp\/v2\/posts\/200027\/revisions\/200035"}],"wp:featuredmedia":[{"embeddable":true,"href":"https:\/\/agrund.com\/index.php\/wp-json\/wp\/v2\/media\/200034"}],"wp:attachment":[{"href":"https:\/\/agrund.com\/index.php\/wp-json\/wp\/v2\/media?parent=200027"}],"wp:term":[{"taxonomy":"category","embeddable":true,"href":"https:\/\/agrund.com\/index.php\/wp-json\/wp\/v2\/categories?post=200027"},{"taxonomy":"post_tag","embeddable":true,"href":"https:\/\/agrund.com\/index.php\/wp-json\/wp\/v2\/tags?post=200027"}],"curies":[{"name":"wp","href":"https:\/\/api.w.org\/{rel}","templated":true}]}}