{"id":19926,"date":"2011-11-24T11:40:15","date_gmt":"2011-11-24T13:40:15","guid":{"rendered":"http:\/\/www.agrund.com\/blogs\/notas\/?p=19926"},"modified":"2011-11-24T11:40:15","modified_gmt":"2011-11-24T13:40:15","slug":"line-up-da-casa-de-criadores","status":"publish","type":"post","link":"https:\/\/agrund.com\/index.php\/line-up-da-casa-de-criadores\/","title":{"rendered":"Line Up da Casa de Criadores"},"content":{"rendered":"<p>Acontece entre os dias 12 a 14 de dezembro a 30\u00aa edi\u00e7\u00e3o da Casa de Criadores inverno 2012.\u00a0Esse ano com a participa\u00e7\u00e3o de Fernando Pires e o retorno do mineiro Ronaldo Silvestre. Veja a programa\u00e7\u00e3o.<\/p>\n<p style=\"text-align: center\"><img decoding=\"async\" loading=\"lazy\" class=\"aligncenter size-full wp-image-19927\" src=\"\/wp-content\/uploads\/2011\/11\/folder_casa_dos_criadores.jpg\" alt=\"\" width=\"486\" height=\"315\" \/><\/p>\n<p style=\"text-align: right\">Imagem: \u00a0Reprodu\u00e7\u00e3o<\/p>\n<p style=\"text-align: left\"><span style=\"text-decoration: underline\">Casa de Criadores<\/span><\/p>\n<div><strong>12\/12 (segunda-feira)<\/strong><\/div>\n<p><em>Projeto Lab<\/em><br \/>\nFernando Cozendey<br \/>\nLuiz Leite<br \/>\nGabriela Sakate<\/p>\n<p><em>Participa\u00e7\u00e3o especial<\/em><br \/>\nFernando Pires<\/p>\n<p><em>Casa de Criadores<\/em><br \/>\nAle Brito<br \/>\nJuss<br \/>\nRonaldo Silvestre<br \/>\nMark Greiner<br \/>\nWal\u00e9rio Ara\u00fajo<\/p>\n<p><strong>13\/12 (ter\u00e7a-feira)<\/strong><\/p>\n<p><em>Projeto Lab<\/em><br \/>\nJonathan Gurgel<br \/>\nSpirodiro<br \/>\nJuliana Moriya<br \/>\nO.s\u00f3rio<\/p>\n<p><em>Casa de Criadores<\/em><br \/>\nKarin Feller<br \/>\nWeider Silveiro<br \/>\nTop Hat<br \/>\nDanilo Costa<br \/>\nDer Metropol<\/p>\n<p><strong>14\/12 (quarta-feira)<\/strong><\/p>\n<p><em>Concurso Ponto Zero<\/em><br \/>\nAnhembi-Morumbi: Isadora Zendron e Lucas Devitte<br \/>\nBelas Artes: Isaac Lopes e Andr\u00e9a Lopes<br \/>\nBrasil Fashion Designers: Domitila de Paulo<br \/>\nSanta Marcelina: Mauro Camargo<br \/>\nSenac: Daniela Passos de Souza<br \/>\nUSP: Karenn de Souza Lemos, Julie Serafim Santos e Tamires Borges da Silva<\/p>\n","protected":false},"excerpt":{"rendered":"<p>Acontece entre os dias 12 a 14 de dezembro a 30\u00aa edi\u00e7\u00e3o da Casa de Criadores inverno 2012.\u00a0Esse ano com a participa\u00e7\u00e3o de Fernando Pires e o retorno do mineiro Ronaldo Silvestre. Veja a programa\u00e7\u00e3o. Imagem: \u00a0Reprodu\u00e7\u00e3o Casa de Criadores 12\/12 (segunda-feira) Projeto Lab Fernando Cozendey Luiz Leite Gabriela Sakate Participa\u00e7\u00e3o especial Fernando Pires Casa [&hellip;]<\/p>\n","protected":false},"author":8,"featured_media":19927,"comment_status":"open","ping_status":"open","sticky":false,"template":"","format":"standard","meta":{"jetpack_post_was_ever_published":false,"_jetpack_newsletter_access":"","jetpack_publicize_message":"","jetpack_is_tweetstorm":false,"jetpack_publicize_feature_enabled":true,"jetpack_social_post_already_shared":false,"jetpack_social_options":{"image_generator_settings":{"template":"highway","enabled":false}}},"categories":[2],"tags":[],"jetpack_publicize_connections":[],"jetpack_featured_media_url":"","jetpack_sharing_enabled":true,"jetpack_shortlink":"https:\/\/wp.me\/p3Hz0n-5bo","jetpack_likes_enabled":true,"_links":{"self":[{"href":"https:\/\/agrund.com\/index.php\/wp-json\/wp\/v2\/posts\/19926"}],"collection":[{"href":"https:\/\/agrund.com\/index.php\/wp-json\/wp\/v2\/posts"}],"about":[{"href":"https:\/\/agrund.com\/index.php\/wp-json\/wp\/v2\/types\/post"}],"author":[{"embeddable":true,"href":"https:\/\/agrund.com\/index.php\/wp-json\/wp\/v2\/users\/8"}],"replies":[{"embeddable":true,"href":"https:\/\/agrund.com\/index.php\/wp-json\/wp\/v2\/comments?post=19926"}],"version-history":[{"count":0,"href":"https:\/\/agrund.com\/index.php\/wp-json\/wp\/v2\/posts\/19926\/revisions"}],"wp:featuredmedia":[{"embeddable":true,"href":"https:\/\/agrund.com\/index.php\/wp-json\/"}],"wp:attachment":[{"href":"https:\/\/agrund.com\/index.php\/wp-json\/wp\/v2\/media?parent=19926"}],"wp:term":[{"taxonomy":"category","embeddable":true,"href":"https:\/\/agrund.com\/index.php\/wp-json\/wp\/v2\/categories?post=19926"},{"taxonomy":"post_tag","embeddable":true,"href":"https:\/\/agrund.com\/index.php\/wp-json\/wp\/v2\/tags?post=19926"}],"curies":[{"name":"wp","href":"https:\/\/api.w.org\/{rel}","templated":true}]}}