{"id":19867,"date":"2011-11-23T15:23:49","date_gmt":"2011-11-23T17:23:49","guid":{"rendered":"http:\/\/www.agrund.com\/blogs\/notas\/?p=19867"},"modified":"2011-11-23T15:23:49","modified_gmt":"2011-11-23T17:23:49","slug":"festa-mtv","status":"publish","type":"post","link":"https:\/\/agrund.com\/index.php\/festa-mtv\/","title":{"rendered":"Festa MTV"},"content":{"rendered":"<p>Aconteceu ontem na casa de shows Via Marques a festa internacional da MTV Push e ck one, que contou com a presen\u00e7a da cantora americana e rosto da marca Sky Ferreira. A badalada festa contou tamb\u00e9m com a banda Copacabana Club e Kevin Carrigan , diretor criativo da Calvin Klein. Veja que mais esteve por l\u00e1!<\/p>\n<p><img decoding=\"async\" loading=\"lazy\" class=\"aligncenter size-full wp-image-19868\" src=\"\/wp-content\/uploads\/2011\/11\/145256_209045_banda_fake_number_andre_matera_pinguin_marcus_electra__2__web_.jpg\" alt=\"\" width=\"370\" height=\"245\" \/><\/p>\n<p><img decoding=\"async\" loading=\"lazy\" class=\"aligncenter size-full wp-image-19869\" src=\"\/wp-content\/uploads\/2011\/11\/145256_209050_chuck_hipolito_web_.jpg\" alt=\"\" width=\"370\" height=\"245\" \/><\/p>\n<p><img decoding=\"async\" loading=\"lazy\" class=\"aligncenter size-full wp-image-19870\" src=\"\/wp-content\/uploads\/2011\/11\/145256_209055_gaia_passarelli_didi_web_.jpg\" alt=\"\" width=\"370\" height=\"245\" \/><\/p>\n<p><img decoding=\"async\" loading=\"lazy\" class=\"aligncenter size-full wp-image-19871\" src=\"\/wp-content\/uploads\/2011\/11\/145256_209060_manu_gavasi__2__web_.jpg\" alt=\"\" width=\"370\" height=\"245\" \/><\/p>\n<p><img decoding=\"async\" loading=\"lazy\" class=\"aligncenter size-full wp-image-19872\" src=\"\/wp-content\/uploads\/2011\/11\/145256_209044_angelica_mantuan_davis_pimentel_web_.jpg\" alt=\"\" width=\"370\" height=\"245\" \/><\/p>\n<p><img decoding=\"async\" loading=\"lazy\" class=\"aligncenter size-full wp-image-19873\" src=\"\/wp-content\/uploads\/2011\/11\/145256_209051_daniel_carvalho_web_.jpg\" alt=\"\" width=\"370\" height=\"246\" \/><\/p>\n<p>FOTOS POR:\u00a0CAU\u00ca MORENO E GUSTAVO SCATENA<\/p>\n","protected":false},"excerpt":{"rendered":"<p>Aconteceu ontem na casa de shows Via Marques a festa internacional da MTV Push e ck one, que contou com a presen\u00e7a da cantora americana e rosto da marca Sky Ferreira. A badalada festa contou tamb\u00e9m com a banda Copacabana Club e Kevin Carrigan , diretor criativo da Calvin Klein. Veja que mais esteve por [&hellip;]<\/p>\n","protected":false},"author":8,"featured_media":19873,"comment_status":"open","ping_status":"open","sticky":false,"template":"","format":"standard","meta":{"jetpack_post_was_ever_published":false,"_jetpack_newsletter_access":"","jetpack_publicize_message":"","jetpack_is_tweetstorm":false,"jetpack_publicize_feature_enabled":true,"jetpack_social_post_already_shared":false,"jetpack_social_options":{"image_generator_settings":{"template":"highway","enabled":false}}},"categories":[2],"tags":[],"jetpack_publicize_connections":[],"jetpack_featured_media_url":"","jetpack_sharing_enabled":true,"jetpack_shortlink":"https:\/\/wp.me\/p3Hz0n-5ar","jetpack_likes_enabled":true,"_links":{"self":[{"href":"https:\/\/agrund.com\/index.php\/wp-json\/wp\/v2\/posts\/19867"}],"collection":[{"href":"https:\/\/agrund.com\/index.php\/wp-json\/wp\/v2\/posts"}],"about":[{"href":"https:\/\/agrund.com\/index.php\/wp-json\/wp\/v2\/types\/post"}],"author":[{"embeddable":true,"href":"https:\/\/agrund.com\/index.php\/wp-json\/wp\/v2\/users\/8"}],"replies":[{"embeddable":true,"href":"https:\/\/agrund.com\/index.php\/wp-json\/wp\/v2\/comments?post=19867"}],"version-history":[{"count":0,"href":"https:\/\/agrund.com\/index.php\/wp-json\/wp\/v2\/posts\/19867\/revisions"}],"wp:featuredmedia":[{"embeddable":true,"href":"https:\/\/agrund.com\/index.php\/wp-json\/"}],"wp:attachment":[{"href":"https:\/\/agrund.com\/index.php\/wp-json\/wp\/v2\/media?parent=19867"}],"wp:term":[{"taxonomy":"category","embeddable":true,"href":"https:\/\/agrund.com\/index.php\/wp-json\/wp\/v2\/categories?post=19867"},{"taxonomy":"post_tag","embeddable":true,"href":"https:\/\/agrund.com\/index.php\/wp-json\/wp\/v2\/tags?post=19867"}],"curies":[{"name":"wp","href":"https:\/\/api.w.org\/{rel}","templated":true}]}}