{"id":19440,"date":"2011-11-10T15:11:44","date_gmt":"2011-11-10T17:11:44","guid":{"rendered":"http:\/\/www.agrund.com\/blogs\/notas\/?p=19440"},"modified":"2011-11-10T15:11:44","modified_gmt":"2011-11-10T17:11:44","slug":"agora-e-oficial-tenha-estilo-com-arlindo-grund-no-sbt","status":"publish","type":"post","link":"https:\/\/agrund.com\/index.php\/agora-e-oficial-tenha-estilo-com-arlindo-grund-no-sbt\/","title":{"rendered":"Agora \u00e9 oficial Tenha Estilo Com Arlindo Grund no SBT"},"content":{"rendered":"<p>Nesta segunda-feira, 14 de novembro, logo ap\u00f3s a novela Marimar, o stylist e editor deste site\u00a0Arlindo Grund estreia um programete de cinco minutos sobre moda, estilo e comportamento. A proposta \u00e9 orientar o telespectador nesse tema que \u00e9 t\u00e3o corriqueiro e que muitas vezes passa despercebido. Ser\u00e1 um canal direto, uma consultoria de estilo para quem assiste ao SBT. O diretor da atra\u00e7\u00e3o, Ricardo Perez, diz que o p\u00fablico pode esperar um programa \u00e1gil, divertido e f\u00e1cil de absorver as dicas de como usar a moda a seu favor. &#8220;A moda faz parte da vida cotidiana, ela mexe com o imagin\u00e1rio, \u00e9 pura est\u00e9tica e beleza. Nosso objetivo \u00e9 orientar o telespectador a se vestir adequadamente para todas as ocasi\u00f5es, desde que se sinta bem. Nada melhor escolhermos o personal stylist Arlindo Grund que \u00e9 um especialista em look e comportamento&#8221;,constata o diretor.<\/p>\n<p>\u00a0Arlindo vai falar sobre um assunto que ele entende bem: moda. &#8220;Quem nunca comprou aquele sapato lindo, um n\u00famero a menos, para ficar incr\u00edvel na festa? E uma hora n\u00e3o conseguia mais ficar em p\u00e9! Realmente estilo tem um pre\u00e7o, mas que n\u00e3o seja voc\u00ea&#8221;, dispara o consultor de moda.\u00a0<br \/>\n\u00a0\u00a0\u00a0\u00a0\u00a0\u00a0\u00a0\u00a0<br \/>\n\u00a0Uma vez por semana, o programa exibir\u00e1 um desafio ao apresentador. Arlindo ter\u00e1 que provar que pode se vestir bem com um custo acess\u00edvel. Em um deles, o stylist ter\u00e1\u00a0 a miss\u00e3o de montar um look por R$ 100 em algumas lojas da rua Jos\u00e9 Paulino (tradicional centro de compras na cidade de S\u00e3o Paulo). &#8220;Vamos vasculhar as lojas de S\u00e3o Paulo atr\u00e1s de boas dicas para os telespectadores, abordando v\u00e1rios temas! Dos Jardins ao Bom Retiro (bairros de S\u00e3o Paulo)&#8221;, comenta Arlindo.<\/p>\n<p>Em cada programa, o apresentador abordar\u00e1 temas diferentes, como o estilo para mulheres gr\u00e1vidas. O que uma gr\u00e1vida pode ou n\u00e3o usar, para ficar elegante e com estilo. E d\u00e1 uma dica importante: &#8220;Gr\u00e1vida! Nunca use barriga de fora, apenas na praia&#8221;.\u00a0<br \/>\nBrilhos na balada: voc\u00ea sabe quando usar? Arlindo explica como usar o brilho sem ficar vulgar e parecer &#8220;piriguete&#8221;.\u00a0<br \/>\nAprenda a usar a roupa correta para uma entrevista de trabalho: a blusa certa, o cabelo e o salto adequado. Dicas importantes para n\u00e3o fazer feio em um dia importante como esse.\u00a0<br \/>\nMuitos outros temas ser\u00e3o abordados, entre eles, gravatas para homens e mulheres, moda de academia, acess\u00f3rios femininos, bolsas, tipos de salto, lingeries e muito mais.<\/p>\n<p><strong>Fique ligado! &#8220;Tenha Estilo&#8221;, de segunda a sexta, logo ap\u00f3s a novela Marimar.<\/strong><\/p>\n<p style=\"text-align: center\"><strong><img decoding=\"async\" loading=\"lazy\" class=\"aligncenter size-full wp-image-19442\" src=\"https:\/\/i0.wp.com\/www.agrund.com\/arquivo\/notas\/files\/2011\/11\/51.jpg?resize=381%2C374\" alt=\"\" width=\"381\" height=\"374\" data-recalc-dims=\"1\" \/><\/strong><\/p>\n<p>Foto: Felipe Lessa.<\/p>\n","protected":false},"excerpt":{"rendered":"<p>Nesta segunda-feira, 14 de novembro, logo ap\u00f3s a novela Marimar, o stylist e editor deste site\u00a0Arlindo Grund estreia um programete de cinco minutos sobre moda, estilo e comportamento. A proposta \u00e9 orientar o telespectador nesse tema que \u00e9 t\u00e3o corriqueiro e que muitas vezes passa despercebido. Ser\u00e1 um canal direto, uma consultoria de estilo para [&hellip;]<\/p>\n","protected":false},"author":8,"featured_media":19442,"comment_status":"open","ping_status":"open","sticky":false,"template":"","format":"standard","meta":{"jetpack_post_was_ever_published":false,"_jetpack_newsletter_access":"","jetpack_publicize_message":"","jetpack_is_tweetstorm":false,"jetpack_publicize_feature_enabled":true,"jetpack_social_post_already_shared":false,"jetpack_social_options":{"image_generator_settings":{"template":"highway","enabled":false}}},"categories":[2],"tags":[],"jetpack_publicize_connections":[],"jetpack_featured_media_url":"","jetpack_sharing_enabled":true,"jetpack_shortlink":"https:\/\/wp.me\/p3Hz0n-53y","jetpack_likes_enabled":true,"_links":{"self":[{"href":"https:\/\/agrund.com\/index.php\/wp-json\/wp\/v2\/posts\/19440"}],"collection":[{"href":"https:\/\/agrund.com\/index.php\/wp-json\/wp\/v2\/posts"}],"about":[{"href":"https:\/\/agrund.com\/index.php\/wp-json\/wp\/v2\/types\/post"}],"author":[{"embeddable":true,"href":"https:\/\/agrund.com\/index.php\/wp-json\/wp\/v2\/users\/8"}],"replies":[{"embeddable":true,"href":"https:\/\/agrund.com\/index.php\/wp-json\/wp\/v2\/comments?post=19440"}],"version-history":[{"count":0,"href":"https:\/\/agrund.com\/index.php\/wp-json\/wp\/v2\/posts\/19440\/revisions"}],"wp:featuredmedia":[{"embeddable":true,"href":"https:\/\/agrund.com\/index.php\/wp-json\/"}],"wp:attachment":[{"href":"https:\/\/agrund.com\/index.php\/wp-json\/wp\/v2\/media?parent=19440"}],"wp:term":[{"taxonomy":"category","embeddable":true,"href":"https:\/\/agrund.com\/index.php\/wp-json\/wp\/v2\/categories?post=19440"},{"taxonomy":"post_tag","embeddable":true,"href":"https:\/\/agrund.com\/index.php\/wp-json\/wp\/v2\/tags?post=19440"}],"curies":[{"name":"wp","href":"https:\/\/api.w.org\/{rel}","templated":true}]}}