{"id":1934,"date":"2010-12-10T08:03:30","date_gmt":"2010-12-10T10:03:30","guid":{"rendered":"http:\/\/www.agrund.com\/blogs\/notas\/?p=1934"},"modified":"2010-12-10T08:03:30","modified_gmt":"2010-12-10T10:03:30","slug":"lara-gerin-para-verve","status":"publish","type":"post","link":"https:\/\/agrund.com\/index.php\/lara-gerin-para-verve\/","title":{"rendered":"LARA GERIN PARA VERVE"},"content":{"rendered":"<p style=\"text-align: center\"><a href=\"http:\/\/www.agrund.com\/files\/2010\/12\/Lara1.jpg\"><\/a>\u00c9 a primeira vez que Lara Gerin posa de lingerie. E n\u00e3o fez feio! Muito pelo contr\u00e1rio a mo\u00e7a mostrou que est\u00e1 com tudo em cima. \u00c9 a estrela do filme que\u00a0lan\u00e7a a nova cole\u00e7\u00e3o da Verve &#8211; Ballet.<\/p>\n<p>O destaque dessa cole\u00e7\u00e3o s\u00e3o as rendas. Hot pants (\u00e9 a primeira vez que a Verve faz hot pants!) tamb\u00e9m ganham destaque e com boa compress\u00e3o na \u00e1rea abdominal. Sabemos que Lara n\u00e3o precisa, N\u00c9?! Agora curta um pouco das fotos, lingerie e do belo corpo de Lara.<\/p>\n<p style=\"text-align: center\"><a href=\"\/wp-content\/uploads\/2010\/12\/Lara11.jpg\"><img decoding=\"async\" loading=\"lazy\" class=\"alignnone size-medium wp-image-1936\" src=\"https:\/\/i0.wp.com\/www.agrund.com\/arquivo\/notas\/files\/2010\/12\/Lara11-225x300.jpg?resize=225%2C300\" alt=\"\" width=\"225\" height=\"300\" data-recalc-dims=\"1\" \/><\/a><\/p>\n<p style=\"text-align: center\"><a href=\"https:\/\/i0.wp.com\/www.agrund.com\/files\/2010\/12\/Lara2.jpg\"><img decoding=\"async\" loading=\"lazy\" class=\"alignnone size-medium wp-image-1937\" src=\"https:\/\/i0.wp.com\/www.agrund.com\/arquivo\/notas\/files\/2010\/12\/Lara2-225x300.jpg?resize=225%2C300\" alt=\"\" width=\"225\" height=\"300\" data-recalc-dims=\"1\" \/><\/a><\/p>\n<p style=\"text-align: center\"><a href=\"\/wp-content\/uploads\/2010\/12\/Lara3.jpg\"><img decoding=\"async\" loading=\"lazy\" class=\"alignnone size-medium wp-image-1938\" src=\"https:\/\/i0.wp.com\/www.agrund.com\/arquivo\/notas\/files\/2010\/12\/Lara3-225x300.jpg?resize=225%2C300\" alt=\"\" width=\"225\" height=\"300\" data-recalc-dims=\"1\" \/><\/a><\/p>\n<p style=\"text-align: center\">\u00a0<\/p>\n","protected":false},"excerpt":{"rendered":"<p>\u00c9 a primeira vez que Lara Gerin posa de lingerie. E n\u00e3o fez feio! Muito pelo contr\u00e1rio a mo\u00e7a mostrou que est\u00e1 com tudo em cima. \u00c9 a estrela do filme que\u00a0lan\u00e7a a nova cole\u00e7\u00e3o da Verve &#8211; Ballet. O destaque dessa cole\u00e7\u00e3o s\u00e3o as rendas. Hot pants (\u00e9 a primeira vez que a Verve [&hellip;]<\/p>\n","protected":false},"author":8,"featured_media":1936,"comment_status":"open","ping_status":"open","sticky":false,"template":"","format":"standard","meta":{"jetpack_post_was_ever_published":false,"_jetpack_newsletter_access":"","jetpack_publicize_message":"","jetpack_is_tweetstorm":false,"jetpack_publicize_feature_enabled":true,"jetpack_social_post_already_shared":false,"jetpack_social_options":{"image_generator_settings":{"template":"highway","enabled":false}}},"categories":[2],"tags":[],"jetpack_publicize_connections":[],"jetpack_featured_media_url":"","jetpack_sharing_enabled":true,"jetpack_shortlink":"https:\/\/wp.me\/p3Hz0n-vc","jetpack_likes_enabled":true,"_links":{"self":[{"href":"https:\/\/agrund.com\/index.php\/wp-json\/wp\/v2\/posts\/1934"}],"collection":[{"href":"https:\/\/agrund.com\/index.php\/wp-json\/wp\/v2\/posts"}],"about":[{"href":"https:\/\/agrund.com\/index.php\/wp-json\/wp\/v2\/types\/post"}],"author":[{"embeddable":true,"href":"https:\/\/agrund.com\/index.php\/wp-json\/wp\/v2\/users\/8"}],"replies":[{"embeddable":true,"href":"https:\/\/agrund.com\/index.php\/wp-json\/wp\/v2\/comments?post=1934"}],"version-history":[{"count":0,"href":"https:\/\/agrund.com\/index.php\/wp-json\/wp\/v2\/posts\/1934\/revisions"}],"wp:featuredmedia":[{"embeddable":true,"href":"https:\/\/agrund.com\/index.php\/wp-json\/"}],"wp:attachment":[{"href":"https:\/\/agrund.com\/index.php\/wp-json\/wp\/v2\/media?parent=1934"}],"wp:term":[{"taxonomy":"category","embeddable":true,"href":"https:\/\/agrund.com\/index.php\/wp-json\/wp\/v2\/categories?post=1934"},{"taxonomy":"post_tag","embeddable":true,"href":"https:\/\/agrund.com\/index.php\/wp-json\/wp\/v2\/tags?post=1934"}],"curies":[{"name":"wp","href":"https:\/\/api.w.org\/{rel}","templated":true}]}}