{"id":18978,"date":"2011-10-28T21:44:55","date_gmt":"2011-10-28T23:44:55","guid":{"rendered":"http:\/\/www.agrund.com\/blogs\/notas\/?p=18978"},"modified":"2011-10-28T21:44:55","modified_gmt":"2011-10-28T23:44:55","slug":"compilacao-de-fotos","status":"publish","type":"post","link":"https:\/\/agrund.com\/index.php\/compilacao-de-fotos\/","title":{"rendered":"Compila\u00e7\u00e3o de fotos"},"content":{"rendered":"<p style=\"text-align: right\"><strong>Por Adriana Porto, do Rio.<\/strong><\/p>\n<p>O fot\u00f3grafo Nicholas Nixon \u00e9 respons\u00e1vel por uma compila\u00e7\u00e3o de fotos bastante curiosa. Desde 1975, ele \u00e9 respons\u00e1vel por fotografar quatro irm\u00e3s. A inten\u00e7\u00e3o \u00e9 mostrar como o tempo age sobre nosso corpo. As imagens, em preto e branco, iniciaram mostrando as irm\u00e3s que tinham de 15 a 25 anos. A mais velha delas, Baby, \u00e9 esposa do fot\u00f3grafo.<\/p>\n<p style=\"text-align: center\">\u00a0<\/p>\n<div id=\"attachment_18980\" style=\"width: 430px\" class=\"wp-caption aligncenter\"><img aria-describedby=\"caption-attachment-18980\" decoding=\"async\" loading=\"lazy\" class=\"size-full wp-image-18980 \" src=\"https:\/\/i0.wp.com\/www.agrund.com\/arquivo\/notas\/files\/2011\/10\/1975.jpg?resize=420%2C334\" alt=\"\" width=\"420\" height=\"334\" data-recalc-dims=\"1\" \/><p id=\"caption-attachment-18980\" class=\"wp-caption-text\">1975<\/p><\/div>\n<p style=\"text-align: center\">\u00a0<\/p>\n<div id=\"attachment_18981\" style=\"width: 430px\" class=\"wp-caption aligncenter\"><img aria-describedby=\"caption-attachment-18981\" decoding=\"async\" loading=\"lazy\" class=\"size-full wp-image-18981 \" src=\"https:\/\/i0.wp.com\/www.agrund.com\/arquivo\/notas\/files\/2011\/10\/1976.jpg?resize=420%2C335\" alt=\"\" width=\"420\" height=\"335\" data-recalc-dims=\"1\" \/><p id=\"caption-attachment-18981\" class=\"wp-caption-text\">1976<\/p><\/div>\n<div id=\"attachment_18984\" style=\"width: 430px\" class=\"wp-caption aligncenter\"><img aria-describedby=\"caption-attachment-18984\" decoding=\"async\" loading=\"lazy\" class=\"size-full wp-image-18984 \" src=\"https:\/\/i0.wp.com\/www.agrund.com\/arquivo\/notas\/files\/2011\/10\/1977.jpg?resize=420%2C334\" alt=\"\" width=\"420\" height=\"334\" data-recalc-dims=\"1\" \/><p id=\"caption-attachment-18984\" class=\"wp-caption-text\">1977<\/p><\/div>\n<div id=\"attachment_18985\" style=\"width: 430px\" class=\"wp-caption aligncenter\"><img aria-describedby=\"caption-attachment-18985\" decoding=\"async\" loading=\"lazy\" class=\"size-full wp-image-18985 \" src=\"https:\/\/i0.wp.com\/www.agrund.com\/arquivo\/notas\/files\/2011\/10\/1978.jpg?resize=420%2C332\" alt=\"\" width=\"420\" height=\"332\" data-recalc-dims=\"1\" \/><p id=\"caption-attachment-18985\" class=\"wp-caption-text\">1978<\/p><\/div>\n<div id=\"attachment_18986\" style=\"width: 430px\" class=\"wp-caption aligncenter\"><img aria-describedby=\"caption-attachment-18986\" decoding=\"async\" loading=\"lazy\" class=\"size-full wp-image-18986 \" src=\"https:\/\/i0.wp.com\/www.agrund.com\/arquivo\/notas\/files\/2011\/10\/1988.jpg?resize=420%2C330\" alt=\"\" width=\"420\" height=\"330\" data-recalc-dims=\"1\" \/><p id=\"caption-attachment-18986\" class=\"wp-caption-text\">1988<\/p><\/div>\n<div class=\"mceTemp mceIEcenter\">\n<div id=\"attachment_18987\" style=\"width: 430px\" class=\"wp-caption aligncenter\"><img aria-describedby=\"caption-attachment-18987\" decoding=\"async\" loading=\"lazy\" class=\"size-full wp-image-18987 \" src=\"https:\/\/i0.wp.com\/www.agrund.com\/arquivo\/notas\/files\/2011\/10\/2008.jpg?resize=420%2C334\" alt=\"\" width=\"420\" height=\"334\" data-recalc-dims=\"1\" \/><p id=\"caption-attachment-18987\" class=\"wp-caption-text\">2008<\/p><\/div>\n<\/div>\n<p style=\"text-align: left\">A primeira da esquerda se tornou a mulher mais bonita&#8230; Reparem que foi a que menos fez express\u00e3o em todas as fotos. Ou seja, car\u00e3o envelhece! Rsrs&#8230; \ud83d\ude09<\/p>\n","protected":false},"excerpt":{"rendered":"<p>Por Adriana Porto, do Rio. O fot\u00f3grafo Nicholas Nixon \u00e9 respons\u00e1vel por uma compila\u00e7\u00e3o de fotos bastante curiosa. Desde 1975, ele \u00e9 respons\u00e1vel por fotografar quatro irm\u00e3s. A inten\u00e7\u00e3o \u00e9 mostrar como o tempo age sobre nosso corpo. As imagens, em preto e branco, iniciaram mostrando as irm\u00e3s que tinham de 15 a 25 anos. [&hellip;]<\/p>\n","protected":false},"author":8,"featured_media":18980,"comment_status":"open","ping_status":"open","sticky":false,"template":"","format":"standard","meta":{"jetpack_post_was_ever_published":false,"_jetpack_newsletter_access":"","jetpack_publicize_message":"","jetpack_is_tweetstorm":false,"jetpack_publicize_feature_enabled":true,"jetpack_social_post_already_shared":false,"jetpack_social_options":{"image_generator_settings":{"template":"highway","enabled":false}}},"categories":[2],"tags":[],"jetpack_publicize_connections":[],"jetpack_featured_media_url":"","jetpack_sharing_enabled":true,"jetpack_shortlink":"https:\/\/wp.me\/p3Hz0n-4W6","jetpack_likes_enabled":true,"_links":{"self":[{"href":"https:\/\/agrund.com\/index.php\/wp-json\/wp\/v2\/posts\/18978"}],"collection":[{"href":"https:\/\/agrund.com\/index.php\/wp-json\/wp\/v2\/posts"}],"about":[{"href":"https:\/\/agrund.com\/index.php\/wp-json\/wp\/v2\/types\/post"}],"author":[{"embeddable":true,"href":"https:\/\/agrund.com\/index.php\/wp-json\/wp\/v2\/users\/8"}],"replies":[{"embeddable":true,"href":"https:\/\/agrund.com\/index.php\/wp-json\/wp\/v2\/comments?post=18978"}],"version-history":[{"count":0,"href":"https:\/\/agrund.com\/index.php\/wp-json\/wp\/v2\/posts\/18978\/revisions"}],"wp:featuredmedia":[{"embeddable":true,"href":"https:\/\/agrund.com\/index.php\/wp-json\/"}],"wp:attachment":[{"href":"https:\/\/agrund.com\/index.php\/wp-json\/wp\/v2\/media?parent=18978"}],"wp:term":[{"taxonomy":"category","embeddable":true,"href":"https:\/\/agrund.com\/index.php\/wp-json\/wp\/v2\/categories?post=18978"},{"taxonomy":"post_tag","embeddable":true,"href":"https:\/\/agrund.com\/index.php\/wp-json\/wp\/v2\/tags?post=18978"}],"curies":[{"name":"wp","href":"https:\/\/api.w.org\/{rel}","templated":true}]}}