{"id":18796,"date":"2011-10-26T13:04:54","date_gmt":"2011-10-26T15:04:54","guid":{"rendered":"http:\/\/www.agrund.com\/blogs\/notas\/?p=18796"},"modified":"2011-10-26T13:04:54","modified_gmt":"2011-10-26T15:04:54","slug":"florence-por-karl-lagerfeld","status":"publish","type":"post","link":"https:\/\/agrund.com\/index.php\/florence-por-karl-lagerfeld\/","title":{"rendered":"Florence por Karl Lagerfeld"},"content":{"rendered":"<p>Florence and The Machine vai lan\u00e7ar um vinil seriado e limitado. A banda que tocou no \u00faltimo desfile da Chanel, no fundo do mar, diz que ser\u00e3o somente 500 c\u00f3pias. De acordo com o Daily Telegraph, a cantora Florence Welch foi fotografada por Karl Lagerferld e usou Chanel para a capa do disco. Confiram as fotos!<\/p>\n<p style=\"text-align: center\"><img decoding=\"async\" loading=\"lazy\" class=\"aligncenter size-full wp-image-18797\" src=\"https:\/\/i0.wp.com\/www.agrund.com\/arquivo\/notas\/files\/2011\/10\/243.jpg?resize=398%2C555\" alt=\"\" width=\"398\" height=\"555\" data-recalc-dims=\"1\" \/><\/p>\n<p style=\"text-align: center\"><img decoding=\"async\" loading=\"lazy\" class=\"aligncenter size-full wp-image-18798\" src=\"https:\/\/i0.wp.com\/www.agrund.com\/arquivo\/notas\/files\/2011\/10\/321.jpg?resize=423%2C555\" alt=\"\" width=\"423\" height=\"555\" data-recalc-dims=\"1\" \/><\/p>\n<p style=\"text-align: center\"><img decoding=\"async\" loading=\"lazy\" class=\"aligncenter size-full wp-image-18799\" src=\"https:\/\/i0.wp.com\/www.agrund.com\/arquivo\/notas\/files\/2011\/10\/416.jpg?resize=423%2C555\" alt=\"\" width=\"423\" height=\"555\" data-recalc-dims=\"1\" \/><\/p>\n<p style=\"text-align: center\"><img decoding=\"async\" loading=\"lazy\" class=\"aligncenter size-full wp-image-18800\" src=\"https:\/\/i0.wp.com\/www.agrund.com\/arquivo\/notas\/files\/2011\/10\/58.jpg?resize=457%2C555\" alt=\"\" width=\"457\" height=\"555\" data-recalc-dims=\"1\" \/><\/p>\n<p style=\"text-align: left\">Que comprar um vinil? Clica <a href=\"http:\/\/www.vfeditions.com\">aqui<\/a>. Imagens: Reprodu\u00e7\u00e3o.<\/p>\n<p style=\"text-align: center\">\u00a0<\/p>\n","protected":false},"excerpt":{"rendered":"<p>Florence and The Machine vai lan\u00e7ar um vinil seriado e limitado. A banda que tocou no \u00faltimo desfile da Chanel, no fundo do mar, diz que ser\u00e3o somente 500 c\u00f3pias. De acordo com o Daily Telegraph, a cantora Florence Welch foi fotografada por Karl Lagerferld e usou Chanel para a capa do disco. Confiram as [&hellip;]<\/p>\n","protected":false},"author":8,"featured_media":18797,"comment_status":"open","ping_status":"open","sticky":false,"template":"","format":"standard","meta":{"jetpack_post_was_ever_published":false,"_jetpack_newsletter_access":"","jetpack_publicize_message":"","jetpack_is_tweetstorm":false,"jetpack_publicize_feature_enabled":true,"jetpack_social_post_already_shared":false,"jetpack_social_options":{"image_generator_settings":{"template":"highway","enabled":false}}},"categories":[2],"tags":[],"jetpack_publicize_connections":[],"jetpack_featured_media_url":"","jetpack_sharing_enabled":true,"jetpack_shortlink":"https:\/\/wp.me\/p3Hz0n-4Ta","jetpack_likes_enabled":true,"_links":{"self":[{"href":"https:\/\/agrund.com\/index.php\/wp-json\/wp\/v2\/posts\/18796"}],"collection":[{"href":"https:\/\/agrund.com\/index.php\/wp-json\/wp\/v2\/posts"}],"about":[{"href":"https:\/\/agrund.com\/index.php\/wp-json\/wp\/v2\/types\/post"}],"author":[{"embeddable":true,"href":"https:\/\/agrund.com\/index.php\/wp-json\/wp\/v2\/users\/8"}],"replies":[{"embeddable":true,"href":"https:\/\/agrund.com\/index.php\/wp-json\/wp\/v2\/comments?post=18796"}],"version-history":[{"count":0,"href":"https:\/\/agrund.com\/index.php\/wp-json\/wp\/v2\/posts\/18796\/revisions"}],"wp:featuredmedia":[{"embeddable":true,"href":"https:\/\/agrund.com\/index.php\/wp-json\/"}],"wp:attachment":[{"href":"https:\/\/agrund.com\/index.php\/wp-json\/wp\/v2\/media?parent=18796"}],"wp:term":[{"taxonomy":"category","embeddable":true,"href":"https:\/\/agrund.com\/index.php\/wp-json\/wp\/v2\/categories?post=18796"},{"taxonomy":"post_tag","embeddable":true,"href":"https:\/\/agrund.com\/index.php\/wp-json\/wp\/v2\/tags?post=18796"}],"curies":[{"name":"wp","href":"https:\/\/api.w.org\/{rel}","templated":true}]}}