{"id":18615,"date":"2011-10-21T11:42:23","date_gmt":"2011-10-21T13:42:23","guid":{"rendered":"http:\/\/www.agrund.com\/blogs\/notas\/?p=18615"},"modified":"2011-10-21T11:42:23","modified_gmt":"2011-10-21T13:42:23","slug":"de-dar-agua-na-boca","status":"publish","type":"post","link":"https:\/\/agrund.com\/index.php\/de-dar-agua-na-boca\/","title":{"rendered":"De dar \u00e1gua na boca"},"content":{"rendered":"<p>Sabe aqueles biscoitinhos que enfeitam a nossa mesa de Natal? Vera Franco, do CupCake da Vila, preparou um monte deles para voc\u00ea ado\u00e7ar sua noite. Motivos natalinos n\u00e3o faltam para a querida Verinha se inspirar. E os biscoitinhos podem ser uma boa op\u00e7\u00e3o para voc\u00ea presentear algu\u00e9m. S\u00f3 de olhar a boca fica desejando! Para mais informa\u00e7\u00f5es acesse o blog <a href=\"http:\/\/www.cupcakedavila.blogspot.com\">www.cupcakedavila.blogspot.com<\/a>.<\/p>\n<p style=\"text-align: center\"><img decoding=\"async\" loading=\"lazy\" class=\"aligncenter size-full wp-image-18620\" src=\"https:\/\/i0.wp.com\/www.agrund.com\/arquivo\/notas\/files\/2011\/10\/a4.jpg?resize=404%2C352\" alt=\"\" width=\"404\" height=\"352\" data-recalc-dims=\"1\" \/><\/p>\n<p style=\"text-align: center\"><img decoding=\"async\" loading=\"lazy\" class=\"aligncenter size-full wp-image-18617\" src=\"https:\/\/i0.wp.com\/www.agrund.com\/arquivo\/notas\/files\/2011\/10\/233.jpg?resize=374%2C498\" alt=\"\" width=\"374\" height=\"498\" data-recalc-dims=\"1\" \/><\/p>\n<p style=\"text-align: center\"><img decoding=\"async\" loading=\"lazy\" class=\"aligncenter size-full wp-image-18618\" src=\"https:\/\/i0.wp.com\/www.agrund.com\/arquivo\/notas\/files\/2011\/10\/315.jpg?resize=365%2C233\" alt=\"\" width=\"365\" height=\"233\" data-recalc-dims=\"1\" \/><\/p>\n<p style=\"text-align: center\"><img decoding=\"async\" loading=\"lazy\" class=\"aligncenter size-full wp-image-18619\" src=\"https:\/\/i0.wp.com\/www.agrund.com\/arquivo\/notas\/files\/2011\/10\/410.jpg?resize=356%2C552\" alt=\"\" width=\"356\" height=\"552\" data-recalc-dims=\"1\" \/><\/p>\n","protected":false},"excerpt":{"rendered":"<p>Sabe aqueles biscoitinhos que enfeitam a nossa mesa de Natal? Vera Franco, do CupCake da Vila, preparou um monte deles para voc\u00ea ado\u00e7ar sua noite. Motivos natalinos n\u00e3o faltam para a querida Verinha se inspirar. E os biscoitinhos podem ser uma boa op\u00e7\u00e3o para voc\u00ea presentear algu\u00e9m. S\u00f3 de olhar a boca fica desejando! Para [&hellip;]<\/p>\n","protected":false},"author":8,"featured_media":18616,"comment_status":"open","ping_status":"open","sticky":false,"template":"","format":"standard","meta":{"jetpack_post_was_ever_published":false,"_jetpack_newsletter_access":"","jetpack_publicize_message":"","jetpack_is_tweetstorm":false,"jetpack_publicize_feature_enabled":true,"jetpack_social_post_already_shared":false,"jetpack_social_options":{"image_generator_settings":{"template":"highway","enabled":false}}},"categories":[2],"tags":[],"jetpack_publicize_connections":[],"jetpack_featured_media_url":"","jetpack_sharing_enabled":true,"jetpack_shortlink":"https:\/\/wp.me\/p3Hz0n-4Qf","jetpack_likes_enabled":true,"_links":{"self":[{"href":"https:\/\/agrund.com\/index.php\/wp-json\/wp\/v2\/posts\/18615"}],"collection":[{"href":"https:\/\/agrund.com\/index.php\/wp-json\/wp\/v2\/posts"}],"about":[{"href":"https:\/\/agrund.com\/index.php\/wp-json\/wp\/v2\/types\/post"}],"author":[{"embeddable":true,"href":"https:\/\/agrund.com\/index.php\/wp-json\/wp\/v2\/users\/8"}],"replies":[{"embeddable":true,"href":"https:\/\/agrund.com\/index.php\/wp-json\/wp\/v2\/comments?post=18615"}],"version-history":[{"count":0,"href":"https:\/\/agrund.com\/index.php\/wp-json\/wp\/v2\/posts\/18615\/revisions"}],"wp:featuredmedia":[{"embeddable":true,"href":"https:\/\/agrund.com\/index.php\/wp-json\/"}],"wp:attachment":[{"href":"https:\/\/agrund.com\/index.php\/wp-json\/wp\/v2\/media?parent=18615"}],"wp:term":[{"taxonomy":"category","embeddable":true,"href":"https:\/\/agrund.com\/index.php\/wp-json\/wp\/v2\/categories?post=18615"},{"taxonomy":"post_tag","embeddable":true,"href":"https:\/\/agrund.com\/index.php\/wp-json\/wp\/v2\/tags?post=18615"}],"curies":[{"name":"wp","href":"https:\/\/api.w.org\/{rel}","templated":true}]}}