{"id":18437,"date":"2011-10-19T16:01:17","date_gmt":"2011-10-19T18:01:17","guid":{"rendered":"http:\/\/www.agrund.com\/blogs\/notas\/?p=18437"},"modified":"2011-10-19T16:01:17","modified_gmt":"2011-10-19T18:01:17","slug":"michelle-obama-e-a-moda","status":"publish","type":"post","link":"https:\/\/agrund.com\/index.php\/michelle-obama-e-a-moda\/","title":{"rendered":"Michelle Obama e a Moda"},"content":{"rendered":"<p>A primeira-dama americana resolveu falar! O assunto foi moda, e uma moda us\u00e1vel! Seu estilo que vem conquistando a Am\u00e9rica chegou \u201cem grande\u201d estilo na capa da Vogue quando Barack Obama assumiu o poder. Dona de um estilo \u00edmpar e engajada em causas sociais veja o que Michelle Obama falou:<\/p>\n<p>&#8220;Eu s\u00f3 uso o que amo, preciso me sentir bem. No dia-a-dia as pe\u00e7as s\u00e3o muito pr\u00e1ticas. Eu penso assim: \u2018Qual \u00e9 a temperatura? Eu vou estar sentada na grama? Vou brincar com as crian\u00e7as? Posso sentar no ch\u00e3o? \u2018\u201d.<\/p>\n<p>&#8220;Se eu estou confort\u00e1vel com o que estou usando, nesse caso a moda fica em segundo plano. Toda a minha aten\u00e7\u00e3o fica voltada ao que estou fazendo, aten\u00e7\u00e3o. E eu n\u00e3o quero me preocupar se alguma coisa est\u00e1 me apertando ou ferindo meu p\u00e9. Eu n\u00e3o quero desperdi\u00e7ar tempo em algo t\u00e3o limitado como roupas. &#8221;<\/p>\n<p style=\"text-align: center\">\u00a0<\/p>\n<div id=\"attachment_18439\" style=\"width: 449px\" class=\"wp-caption aligncenter\"><img aria-describedby=\"caption-attachment-18439\" decoding=\"async\" loading=\"lazy\" class=\"size-full wp-image-18439 \" src=\"https:\/\/i0.wp.com\/www.agrund.com\/arquivo\/notas\/files\/2011\/10\/133.jpg?resize=439%2C598\" alt=\"\" width=\"439\" height=\"598\" data-recalc-dims=\"1\" \/><p id=\"caption-attachment-18439\" class=\"wp-caption-text\">Foto Oficial da Casa Branca<\/p><\/div>\n","protected":false},"excerpt":{"rendered":"<p>A primeira-dama americana resolveu falar! O assunto foi moda, e uma moda us\u00e1vel! Seu estilo que vem conquistando a Am\u00e9rica chegou \u201cem grande\u201d estilo na capa da Vogue quando Barack Obama assumiu o poder. Dona de um estilo \u00edmpar e engajada em causas sociais veja o que Michelle Obama falou: &#8220;Eu s\u00f3 uso o que [&hellip;]<\/p>\n","protected":false},"author":8,"featured_media":18439,"comment_status":"open","ping_status":"open","sticky":false,"template":"","format":"standard","meta":{"jetpack_post_was_ever_published":false,"_jetpack_newsletter_access":"","jetpack_publicize_message":"","jetpack_is_tweetstorm":false,"jetpack_publicize_feature_enabled":true,"jetpack_social_post_already_shared":false,"jetpack_social_options":{"image_generator_settings":{"template":"highway","enabled":false}}},"categories":[2],"tags":[],"jetpack_publicize_connections":[],"jetpack_featured_media_url":"","jetpack_sharing_enabled":true,"jetpack_shortlink":"https:\/\/wp.me\/p3Hz0n-4Nn","jetpack_likes_enabled":true,"_links":{"self":[{"href":"https:\/\/agrund.com\/index.php\/wp-json\/wp\/v2\/posts\/18437"}],"collection":[{"href":"https:\/\/agrund.com\/index.php\/wp-json\/wp\/v2\/posts"}],"about":[{"href":"https:\/\/agrund.com\/index.php\/wp-json\/wp\/v2\/types\/post"}],"author":[{"embeddable":true,"href":"https:\/\/agrund.com\/index.php\/wp-json\/wp\/v2\/users\/8"}],"replies":[{"embeddable":true,"href":"https:\/\/agrund.com\/index.php\/wp-json\/wp\/v2\/comments?post=18437"}],"version-history":[{"count":0,"href":"https:\/\/agrund.com\/index.php\/wp-json\/wp\/v2\/posts\/18437\/revisions"}],"wp:featuredmedia":[{"embeddable":true,"href":"https:\/\/agrund.com\/index.php\/wp-json\/"}],"wp:attachment":[{"href":"https:\/\/agrund.com\/index.php\/wp-json\/wp\/v2\/media?parent=18437"}],"wp:term":[{"taxonomy":"category","embeddable":true,"href":"https:\/\/agrund.com\/index.php\/wp-json\/wp\/v2\/categories?post=18437"},{"taxonomy":"post_tag","embeddable":true,"href":"https:\/\/agrund.com\/index.php\/wp-json\/wp\/v2\/tags?post=18437"}],"curies":[{"name":"wp","href":"https:\/\/api.w.org\/{rel}","templated":true}]}}