{"id":18371,"date":"2011-10-19T13:40:53","date_gmt":"2011-10-19T15:40:53","guid":{"rendered":"http:\/\/www.agrund.com\/blogs\/notas\/?p=18371"},"modified":"2011-10-19T13:40:53","modified_gmt":"2011-10-19T15:40:53","slug":"gwen-stefani-na-instyle","status":"publish","type":"post","link":"https:\/\/agrund.com\/index.php\/gwen-stefani-na-instyle\/","title":{"rendered":"Gwen Stefani na InStyle"},"content":{"rendered":"<p>A cantora, estilista mostra que tudo o que ela faz tem seu toque. Para a capa de novembro da InStyle, ela aparece toda de rosa, e vamos combinar que ela n\u00e3o precisa de muito para mostrar que \u00e9 \u201cdoce\u201d e linda. E cad\u00ea aquele olhar de roqueira Gwen? N\u00e3o tem problema, n\u00f3s adoramos voc\u00ea de qualquer jeito.<\/p>\n<p>Ela pode, n\u00e9?! Confira!<\/p>\n<p><img decoding=\"async\" loading=\"lazy\" class=\"aligncenter size-full wp-image-18373\" src=\"https:\/\/i0.wp.com\/www.agrund.com\/arquivo\/notas\/files\/2011\/10\/instyle11.jpg?resize=270%2C335\" alt=\"\" width=\"270\" height=\"335\" data-recalc-dims=\"1\" \/>Imagem: Divulga\u00e7\u00e3o<\/p>\n","protected":false},"excerpt":{"rendered":"<p>A cantora, estilista mostra que tudo o que ela faz tem seu toque. Para a capa de novembro da InStyle, ela aparece toda de rosa, e vamos combinar que ela n\u00e3o precisa de muito para mostrar que \u00e9 \u201cdoce\u201d e linda. E cad\u00ea aquele olhar de roqueira Gwen? N\u00e3o tem problema, n\u00f3s adoramos voc\u00ea de [&hellip;]<\/p>\n","protected":false},"author":8,"featured_media":18373,"comment_status":"open","ping_status":"open","sticky":false,"template":"","format":"standard","meta":{"jetpack_post_was_ever_published":false,"_jetpack_newsletter_access":"","jetpack_publicize_message":"","jetpack_is_tweetstorm":false,"jetpack_publicize_feature_enabled":true,"jetpack_social_post_already_shared":false,"jetpack_social_options":{"image_generator_settings":{"template":"highway","enabled":false}}},"categories":[2],"tags":[],"jetpack_publicize_connections":[],"jetpack_featured_media_url":"","jetpack_sharing_enabled":true,"jetpack_shortlink":"https:\/\/wp.me\/p3Hz0n-4Mj","jetpack_likes_enabled":true,"_links":{"self":[{"href":"https:\/\/agrund.com\/index.php\/wp-json\/wp\/v2\/posts\/18371"}],"collection":[{"href":"https:\/\/agrund.com\/index.php\/wp-json\/wp\/v2\/posts"}],"about":[{"href":"https:\/\/agrund.com\/index.php\/wp-json\/wp\/v2\/types\/post"}],"author":[{"embeddable":true,"href":"https:\/\/agrund.com\/index.php\/wp-json\/wp\/v2\/users\/8"}],"replies":[{"embeddable":true,"href":"https:\/\/agrund.com\/index.php\/wp-json\/wp\/v2\/comments?post=18371"}],"version-history":[{"count":0,"href":"https:\/\/agrund.com\/index.php\/wp-json\/wp\/v2\/posts\/18371\/revisions"}],"wp:featuredmedia":[{"embeddable":true,"href":"https:\/\/agrund.com\/index.php\/wp-json\/"}],"wp:attachment":[{"href":"https:\/\/agrund.com\/index.php\/wp-json\/wp\/v2\/media?parent=18371"}],"wp:term":[{"taxonomy":"category","embeddable":true,"href":"https:\/\/agrund.com\/index.php\/wp-json\/wp\/v2\/categories?post=18371"},{"taxonomy":"post_tag","embeddable":true,"href":"https:\/\/agrund.com\/index.php\/wp-json\/wp\/v2\/tags?post=18371"}],"curies":[{"name":"wp","href":"https:\/\/api.w.org\/{rel}","templated":true}]}}