{"id":18314,"date":"2011-10-17T18:08:27","date_gmt":"2011-10-17T20:08:27","guid":{"rendered":"http:\/\/www.agrund.com\/blogs\/notas\/?p=18314"},"modified":"2011-10-17T18:08:27","modified_gmt":"2011-10-17T20:08:27","slug":"terno-sob-medida","status":"publish","type":"post","link":"https:\/\/agrund.com\/index.php\/terno-sob-medida\/","title":{"rendered":"Terno Sob Medida"},"content":{"rendered":"<p style=\"text-align: left\">Voc\u00ea j\u00e1 imaginou ter um terno Gucci sob medida? Pois bem a partir de 11 de dezembro deste ano lojas da marca ao redor do mundo oferecer\u00e3o um servi\u00e7o de alfaiataria personalizada. Um terno sob medida Gucci demorar\u00e1 cerca de seis semanas para ser realizado. O cliente ainda vai poder escolher entre os v\u00e1rios tecidos oferecidos. Batizada de All The World\u00b4s A Stage, a campanha tem James Franco \u2013 muito chic e elegante \u2013 clicado por Nathaniel Goldberg.<\/p>\n<p style=\"text-align: center\">\u00a0<img decoding=\"async\" loading=\"lazy\" class=\"aligncenter size-full wp-image-18315\" src=\"https:\/\/i0.wp.com\/www.agrund.com\/arquivo\/notas\/files\/2011\/10\/126.jpg?resize=404%2C403\" alt=\"\" width=\"404\" height=\"403\" data-recalc-dims=\"1\" \/><\/p>\n<p style=\"text-align: left\">E mais uma vez o bonit\u00e3o faz uma campanha para a Casa Gucci. Lembra a campanha do perfume Gucci By Gucci? N\u00e3o? ent\u00e3o olha aqui!<\/p>\n<p style=\"text-align: center\"><img decoding=\"async\" loading=\"lazy\" class=\"aligncenter size-full wp-image-18316\" src=\"https:\/\/i0.wp.com\/www.agrund.com\/arquivo\/notas\/files\/2011\/10\/39.jpg?resize=350%2C500\" alt=\"\" width=\"350\" height=\"500\" data-recalc-dims=\"1\" \/><\/p>\n<p style=\"text-align: left\">Imagens: Reprodu\u00e7\u00e3o.<\/p>\n","protected":false},"excerpt":{"rendered":"<p>Voc\u00ea j\u00e1 imaginou ter um terno Gucci sob medida? Pois bem a partir de 11 de dezembro deste ano lojas da marca ao redor do mundo oferecer\u00e3o um servi\u00e7o de alfaiataria personalizada. Um terno sob medida Gucci demorar\u00e1 cerca de seis semanas para ser realizado. O cliente ainda vai poder escolher entre os v\u00e1rios tecidos [&hellip;]<\/p>\n","protected":false},"author":8,"featured_media":18315,"comment_status":"open","ping_status":"open","sticky":false,"template":"","format":"standard","meta":{"jetpack_post_was_ever_published":false,"_jetpack_newsletter_access":"","jetpack_publicize_message":"","jetpack_is_tweetstorm":false,"jetpack_publicize_feature_enabled":true,"jetpack_social_post_already_shared":false,"jetpack_social_options":{"image_generator_settings":{"template":"highway","enabled":false}}},"categories":[2],"tags":[],"jetpack_publicize_connections":[],"jetpack_featured_media_url":"","jetpack_sharing_enabled":true,"jetpack_shortlink":"https:\/\/wp.me\/p3Hz0n-4Lo","jetpack_likes_enabled":true,"_links":{"self":[{"href":"https:\/\/agrund.com\/index.php\/wp-json\/wp\/v2\/posts\/18314"}],"collection":[{"href":"https:\/\/agrund.com\/index.php\/wp-json\/wp\/v2\/posts"}],"about":[{"href":"https:\/\/agrund.com\/index.php\/wp-json\/wp\/v2\/types\/post"}],"author":[{"embeddable":true,"href":"https:\/\/agrund.com\/index.php\/wp-json\/wp\/v2\/users\/8"}],"replies":[{"embeddable":true,"href":"https:\/\/agrund.com\/index.php\/wp-json\/wp\/v2\/comments?post=18314"}],"version-history":[{"count":0,"href":"https:\/\/agrund.com\/index.php\/wp-json\/wp\/v2\/posts\/18314\/revisions"}],"wp:featuredmedia":[{"embeddable":true,"href":"https:\/\/agrund.com\/index.php\/wp-json\/"}],"wp:attachment":[{"href":"https:\/\/agrund.com\/index.php\/wp-json\/wp\/v2\/media?parent=18314"}],"wp:term":[{"taxonomy":"category","embeddable":true,"href":"https:\/\/agrund.com\/index.php\/wp-json\/wp\/v2\/categories?post=18314"},{"taxonomy":"post_tag","embeddable":true,"href":"https:\/\/agrund.com\/index.php\/wp-json\/wp\/v2\/tags?post=18314"}],"curies":[{"name":"wp","href":"https:\/\/api.w.org\/{rel}","templated":true}]}}