{"id":1825,"date":"2010-12-07T00:46:07","date_gmt":"2010-12-07T02:46:07","guid":{"rendered":"http:\/\/www.agrund.com\/blogs\/notas\/?p=1825"},"modified":"2010-12-07T00:46:07","modified_gmt":"2010-12-07T02:46:07","slug":"cris-barros-rj","status":"publish","type":"post","link":"https:\/\/agrund.com\/index.php\/cris-barros-rj\/","title":{"rendered":"Cris Barros RJ"},"content":{"rendered":"<p>Iguatemi S\u00e3o Paulo a marca aterrissa em solo carioca. A partir de hoje voc\u00ea poder\u00e1 encontrar as pe\u00e7as Cris Barros no shopping Fashion Mall, no piso 2. \u00c0s 20h acontecer\u00e1 o coquetel de lan\u00e7amento para convidados. O agrund.com estava presente no \u00faltimo desfile da marca. Confira um pouco <a href=\"http:\/\/www.agrund.com\/primavera-verao-2011-de-cris-barros\/\" target=\"_self\">mais aqui<\/a>.<\/p>\n<p>E a\u00a0 partir de 11 de dezembro come\u00e7a um super Bazar da marca em <strong>S\u00e3o Paulo<\/strong>. Vai ser na Rua Tenerife, 52 Vila Ol\u00edmpia. (Forma de pagamento cheque, cart\u00e3o ou dinheiro) Corre para n\u00e3o perder!<\/p>\n<p><img decoding=\"async\" loading=\"lazy\" class=\"aligncenter size-full wp-image-1826\" title=\"CrisBarros1\" src=\"\/wp-content\/uploads\/2010\/12\/CrisBarros1.jpg\" alt=\"\" width=\"222\" height=\"296\" \/><\/p>\n<p><img decoding=\"async\" loading=\"lazy\" class=\"aligncenter size-full wp-image-1827\" title=\"CrisBarros2\" src=\"\/wp-content\/uploads\/2010\/12\/CrisBarros2.jpg\" alt=\"\" width=\"281\" height=\"376\" \/><\/p>\n<p><img decoding=\"async\" loading=\"lazy\" class=\"aligncenter size-full wp-image-1829\" title=\"CrisBarros3\" src=\"\/wp-content\/uploads\/2010\/12\/CrisBarros3.jpg\" alt=\"\" width=\"533\" height=\"195\" \/><\/p>\n","protected":false},"excerpt":{"rendered":"<p>Iguatemi S\u00e3o Paulo a marca aterrissa em solo carioca. A partir de hoje voc\u00ea poder\u00e1 encontrar as pe\u00e7as Cris Barros no shopping Fashion Mall, no piso 2. \u00c0s 20h acontecer\u00e1 o coquetel de lan\u00e7amento para convidados. O agrund.com estava presente no \u00faltimo desfile da marca. Confira um pouco mais aqui. E a\u00a0 partir de 11 [&hellip;]<\/p>\n","protected":false},"author":8,"featured_media":1826,"comment_status":"open","ping_status":"open","sticky":false,"template":"","format":"standard","meta":{"jetpack_post_was_ever_published":false,"_jetpack_newsletter_access":"","jetpack_publicize_message":"","jetpack_is_tweetstorm":false,"jetpack_publicize_feature_enabled":true,"jetpack_social_post_already_shared":false,"jetpack_social_options":{"image_generator_settings":{"template":"highway","enabled":false}}},"categories":[2],"tags":[],"jetpack_publicize_connections":[],"jetpack_featured_media_url":"","jetpack_sharing_enabled":true,"jetpack_shortlink":"https:\/\/wp.me\/p3Hz0n-tr","jetpack_likes_enabled":true,"_links":{"self":[{"href":"https:\/\/agrund.com\/index.php\/wp-json\/wp\/v2\/posts\/1825"}],"collection":[{"href":"https:\/\/agrund.com\/index.php\/wp-json\/wp\/v2\/posts"}],"about":[{"href":"https:\/\/agrund.com\/index.php\/wp-json\/wp\/v2\/types\/post"}],"author":[{"embeddable":true,"href":"https:\/\/agrund.com\/index.php\/wp-json\/wp\/v2\/users\/8"}],"replies":[{"embeddable":true,"href":"https:\/\/agrund.com\/index.php\/wp-json\/wp\/v2\/comments?post=1825"}],"version-history":[{"count":0,"href":"https:\/\/agrund.com\/index.php\/wp-json\/wp\/v2\/posts\/1825\/revisions"}],"wp:featuredmedia":[{"embeddable":true,"href":"https:\/\/agrund.com\/index.php\/wp-json\/"}],"wp:attachment":[{"href":"https:\/\/agrund.com\/index.php\/wp-json\/wp\/v2\/media?parent=1825"}],"wp:term":[{"taxonomy":"category","embeddable":true,"href":"https:\/\/agrund.com\/index.php\/wp-json\/wp\/v2\/categories?post=1825"},{"taxonomy":"post_tag","embeddable":true,"href":"https:\/\/agrund.com\/index.php\/wp-json\/wp\/v2\/tags?post=1825"}],"curies":[{"name":"wp","href":"https:\/\/api.w.org\/{rel}","templated":true}]}}