{"id":182411,"date":"2018-05-16T16:00:51","date_gmt":"2018-05-16T19:00:51","guid":{"rendered":"http:\/\/www.agrund.com\/?p=182411"},"modified":"2018-05-16T13:48:57","modified_gmt":"2018-05-16T16:48:57","slug":"projeto-comemora-os-90-anos-do-mickey","status":"publish","type":"post","link":"https:\/\/agrund.com\/index.php\/projeto-comemora-os-90-anos-do-mickey\/","title":{"rendered":"Projeto comemora os 90 anos do Mickey"},"content":{"rendered":"<p>Voc\u00ea sabia que o Mickey Mouse est\u00e1 completando 90 anos? O fot\u00f3grafo Rankin decidiu fazer uma homenagem para o ratinho mais famoso do mundo em formato de livro.<\/p>\n<p>Para isso ele convocou grandes nomes da moda, m\u00fasica e do cinema, que foram fotografados usando pe\u00e7as com o Mickey.<\/p>\n<p>Heidi Klum, Liv Tyler, Kate Moss, Hayley Atwell e Amanda Holden s\u00e3o alguns dos rostos que aparecem usando camisetas e orelhas do personagem.<\/p>\n<p>\u201cMickey Mouse me deixou maravilhado quando eu era crian\u00e7a e o filme Fantasia me fez querer fazer filmes. Ele \u00e9 muito mais do que um personagem. \u00c9 um s\u00edmbolo de otimismo, esperan\u00e7a e inspira\u00e7\u00e3o para pessoas de todas as idades\u201d, explicou Rankin.<\/p>\n<p>Apesar de terem divulgados essas primeiras imagens, ainda n\u00e3o h\u00e1 previs\u00e3o de quando o projeto &#8216;Mickey Mouse &amp; Me&#8217; ser\u00e1 publicado.<\/p>\n<p>Veja os cliques na galeria abaixo:<\/p>\n<div id=\"attachment_182412\" style=\"width: 610px\" class=\"wp-caption aligncenter\"><img aria-describedby=\"caption-attachment-182412\" data-attachment-id=\"182412\" data-permalink=\"https:\/\/agrund.com\/index.php\/projeto-comemora-os-90-anos-do-mickey\/1-1525\/\" data-orig-file=\"https:\/\/i0.wp.com\/agrund.com\/wp-content\/uploads\/sites\/6\/2018\/05\/1-44-e1526489131926.jpg?fit=600%2C785&amp;ssl=1\" data-orig-size=\"600,785\" data-comments-opened=\"1\" data-image-meta=\"{&quot;aperture&quot;:&quot;0&quot;,&quot;credit&quot;:&quot;&quot;,&quot;camera&quot;:&quot;&quot;,&quot;caption&quot;:&quot;&quot;,&quot;created_timestamp&quot;:&quot;0&quot;,&quot;copyright&quot;:&quot;&quot;,&quot;focal_length&quot;:&quot;0&quot;,&quot;iso&quot;:&quot;0&quot;,&quot;shutter_speed&quot;:&quot;0&quot;,&quot;title&quot;:&quot;&quot;,&quot;orientation&quot;:&quot;1&quot;}\" data-image-title=\"Celebridades comemoram os 90 anos do Mickey\" data-image-description=\"\" data-image-caption=\"&lt;p&gt;Celebridades comemoram os 90 anos do Mickey&lt;\/p&gt;\n\" data-medium-file=\"https:\/\/i0.wp.com\/agrund.com\/wp-content\/uploads\/sites\/6\/2018\/05\/1-44-e1526489131926.jpg?fit=229%2C300&amp;ssl=1\" data-large-file=\"https:\/\/i0.wp.com\/agrund.com\/wp-content\/uploads\/sites\/6\/2018\/05\/1-44-e1526489131926.jpg?fit=783%2C1024&amp;ssl=1\" decoding=\"async\" loading=\"lazy\" class=\"size-full wp-image-182412\" src=\"https:\/\/i0.wp.com\/www.agrund.com\/wp-content\/uploads\/sites\/6\/2018\/05\/1-44-e1526489131926.jpg?resize=600%2C785\" alt=\"\" width=\"600\" height=\"785\" data-recalc-dims=\"1\" \/><p id=\"caption-attachment-182412\" class=\"wp-caption-text\">Celebridades comemoram os 90 anos do Mickey<\/p><\/div>\n<div id=\"attachment_182413\" style=\"width: 610px\" class=\"wp-caption aligncenter\"><img aria-describedby=\"caption-attachment-182413\" data-attachment-id=\"182413\" data-permalink=\"https:\/\/agrund.com\/index.php\/projeto-comemora-os-90-anos-do-mickey\/2-1453\/\" data-orig-file=\"https:\/\/i0.wp.com\/agrund.com\/wp-content\/uploads\/sites\/6\/2018\/05\/2-33-e1526489149955.jpg?fit=600%2C600&amp;ssl=1\" data-orig-size=\"600,600\" data-comments-opened=\"1\" data-image-meta=\"{&quot;aperture&quot;:&quot;0&quot;,&quot;credit&quot;:&quot;&quot;,&quot;camera&quot;:&quot;&quot;,&quot;caption&quot;:&quot;&quot;,&quot;created_timestamp&quot;:&quot;0&quot;,&quot;copyright&quot;:&quot;&quot;,&quot;focal_length&quot;:&quot;0&quot;,&quot;iso&quot;:&quot;0&quot;,&quot;shutter_speed&quot;:&quot;0&quot;,&quot;title&quot;:&quot;&quot;,&quot;orientation&quot;:&quot;1&quot;}\" data-image-title=\"Celebridades comemoram os 90 anos do Mickey\" data-image-description=\"\" data-image-caption=\"&lt;p&gt;Celebridades comemoram os 90 anos do Mickey&lt;\/p&gt;\n\" data-medium-file=\"https:\/\/i0.wp.com\/agrund.com\/wp-content\/uploads\/sites\/6\/2018\/05\/2-33-e1526489149955.jpg?fit=300%2C300&amp;ssl=1\" data-large-file=\"https:\/\/i0.wp.com\/agrund.com\/wp-content\/uploads\/sites\/6\/2018\/05\/2-33-e1526489149955.jpg?fit=600%2C600&amp;ssl=1\" decoding=\"async\" loading=\"lazy\" class=\"size-full wp-image-182413\" src=\"https:\/\/i0.wp.com\/www.agrund.com\/wp-content\/uploads\/sites\/6\/2018\/05\/2-33-e1526489149955.jpg?resize=600%2C600\" alt=\"\" width=\"600\" height=\"600\" data-recalc-dims=\"1\" \/><p id=\"caption-attachment-182413\" class=\"wp-caption-text\">Celebridades comemoram os 90 anos do Mickey<\/p><\/div>\n<div id=\"attachment_182416\" style=\"width: 610px\" class=\"wp-caption aligncenter\"><img aria-describedby=\"caption-attachment-182416\" data-attachment-id=\"182416\" data-permalink=\"https:\/\/agrund.com\/index.php\/projeto-comemora-os-90-anos-do-mickey\/5-1056\/\" data-orig-file=\"https:\/\/i0.wp.com\/agrund.com\/wp-content\/uploads\/sites\/6\/2018\/05\/5-15-e1526489179976.jpg?fit=600%2C449&amp;ssl=1\" data-orig-size=\"600,449\" data-comments-opened=\"1\" data-image-meta=\"{&quot;aperture&quot;:&quot;0&quot;,&quot;credit&quot;:&quot;&quot;,&quot;camera&quot;:&quot;&quot;,&quot;caption&quot;:&quot;&quot;,&quot;created_timestamp&quot;:&quot;0&quot;,&quot;copyright&quot;:&quot;&quot;,&quot;focal_length&quot;:&quot;0&quot;,&quot;iso&quot;:&quot;0&quot;,&quot;shutter_speed&quot;:&quot;0&quot;,&quot;title&quot;:&quot;&quot;,&quot;orientation&quot;:&quot;1&quot;}\" data-image-title=\"Celebridades comemoram os 90 anos do Mickey\" data-image-description=\"\" data-image-caption=\"&lt;p&gt;Celebridades comemoram os 90 anos do Mickey&lt;\/p&gt;\n\" data-medium-file=\"https:\/\/i0.wp.com\/agrund.com\/wp-content\/uploads\/sites\/6\/2018\/05\/5-15-e1526489179976.jpg?fit=300%2C225&amp;ssl=1\" data-large-file=\"https:\/\/i0.wp.com\/agrund.com\/wp-content\/uploads\/sites\/6\/2018\/05\/5-15-e1526489179976.jpg?fit=600%2C449&amp;ssl=1\" decoding=\"async\" loading=\"lazy\" class=\"size-full wp-image-182416\" src=\"https:\/\/i0.wp.com\/www.agrund.com\/wp-content\/uploads\/sites\/6\/2018\/05\/5-15-e1526489179976.jpg?resize=600%2C449\" alt=\"\" width=\"600\" height=\"449\" data-recalc-dims=\"1\" \/><p id=\"caption-attachment-182416\" class=\"wp-caption-text\">Celebridades comemoram os 90 anos do Mickey<\/p><\/div>\n<div id=\"attachment_182414\" style=\"width: 610px\" class=\"wp-caption aligncenter\"><img aria-describedby=\"caption-attachment-182414\" data-attachment-id=\"182414\" data-permalink=\"https:\/\/agrund.com\/index.php\/projeto-comemora-os-90-anos-do-mickey\/3-1350\/\" data-orig-file=\"https:\/\/i0.wp.com\/agrund.com\/wp-content\/uploads\/sites\/6\/2018\/05\/3-31-e1526489198358.jpg?fit=600%2C782&amp;ssl=1\" data-orig-size=\"600,782\" data-comments-opened=\"1\" data-image-meta=\"{&quot;aperture&quot;:&quot;0&quot;,&quot;credit&quot;:&quot;&quot;,&quot;camera&quot;:&quot;&quot;,&quot;caption&quot;:&quot;&quot;,&quot;created_timestamp&quot;:&quot;0&quot;,&quot;copyright&quot;:&quot;&quot;,&quot;focal_length&quot;:&quot;0&quot;,&quot;iso&quot;:&quot;0&quot;,&quot;shutter_speed&quot;:&quot;0&quot;,&quot;title&quot;:&quot;&quot;,&quot;orientation&quot;:&quot;1&quot;}\" data-image-title=\"Celebridades comemoram os 90 anos do Mickey\" data-image-description=\"\" data-image-caption=\"&lt;p&gt;Celebridades comemoram os 90 anos do Mickey&lt;\/p&gt;\n\" data-medium-file=\"https:\/\/i0.wp.com\/agrund.com\/wp-content\/uploads\/sites\/6\/2018\/05\/3-31-e1526489198358.jpg?fit=230%2C300&amp;ssl=1\" data-large-file=\"https:\/\/i0.wp.com\/agrund.com\/wp-content\/uploads\/sites\/6\/2018\/05\/3-31-e1526489198358.jpg?fit=786%2C1024&amp;ssl=1\" decoding=\"async\" loading=\"lazy\" class=\"size-full wp-image-182414\" src=\"https:\/\/i0.wp.com\/www.agrund.com\/wp-content\/uploads\/sites\/6\/2018\/05\/3-31-e1526489198358.jpg?resize=600%2C782\" alt=\"\" width=\"600\" height=\"782\" data-recalc-dims=\"1\" \/><p id=\"caption-attachment-182414\" class=\"wp-caption-text\">Celebridades comemoram os 90 anos do Mickey<\/p><\/div>\n<div id=\"attachment_182415\" style=\"width: 610px\" class=\"wp-caption aligncenter\"><img aria-describedby=\"caption-attachment-182415\" data-attachment-id=\"182415\" data-permalink=\"https:\/\/agrund.com\/index.php\/projeto-comemora-os-90-anos-do-mickey\/4-1238\/\" data-orig-file=\"https:\/\/i0.wp.com\/agrund.com\/wp-content\/uploads\/sites\/6\/2018\/05\/4-26-e1526489263268.jpg?fit=600%2C882&amp;ssl=1\" data-orig-size=\"600,882\" data-comments-opened=\"1\" data-image-meta=\"{&quot;aperture&quot;:&quot;0&quot;,&quot;credit&quot;:&quot;&quot;,&quot;camera&quot;:&quot;&quot;,&quot;caption&quot;:&quot;&quot;,&quot;created_timestamp&quot;:&quot;0&quot;,&quot;copyright&quot;:&quot;&quot;,&quot;focal_length&quot;:&quot;0&quot;,&quot;iso&quot;:&quot;0&quot;,&quot;shutter_speed&quot;:&quot;0&quot;,&quot;title&quot;:&quot;&quot;,&quot;orientation&quot;:&quot;1&quot;}\" data-image-title=\"Celebridades comemoram os 90 anos do Mickey\" data-image-description=\"\" data-image-caption=\"&lt;p&gt;Celebridades comemoram os 90 anos do Mickey&lt;\/p&gt;\n\" data-medium-file=\"https:\/\/i0.wp.com\/agrund.com\/wp-content\/uploads\/sites\/6\/2018\/05\/4-26-e1526489263268.jpg?fit=204%2C300&amp;ssl=1\" data-large-file=\"https:\/\/i0.wp.com\/agrund.com\/wp-content\/uploads\/sites\/6\/2018\/05\/4-26-e1526489263268.jpg?fit=697%2C1024&amp;ssl=1\" decoding=\"async\" loading=\"lazy\" class=\"size-full wp-image-182415\" src=\"https:\/\/i0.wp.com\/www.agrund.com\/wp-content\/uploads\/sites\/6\/2018\/05\/4-26-e1526489263268.jpg?resize=600%2C882\" alt=\"\" width=\"600\" height=\"882\" data-recalc-dims=\"1\" \/><p id=\"caption-attachment-182415\" class=\"wp-caption-text\">Celebridades comemoram os 90 anos do Mickey<\/p><\/div>\n<p>Fotos: Reprodu\u00e7\u00e3o\/Rankin.<\/p>\n","protected":false},"excerpt":{"rendered":"<p>Voc\u00ea sabia que o Mickey Mouse est\u00e1 completando 90 anos? O fot\u00f3grafo Rankin decidiu fazer uma homenagem para o ratinho mais famoso do mundo em formato de livro. Para isso ele convocou grandes nomes da moda, m\u00fasica e do cinema, que foram fotografados usando pe\u00e7as com o Mickey. Heidi Klum, Liv Tyler, Kate Moss, Hayley [&hellip;]<\/p>\n","protected":false},"author":8,"featured_media":182417,"comment_status":"open","ping_status":"open","sticky":false,"template":"","format":"standard","meta":{"jetpack_post_was_ever_published":false,"_jetpack_newsletter_access":"","jetpack_publicize_message":"","jetpack_is_tweetstorm":false,"jetpack_publicize_feature_enabled":true,"jetpack_social_post_already_shared":false,"jetpack_social_options":{"image_generator_settings":{"template":"highway","enabled":false}}},"categories":[2],"tags":[],"jetpack_publicize_connections":[],"jetpack_featured_media_url":"https:\/\/i0.wp.com\/agrund.com\/wp-content\/uploads\/sites\/6\/2018\/05\/s-51.jpg?fit=960%2C300&ssl=1","jetpack_sharing_enabled":true,"jetpack_shortlink":"https:\/\/wp.me\/p3Hz0n-Ls7","jetpack_likes_enabled":true,"_links":{"self":[{"href":"https:\/\/agrund.com\/index.php\/wp-json\/wp\/v2\/posts\/182411"}],"collection":[{"href":"https:\/\/agrund.com\/index.php\/wp-json\/wp\/v2\/posts"}],"about":[{"href":"https:\/\/agrund.com\/index.php\/wp-json\/wp\/v2\/types\/post"}],"author":[{"embeddable":true,"href":"https:\/\/agrund.com\/index.php\/wp-json\/wp\/v2\/users\/8"}],"replies":[{"embeddable":true,"href":"https:\/\/agrund.com\/index.php\/wp-json\/wp\/v2\/comments?post=182411"}],"version-history":[{"count":0,"href":"https:\/\/agrund.com\/index.php\/wp-json\/wp\/v2\/posts\/182411\/revisions"}],"wp:featuredmedia":[{"embeddable":true,"href":"https:\/\/agrund.com\/index.php\/wp-json\/wp\/v2\/media\/182417"}],"wp:attachment":[{"href":"https:\/\/agrund.com\/index.php\/wp-json\/wp\/v2\/media?parent=182411"}],"wp:term":[{"taxonomy":"category","embeddable":true,"href":"https:\/\/agrund.com\/index.php\/wp-json\/wp\/v2\/categories?post=182411"},{"taxonomy":"post_tag","embeddable":true,"href":"https:\/\/agrund.com\/index.php\/wp-json\/wp\/v2\/tags?post=182411"}],"curies":[{"name":"wp","href":"https:\/\/api.w.org\/{rel}","templated":true}]}}