{"id":182334,"date":"2018-05-11T18:00:19","date_gmt":"2018-05-11T21:00:19","guid":{"rendered":"http:\/\/www.agrund.com\/?p=182334"},"modified":"2018-05-11T17:26:03","modified_gmt":"2018-05-11T20:26:03","slug":"o-que-marquezine-antonelli-sonza-e-wanessa-tem-em-comum","status":"publish","type":"post","link":"https:\/\/agrund.com\/index.php\/o-que-marquezine-antonelli-sonza-e-wanessa-tem-em-comum\/","title":{"rendered":"O que Marquezine, Antonelli, Sonza e Wanessa t\u00eam em comum?"},"content":{"rendered":"<p>Por Ros\u00e2ngela Espinossi, do <a href=\"http:\/\/www.elasnotapetevermelho.com.br\/portal\/\">Elas No Tapete Vermelho<\/a><\/p>\n<p>Os seios est\u00e3o em evid\u00eancia, n\u00e3o importa a esta\u00e7\u00e3o. No Carnaval, eles foram os destaques, em looks de famosas, como Anitta e Bruna Marquezine. A atriz, ali\u00e1s, \u00e9 uma das aliadas da tend\u00eancia em v\u00e1rias outras ocasi\u00f5es j\u00e1 h\u00e1 algum tempo. E tem ganhado a companhia de outras famosas.<\/p>\n<p>Esta semana, mais tr\u00eas mostraram com tops e suti\u00e3s \u00e0 vista que s\u00e3o mulheres de peito. As cantoras Luisa Sonza e Wanessa Camargo se encontram no show de Francinne, com looks que remetem \u00e0 tend\u00eancia. E para engrossar o time, a atriz Giovanna Antonelli tamb\u00e9m apostou no top de renda.<\/p>\n<p>O mais interessante neste novo estilo \u00e9 que, sim, os seios ganham evid\u00eancia no look, mas n\u00e3o precisam ser grandes nem ter gramas e mais gramas de silicone neles. Aparecem naturais, mas real\u00e7ados, com pe\u00e7as de renda, transparentes e sensuais.<\/p>\n<p>A cantora <strong>Luisa Sonza<\/strong> apostou no conjunto com logotipo da Zoomp, marca famosa nos anos 1980 e 1990 pelos jeans. Para completar, escarpim branco e top\/suti\u00e3 de renda com tiras, que evidenciam os seios de tamanho natural da garota.<\/p>\n<p><strong>#ficaadica1:<\/strong> Sim, \u00e9 tend\u00eancia, mas para usar a pe\u00e7a com o blazer aberto \u00e9 preciso atitude. E, \u00e9 sempre bom lembrar, que o dress code corporativo ainda n\u00e3o permite tais extravag\u00e2ncias.<\/p>\n<div id=\"attachment_182335\" style=\"width: 610px\" class=\"wp-caption aligncenter\"><img aria-describedby=\"caption-attachment-182335\" data-attachment-id=\"182335\" data-permalink=\"https:\/\/agrund.com\/index.php\/o-que-marquezine-antonelli-sonza-e-wanessa-tem-em-comum\/1-1517\/\" data-orig-file=\"https:\/\/i0.wp.com\/agrund.com\/wp-content\/uploads\/sites\/6\/2018\/05\/1-36.jpg?fit=833%2C768&amp;ssl=1\" data-orig-size=\"833,768\" data-comments-opened=\"1\" data-image-meta=\"{&quot;aperture&quot;:&quot;0&quot;,&quot;credit&quot;:&quot;&quot;,&quot;camera&quot;:&quot;&quot;,&quot;caption&quot;:&quot;&quot;,&quot;created_timestamp&quot;:&quot;0&quot;,&quot;copyright&quot;:&quot;&quot;,&quot;focal_length&quot;:&quot;0&quot;,&quot;iso&quot;:&quot;0&quot;,&quot;shutter_speed&quot;:&quot;0&quot;,&quot;title&quot;:&quot;&quot;,&quot;orientation&quot;:&quot;0&quot;}\" data-image-title=\"O que Marquezine, Antonelli, Sonza e Wanessa t\u00eam em comum?\" data-image-description=\"\" data-image-caption=\"&lt;p&gt;O que Marquezine, Antonelli, Sonza e Wanessa t\u00eam em comum?&lt;br \/&gt;\n#ficaadica1: Sim, \u00e9 tend\u00eancia, mas para usar a pe\u00e7a com o blazer aberto \u00e9 preciso atitude. E, \u00e9 sempre bom lembrar, que o dresscode corporativo ainda n\u00e3o permite tais extravag\u00e2ncias.&lt;\/p&gt;\n\" data-medium-file=\"https:\/\/i0.wp.com\/agrund.com\/wp-content\/uploads\/sites\/6\/2018\/05\/1-36.jpg?fit=300%2C277&amp;ssl=1\" data-large-file=\"https:\/\/i0.wp.com\/agrund.com\/wp-content\/uploads\/sites\/6\/2018\/05\/1-36.jpg?fit=833%2C768&amp;ssl=1\" decoding=\"async\" loading=\"lazy\" class=\"wp-image-182335\" src=\"https:\/\/i0.wp.com\/www.agrund.com\/wp-content\/uploads\/sites\/6\/2018\/05\/1-36.jpg?resize=600%2C553\" alt=\"\" width=\"600\" height=\"553\" srcset=\"https:\/\/i0.wp.com\/agrund.com\/wp-content\/uploads\/sites\/6\/2018\/05\/1-36.jpg?w=833&amp;ssl=1 833w, https:\/\/i0.wp.com\/agrund.com\/wp-content\/uploads\/sites\/6\/2018\/05\/1-36.jpg?resize=300%2C277&amp;ssl=1 300w\" sizes=\"(max-width: 600px) 100vw, 600px\" data-recalc-dims=\"1\" \/><p id=\"caption-attachment-182335\" class=\"wp-caption-text\">O que Marquezine, Antonelli, Sonza e Wanessa t\u00eam em comum?<\/p><\/div>\n<p>&nbsp;<\/p>\n<p>Para o lan\u00e7amento da novela \u201cSegundo Sol\u201d, que estreia dia 14 de maio, a protagonista <strong>Giovanna Antonelli<\/strong> apostou na sensualidade do top de renda, da Bo.B\u00f4, que custa R$ 398, junto com terninho preto Dolce &amp; Gabbana e escarpim vermelho, para dar um toque de cor.<\/p>\n<p><strong>#ficaadica2:<\/strong> Para usar este tipo de top, voc\u00ea precisa se sentir bem com a proposta sexy. E tamb\u00e9m us\u00e1-la em ocasi\u00f5es certas, como baladas e festas informais que combinem com o toque ousado.<\/p>\n<p><strong>#ficaadica3:<\/strong> Para dosar a sensualidade, combine o body com pe\u00e7as mais neutras e que cubram o restante do corpo. E se quiser deixar o top apenas aparente, use com o palet\u00f3 abotoado.<\/p>\n<div id=\"attachment_182336\" style=\"width: 610px\" class=\"wp-caption aligncenter\"><img aria-describedby=\"caption-attachment-182336\" data-attachment-id=\"182336\" data-permalink=\"https:\/\/agrund.com\/index.php\/o-que-marquezine-antonelli-sonza-e-wanessa-tem-em-comum\/2-1447\/\" data-orig-file=\"https:\/\/i0.wp.com\/agrund.com\/wp-content\/uploads\/sites\/6\/2018\/05\/2-27-e1526069987934.jpg?fit=600%2C450&amp;ssl=1\" data-orig-size=\"600,450\" data-comments-opened=\"1\" data-image-meta=\"{&quot;aperture&quot;:&quot;0&quot;,&quot;credit&quot;:&quot;&quot;,&quot;camera&quot;:&quot;&quot;,&quot;caption&quot;:&quot;&quot;,&quot;created_timestamp&quot;:&quot;0&quot;,&quot;copyright&quot;:&quot;&quot;,&quot;focal_length&quot;:&quot;0&quot;,&quot;iso&quot;:&quot;0&quot;,&quot;shutter_speed&quot;:&quot;0&quot;,&quot;title&quot;:&quot;&quot;,&quot;orientation&quot;:&quot;0&quot;}\" data-image-title=\"O que Marquezine, Antonelli, Sonza e Wanessa t\u00eam em comum?\" data-image-description=\"\" data-image-caption=\"&lt;p&gt;O que Marquezine, Antonelli, Sonza e Wanessa t\u00eam em comum?&lt;\/p&gt;\n\" data-medium-file=\"https:\/\/i0.wp.com\/agrund.com\/wp-content\/uploads\/sites\/6\/2018\/05\/2-27-e1526069987934.jpg?fit=300%2C225&amp;ssl=1\" data-large-file=\"https:\/\/i0.wp.com\/agrund.com\/wp-content\/uploads\/sites\/6\/2018\/05\/2-27-e1526069987934.jpg?fit=1024%2C768&amp;ssl=1\" decoding=\"async\" loading=\"lazy\" class=\"size-full wp-image-182336\" src=\"https:\/\/i0.wp.com\/www.agrund.com\/wp-content\/uploads\/sites\/6\/2018\/05\/2-27-e1526069987934.jpg?resize=600%2C450\" alt=\"\" width=\"600\" height=\"450\" data-recalc-dims=\"1\" \/><p id=\"caption-attachment-182336\" class=\"wp-caption-text\">O que Marquezine, Antonelli, Sonza e Wanessa t\u00eam em comum?<\/p><\/div>\n<p>&nbsp;<\/p>\n<p><strong>Bruna Marquezine<\/strong> \u00e9 uma das principais adeptas dos tops ou suti\u00e3 \u00e0 mostra. Em seu anivers\u00e1rio, em agosto do ano passado, a atriz apostou no terninho da grife Mugler com top preto, levemente transparente. Em mar\u00e7o deste anos, ao participar da festa de anivers\u00e1rio da promoter Carol Sampaio apostou novamente na tend\u00eancia. Desta vez com terninho vermelho e top tipo suti\u00e3 de renda.<\/p>\n<p><strong>#ficaadica4:<\/strong> O uso de tops com terninhos, mesmo abertos, conferem uma no\u00e7\u00e3o de eleg\u00e2ncia ao look, uma vez que a sensualidade n\u00e3o fica totalmente expl\u00edcita, como se a pessoa tivesse sa\u00eddo de casa apenas de suti\u00e3.<\/p>\n<div id=\"attachment_182337\" style=\"width: 610px\" class=\"wp-caption aligncenter\"><img aria-describedby=\"caption-attachment-182337\" data-attachment-id=\"182337\" data-permalink=\"https:\/\/agrund.com\/index.php\/o-que-marquezine-antonelli-sonza-e-wanessa-tem-em-comum\/3-1345\/\" data-orig-file=\"https:\/\/i0.wp.com\/agrund.com\/wp-content\/uploads\/sites\/6\/2018\/05\/3-26.jpg?fit=833%2C768&amp;ssl=1\" data-orig-size=\"833,768\" data-comments-opened=\"1\" data-image-meta=\"{&quot;aperture&quot;:&quot;0&quot;,&quot;credit&quot;:&quot;&quot;,&quot;camera&quot;:&quot;&quot;,&quot;caption&quot;:&quot;&quot;,&quot;created_timestamp&quot;:&quot;0&quot;,&quot;copyright&quot;:&quot;&quot;,&quot;focal_length&quot;:&quot;0&quot;,&quot;iso&quot;:&quot;0&quot;,&quot;shutter_speed&quot;:&quot;0&quot;,&quot;title&quot;:&quot;&quot;,&quot;orientation&quot;:&quot;0&quot;}\" data-image-title=\"O que Marquezine, Antonelli, Sonza e Wanessa t\u00eam em comum?\" data-image-description=\"\" data-image-caption=\"&lt;p&gt;O que Marquezine, Antonelli, Sonza e Wanessa t\u00eam em comum?&lt;\/p&gt;\n\" data-medium-file=\"https:\/\/i0.wp.com\/agrund.com\/wp-content\/uploads\/sites\/6\/2018\/05\/3-26.jpg?fit=300%2C277&amp;ssl=1\" data-large-file=\"https:\/\/i0.wp.com\/agrund.com\/wp-content\/uploads\/sites\/6\/2018\/05\/3-26.jpg?fit=833%2C768&amp;ssl=1\" decoding=\"async\" loading=\"lazy\" class=\"wp-image-182337\" src=\"https:\/\/i0.wp.com\/www.agrund.com\/wp-content\/uploads\/sites\/6\/2018\/05\/3-26.jpg?resize=600%2C553\" alt=\"\" width=\"600\" height=\"553\" srcset=\"https:\/\/i0.wp.com\/agrund.com\/wp-content\/uploads\/sites\/6\/2018\/05\/3-26.jpg?w=833&amp;ssl=1 833w, https:\/\/i0.wp.com\/agrund.com\/wp-content\/uploads\/sites\/6\/2018\/05\/3-26.jpg?resize=300%2C277&amp;ssl=1 300w\" sizes=\"(max-width: 600px) 100vw, 600px\" data-recalc-dims=\"1\" \/><p id=\"caption-attachment-182337\" class=\"wp-caption-text\">O que Marquezine, Antonelli, Sonza e Wanessa t\u00eam em comum?<\/p><\/div>\n<p>&nbsp;<\/p>\n<p><strong>Wanessa Camargo<\/strong> optou por pe\u00e7as de couro para compor o look preto com cal\u00e7a tipo cenoura cropped e top inspirado em corset, inclusive com amarra\u00e7\u00e3o na parte debaixo. Como \u00e9 curto, uma parte da barriga fica em evid\u00eancia.<\/p>\n<p><strong>#ficaadica5<\/strong>: Exatamente por ser top cropped, Wanessa fez bem em colocar cal\u00e7a de cintura alta. O modelo vem das pe\u00e7as usadas nos anos 1980, com cintura franzida, lembrando as clochard, que est\u00e3o voltando.<\/p>\n<div id=\"attachment_182338\" style=\"width: 610px\" class=\"wp-caption aligncenter\"><img aria-describedby=\"caption-attachment-182338\" data-attachment-id=\"182338\" data-permalink=\"https:\/\/agrund.com\/index.php\/o-que-marquezine-antonelli-sonza-e-wanessa-tem-em-comum\/4-1234\/\" data-orig-file=\"https:\/\/i0.wp.com\/agrund.com\/wp-content\/uploads\/sites\/6\/2018\/05\/4-22-e1526070190450.jpg?fit=600%2C553&amp;ssl=1\" data-orig-size=\"600,553\" data-comments-opened=\"1\" data-image-meta=\"{&quot;aperture&quot;:&quot;0&quot;,&quot;credit&quot;:&quot;&quot;,&quot;camera&quot;:&quot;&quot;,&quot;caption&quot;:&quot;&quot;,&quot;created_timestamp&quot;:&quot;0&quot;,&quot;copyright&quot;:&quot;&quot;,&quot;focal_length&quot;:&quot;0&quot;,&quot;iso&quot;:&quot;0&quot;,&quot;shutter_speed&quot;:&quot;0&quot;,&quot;title&quot;:&quot;&quot;,&quot;orientation&quot;:&quot;0&quot;}\" data-image-title=\"Wanessa Camargo optou por pe\u00e7as de couro para compor o look preto com cal\u00e7a tipo cenoura cropped e top inspirado em corset, inclusive com amarra\u00e7\u00e3o na parte debaixo. Como \u00e9 curto, uma parte da barriga fica em evid\u00eancia.  #ficaadica5: Exatamente por ser top cropped, Wanessa fez bem em colocar cal\u00e7a de cintura alta. O modelo vem das pe\u00e7as usadas nos anos 1980, com cintura franzida, lembrando as clochard, que est\u00e3o voltando.\" data-image-description=\"\" data-image-caption=\"&lt;p&gt;Wanessa Camargo optou por pe\u00e7as de couro para compor o look preto com cal\u00e7a tipo cenoura cropped e top inspirado em corset, inclusive com amarra\u00e7\u00e3o na parte debaixo. Como \u00e9 curto, uma parte da barriga fica em evid\u00eancia.&lt;\/p&gt;\n&lt;p&gt;#ficaadica5: Exatamente por ser top cropped, Wanessa fez bem em colocar cal\u00e7a de cintura alta. O modelo vem das pe\u00e7as usadas nos anos 1980, com cintura franzida, lembrando as clochard, que est\u00e3o voltando.&lt;\/p&gt;\n\" data-medium-file=\"https:\/\/i0.wp.com\/agrund.com\/wp-content\/uploads\/sites\/6\/2018\/05\/4-22-e1526070190450.jpg?fit=300%2C277&amp;ssl=1\" data-large-file=\"https:\/\/i0.wp.com\/agrund.com\/wp-content\/uploads\/sites\/6\/2018\/05\/4-22-e1526070190450.jpg?fit=600%2C553&amp;ssl=1\" decoding=\"async\" loading=\"lazy\" class=\"wp-image-182338 size-full\" src=\"https:\/\/i0.wp.com\/www.agrund.com\/wp-content\/uploads\/sites\/6\/2018\/05\/4-22-e1526070190450.jpg?resize=600%2C553\" alt=\"O que Marquezine, Antonelli, Sonza e Wanessa t\u00eam em comum?\" width=\"600\" height=\"553\" data-recalc-dims=\"1\" \/><p id=\"caption-attachment-182338\" class=\"wp-caption-text\">O que Marquezine, Antonelli, Sonza e Wanessa t\u00eam em comum?<\/p><\/div>\n<p>&nbsp;<\/p>\n<p>Fotos: AgNews\/ Reprodu\u00e7\u00e3o\/ Instagram.<\/p>\n","protected":false},"excerpt":{"rendered":"<p>Por Ros\u00e2ngela Espinossi, do Elas No Tapete Vermelho Os seios est\u00e3o em evid\u00eancia, n\u00e3o importa a esta\u00e7\u00e3o. No Carnaval, eles foram os destaques, em looks de famosas, como Anitta e Bruna Marquezine. A atriz, ali\u00e1s, \u00e9 uma das aliadas da tend\u00eancia em v\u00e1rias outras ocasi\u00f5es j\u00e1 h\u00e1 algum tempo. E tem ganhado a companhia de [&hellip;]<\/p>\n","protected":false},"author":8,"featured_media":182339,"comment_status":"open","ping_status":"open","sticky":false,"template":"","format":"standard","meta":{"jetpack_post_was_ever_published":false,"_jetpack_newsletter_access":"","jetpack_publicize_message":"","jetpack_is_tweetstorm":false,"jetpack_publicize_feature_enabled":true,"jetpack_social_post_already_shared":true,"jetpack_social_options":{"image_generator_settings":{"template":"highway","enabled":false}}},"categories":[2],"tags":[],"jetpack_publicize_connections":[],"jetpack_featured_media_url":"https:\/\/i0.wp.com\/agrund.com\/wp-content\/uploads\/sites\/6\/2018\/05\/ss-2.jpg?fit=960%2C300&ssl=1","jetpack_sharing_enabled":true,"jetpack_shortlink":"https:\/\/wp.me\/p3Hz0n-LqS","jetpack_likes_enabled":true,"_links":{"self":[{"href":"https:\/\/agrund.com\/index.php\/wp-json\/wp\/v2\/posts\/182334"}],"collection":[{"href":"https:\/\/agrund.com\/index.php\/wp-json\/wp\/v2\/posts"}],"about":[{"href":"https:\/\/agrund.com\/index.php\/wp-json\/wp\/v2\/types\/post"}],"author":[{"embeddable":true,"href":"https:\/\/agrund.com\/index.php\/wp-json\/wp\/v2\/users\/8"}],"replies":[{"embeddable":true,"href":"https:\/\/agrund.com\/index.php\/wp-json\/wp\/v2\/comments?post=182334"}],"version-history":[{"count":0,"href":"https:\/\/agrund.com\/index.php\/wp-json\/wp\/v2\/posts\/182334\/revisions"}],"wp:featuredmedia":[{"embeddable":true,"href":"https:\/\/agrund.com\/index.php\/wp-json\/wp\/v2\/media\/182339"}],"wp:attachment":[{"href":"https:\/\/agrund.com\/index.php\/wp-json\/wp\/v2\/media?parent=182334"}],"wp:term":[{"taxonomy":"category","embeddable":true,"href":"https:\/\/agrund.com\/index.php\/wp-json\/wp\/v2\/categories?post=182334"},{"taxonomy":"post_tag","embeddable":true,"href":"https:\/\/agrund.com\/index.php\/wp-json\/wp\/v2\/tags?post=182334"}],"curies":[{"name":"wp","href":"https:\/\/api.w.org\/{rel}","templated":true}]}}