{"id":182328,"date":"2018-05-11T17:00:49","date_gmt":"2018-05-11T20:00:49","guid":{"rendered":"http:\/\/www.agrund.com\/?p=182328"},"modified":"2018-05-11T17:11:07","modified_gmt":"2018-05-11T20:11:07","slug":"as-kardashians-e-suas-paletas-de-sombras","status":"publish","type":"post","link":"https:\/\/agrund.com\/index.php\/as-kardashians-e-suas-paletas-de-sombras\/","title":{"rendered":"As Kardashians e suas paletas de sombras"},"content":{"rendered":"<p>Por <a href=\"https:\/\/www.instagram.com\/annaleemua\/\">Anna Lee<\/a>, de Los Angeles<\/p>\n<p>N\u00e3o \u00e9 a primeira vez que vemos o azul escuro vibrante fazer parte das paletas de maquiagem quando se aproxima a esta\u00e7\u00e3o mais quente do ano.<\/p>\n<p>Para o ver\u00e3o Norte Americano de 2018, o Patric Starrr com a MAC tem um azul royal lindo numa de suas paletas, a Urban Decay teve uma tamb\u00e9m, em parceria com a digital influencer Kristen Leanne, e acabou de lan\u00e7ar a &#8216;Beached&#8217;, tamb\u00e9m com dois tons de azul.<\/p>\n<div id=\"attachment_182330\" style=\"width: 610px\" class=\"wp-caption aligncenter\"><img aria-describedby=\"caption-attachment-182330\" data-attachment-id=\"182330\" data-permalink=\"https:\/\/agrund.com\/index.php\/as-kardashians-e-suas-paletas-de-sombras\/3-1344\/\" data-orig-file=\"https:\/\/i0.wp.com\/agrund.com\/wp-content\/uploads\/sites\/6\/2018\/05\/3-25.jpg?fit=600%2C574&amp;ssl=1\" data-orig-size=\"600,574\" data-comments-opened=\"1\" data-image-meta=\"{&quot;aperture&quot;:&quot;0&quot;,&quot;credit&quot;:&quot;&quot;,&quot;camera&quot;:&quot;&quot;,&quot;caption&quot;:&quot;&quot;,&quot;created_timestamp&quot;:&quot;0&quot;,&quot;copyright&quot;:&quot;&quot;,&quot;focal_length&quot;:&quot;0&quot;,&quot;iso&quot;:&quot;0&quot;,&quot;shutter_speed&quot;:&quot;0&quot;,&quot;title&quot;:&quot;&quot;,&quot;orientation&quot;:&quot;1&quot;}\" data-image-title=\"As Kardashians e suas paletas de sombras\" data-image-description=\"\" data-image-caption=\"&lt;p&gt;As Kardashians e suas paletas de sombras&lt;\/p&gt;\n\" data-medium-file=\"https:\/\/i0.wp.com\/agrund.com\/wp-content\/uploads\/sites\/6\/2018\/05\/3-25.jpg?fit=300%2C287&amp;ssl=1\" data-large-file=\"https:\/\/i0.wp.com\/agrund.com\/wp-content\/uploads\/sites\/6\/2018\/05\/3-25.jpg?fit=600%2C574&amp;ssl=1\" decoding=\"async\" loading=\"lazy\" class=\"size-full wp-image-182330\" src=\"https:\/\/i0.wp.com\/www.agrund.com\/wp-content\/uploads\/sites\/6\/2018\/05\/3-25.jpg?resize=600%2C574\" alt=\"\" width=\"600\" height=\"574\" srcset=\"https:\/\/i0.wp.com\/agrund.com\/wp-content\/uploads\/sites\/6\/2018\/05\/3-25.jpg?w=600&amp;ssl=1 600w, https:\/\/i0.wp.com\/agrund.com\/wp-content\/uploads\/sites\/6\/2018\/05\/3-25.jpg?resize=300%2C287&amp;ssl=1 300w\" sizes=\"(max-width: 600px) 100vw, 600px\" data-recalc-dims=\"1\" \/><p id=\"caption-attachment-182330\" class=\"wp-caption-text\">As Kardashians e suas paletas de sombras<\/p><\/div>\n<p>A\u00ed a Kim Kardashian resolveu celebrar os 10 anos de cumplicidade com seu maquiador Mario&#8230; e fez uma paleta muito parecida com a que a Kylie lan\u00e7ou ano passado, desde a embalagem at\u00e9 algumas cores. Os f\u00e3s exigentes criticaram que, na foto, o tom azul da Kim parecia ser diferente do da Kylie, mas quando compararam as paletas ao vivo.. eles eram muito parecidos!<\/p>\n<p>Kardashian copiar de Kardashian, ou melhor, Jenner! Pode?<\/p>\n<p>Eis a desvantagem de marcas que s\u00f3 vendem online. N\u00e3o temos como testar e comparar antes. Fica a dica!<\/p>\n<div id=\"attachment_182331\" style=\"width: 610px\" class=\"wp-caption aligncenter\"><img aria-describedby=\"caption-attachment-182331\" data-attachment-id=\"182331\" data-permalink=\"https:\/\/agrund.com\/index.php\/as-kardashians-e-suas-paletas-de-sombras\/k-12\/\" data-orig-file=\"https:\/\/i0.wp.com\/agrund.com\/wp-content\/uploads\/sites\/6\/2018\/05\/k.jpg?fit=600%2C754&amp;ssl=1\" data-orig-size=\"600,754\" data-comments-opened=\"1\" data-image-meta=\"{&quot;aperture&quot;:&quot;0&quot;,&quot;credit&quot;:&quot;&quot;,&quot;camera&quot;:&quot;&quot;,&quot;caption&quot;:&quot;&quot;,&quot;created_timestamp&quot;:&quot;0&quot;,&quot;copyright&quot;:&quot;&quot;,&quot;focal_length&quot;:&quot;0&quot;,&quot;iso&quot;:&quot;0&quot;,&quot;shutter_speed&quot;:&quot;0&quot;,&quot;title&quot;:&quot;&quot;,&quot;orientation&quot;:&quot;1&quot;}\" data-image-title=\"As Kardashians e suas paletas de sombras\" data-image-description=\"\" data-image-caption=\"&lt;p&gt;As Kardashians e suas paletas de sombras&lt;\/p&gt;\n\" data-medium-file=\"https:\/\/i0.wp.com\/agrund.com\/wp-content\/uploads\/sites\/6\/2018\/05\/k.jpg?fit=239%2C300&amp;ssl=1\" data-large-file=\"https:\/\/i0.wp.com\/agrund.com\/wp-content\/uploads\/sites\/6\/2018\/05\/k.jpg?fit=600%2C754&amp;ssl=1\" decoding=\"async\" loading=\"lazy\" class=\"size-full wp-image-182331\" src=\"https:\/\/i0.wp.com\/www.agrund.com\/wp-content\/uploads\/sites\/6\/2018\/05\/k.jpg?resize=600%2C754\" alt=\"\" width=\"600\" height=\"754\" srcset=\"https:\/\/i0.wp.com\/agrund.com\/wp-content\/uploads\/sites\/6\/2018\/05\/k.jpg?w=600&amp;ssl=1 600w, https:\/\/i0.wp.com\/agrund.com\/wp-content\/uploads\/sites\/6\/2018\/05\/k.jpg?resize=239%2C300&amp;ssl=1 239w\" sizes=\"(max-width: 600px) 100vw, 600px\" data-recalc-dims=\"1\" \/><p id=\"caption-attachment-182331\" class=\"wp-caption-text\">As Kardashians e suas paletas de sombras<\/p><\/div>\n<div id=\"attachment_182329\" style=\"width: 610px\" class=\"wp-caption aligncenter\"><img aria-describedby=\"caption-attachment-182329\" data-attachment-id=\"182329\" data-permalink=\"https:\/\/agrund.com\/index.php\/as-kardashians-e-suas-paletas-de-sombras\/1-1516\/\" data-orig-file=\"https:\/\/i0.wp.com\/agrund.com\/wp-content\/uploads\/sites\/6\/2018\/05\/1-35.jpg?fit=600%2C600&amp;ssl=1\" data-orig-size=\"600,600\" data-comments-opened=\"1\" data-image-meta=\"{&quot;aperture&quot;:&quot;0&quot;,&quot;credit&quot;:&quot;&quot;,&quot;camera&quot;:&quot;&quot;,&quot;caption&quot;:&quot;&quot;,&quot;created_timestamp&quot;:&quot;0&quot;,&quot;copyright&quot;:&quot;&quot;,&quot;focal_length&quot;:&quot;0&quot;,&quot;iso&quot;:&quot;0&quot;,&quot;shutter_speed&quot;:&quot;0&quot;,&quot;title&quot;:&quot;&quot;,&quot;orientation&quot;:&quot;1&quot;}\" data-image-title=\"As Kardashians e suas paletas de sombras\" data-image-description=\"\" data-image-caption=\"&lt;p&gt;As Kardashians e suas paletas de sombras&lt;\/p&gt;\n\" data-medium-file=\"https:\/\/i0.wp.com\/agrund.com\/wp-content\/uploads\/sites\/6\/2018\/05\/1-35.jpg?fit=300%2C300&amp;ssl=1\" data-large-file=\"https:\/\/i0.wp.com\/agrund.com\/wp-content\/uploads\/sites\/6\/2018\/05\/1-35.jpg?fit=600%2C600&amp;ssl=1\" decoding=\"async\" loading=\"lazy\" class=\"size-full wp-image-182329\" src=\"https:\/\/i0.wp.com\/www.agrund.com\/wp-content\/uploads\/sites\/6\/2018\/05\/1-35.jpg?resize=600%2C600\" alt=\"\" width=\"600\" height=\"600\" srcset=\"https:\/\/i0.wp.com\/agrund.com\/wp-content\/uploads\/sites\/6\/2018\/05\/1-35.jpg?w=600&amp;ssl=1 600w, https:\/\/i0.wp.com\/agrund.com\/wp-content\/uploads\/sites\/6\/2018\/05\/1-35.jpg?resize=150%2C150&amp;ssl=1 150w, https:\/\/i0.wp.com\/agrund.com\/wp-content\/uploads\/sites\/6\/2018\/05\/1-35.jpg?resize=300%2C300&amp;ssl=1 300w\" sizes=\"(max-width: 600px) 100vw, 600px\" data-recalc-dims=\"1\" \/><p id=\"caption-attachment-182329\" class=\"wp-caption-text\">As Kardashians e suas paletas de sombras<\/p><\/div>\n<p>Fotos: Reprodu\u00e7\u00e3o.<\/p>\n","protected":false},"excerpt":{"rendered":"<p>Por Anna Lee, de Los Angeles N\u00e3o \u00e9 a primeira vez que vemos o azul escuro vibrante fazer parte das paletas de maquiagem quando se aproxima a esta\u00e7\u00e3o mais quente do ano. Para o ver\u00e3o Norte Americano de 2018, o Patric Starrr com a MAC tem um azul royal lindo numa de suas paletas, a [&hellip;]<\/p>\n","protected":false},"author":8,"featured_media":0,"comment_status":"open","ping_status":"open","sticky":false,"template":"","format":"standard","meta":{"jetpack_post_was_ever_published":false,"_jetpack_newsletter_access":"","jetpack_publicize_message":"","jetpack_is_tweetstorm":false,"jetpack_publicize_feature_enabled":true,"jetpack_social_post_already_shared":true,"jetpack_social_options":{"image_generator_settings":{"template":"highway","enabled":false}}},"categories":[2],"tags":[],"jetpack_publicize_connections":[],"jetpack_featured_media_url":"","jetpack_sharing_enabled":true,"jetpack_shortlink":"https:\/\/wp.me\/p3Hz0n-LqM","jetpack_likes_enabled":true,"_links":{"self":[{"href":"https:\/\/agrund.com\/index.php\/wp-json\/wp\/v2\/posts\/182328"}],"collection":[{"href":"https:\/\/agrund.com\/index.php\/wp-json\/wp\/v2\/posts"}],"about":[{"href":"https:\/\/agrund.com\/index.php\/wp-json\/wp\/v2\/types\/post"}],"author":[{"embeddable":true,"href":"https:\/\/agrund.com\/index.php\/wp-json\/wp\/v2\/users\/8"}],"replies":[{"embeddable":true,"href":"https:\/\/agrund.com\/index.php\/wp-json\/wp\/v2\/comments?post=182328"}],"version-history":[{"count":0,"href":"https:\/\/agrund.com\/index.php\/wp-json\/wp\/v2\/posts\/182328\/revisions"}],"wp:attachment":[{"href":"https:\/\/agrund.com\/index.php\/wp-json\/wp\/v2\/media?parent=182328"}],"wp:term":[{"taxonomy":"category","embeddable":true,"href":"https:\/\/agrund.com\/index.php\/wp-json\/wp\/v2\/categories?post=182328"},{"taxonomy":"post_tag","embeddable":true,"href":"https:\/\/agrund.com\/index.php\/wp-json\/wp\/v2\/tags?post=182328"}],"curies":[{"name":"wp","href":"https:\/\/api.w.org\/{rel}","templated":true}]}}