{"id":182322,"date":"2018-05-11T15:00:11","date_gmt":"2018-05-11T18:00:11","guid":{"rendered":"http:\/\/www.agrund.com\/?p=182322"},"modified":"2018-05-11T15:07:21","modified_gmt":"2018-05-11T18:07:21","slug":"a-exposicao-do-met-2018","status":"publish","type":"post","link":"https:\/\/agrund.com\/index.php\/a-exposicao-do-met-2018\/","title":{"rendered":"A exposi\u00e7\u00e3o do MET 2018"},"content":{"rendered":"<p>Por Let\u00edcia Santana<\/p>\n<p>Anualmente, a primeira segunda-feira de maio \u00e9 agitada pelo baile do MET (The Metropolitan Museum of Art) em Nova York. O famoso evento, hoje comandado por Anna Wintour, acontece desde 1946 para promover a mais nova exposi\u00e7\u00e3o do The Costume Institute. Neste ano, o museu colocou em pauta o imagin\u00e1rio cat\u00f3lico na moda com a chamada \u201cHeavenly Bodies: Fashion and the Catholic Imagination\u201d, que abriu as portas para o p\u00fablico na \u00faltima quinta (10) e fica at\u00e9 o dia 08 de outubro.<\/p>\n<div id=\"attachment_182324\" style=\"width: 610px\" class=\"wp-caption aligncenter\"><img aria-describedby=\"caption-attachment-182324\" data-attachment-id=\"182324\" data-permalink=\"https:\/\/agrund.com\/index.php\/a-exposicao-do-met-2018\/img_5619\/\" data-orig-file=\"https:\/\/i0.wp.com\/agrund.com\/wp-content\/uploads\/sites\/6\/2018\/05\/IMG_5619.jpg?fit=600%2C424&amp;ssl=1\" data-orig-size=\"600,424\" data-comments-opened=\"1\" data-image-meta=\"{&quot;aperture&quot;:&quot;0&quot;,&quot;credit&quot;:&quot;&quot;,&quot;camera&quot;:&quot;&quot;,&quot;caption&quot;:&quot;&quot;,&quot;created_timestamp&quot;:&quot;1525976775&quot;,&quot;copyright&quot;:&quot;&quot;,&quot;focal_length&quot;:&quot;0&quot;,&quot;iso&quot;:&quot;0&quot;,&quot;shutter_speed&quot;:&quot;0&quot;,&quot;title&quot;:&quot;&quot;,&quot;orientation&quot;:&quot;1&quot;}\" data-image-title=\"A exposi\u00e7\u00e3o do MET 2018\" data-image-description=\"\" data-image-caption=\"&lt;p&gt;A exposi\u00e7\u00e3o do MET 2018&lt;\/p&gt;\n\" data-medium-file=\"https:\/\/i0.wp.com\/agrund.com\/wp-content\/uploads\/sites\/6\/2018\/05\/IMG_5619.jpg?fit=300%2C212&amp;ssl=1\" data-large-file=\"https:\/\/i0.wp.com\/agrund.com\/wp-content\/uploads\/sites\/6\/2018\/05\/IMG_5619.jpg?fit=600%2C424&amp;ssl=1\" decoding=\"async\" loading=\"lazy\" class=\"size-full wp-image-182324\" src=\"https:\/\/i0.wp.com\/www.agrund.com\/wp-content\/uploads\/sites\/6\/2018\/05\/IMG_5619.jpg?resize=600%2C424\" alt=\"\" width=\"600\" height=\"424\" srcset=\"https:\/\/i0.wp.com\/agrund.com\/wp-content\/uploads\/sites\/6\/2018\/05\/IMG_5619.jpg?w=600&amp;ssl=1 600w, https:\/\/i0.wp.com\/agrund.com\/wp-content\/uploads\/sites\/6\/2018\/05\/IMG_5619.jpg?resize=300%2C212&amp;ssl=1 300w\" sizes=\"(max-width: 600px) 100vw, 600px\" data-recalc-dims=\"1\" \/><p id=\"caption-attachment-182324\" class=\"wp-caption-text\">A exposi\u00e7\u00e3o do MET 2018<\/p><\/div>\n<p>Com curadoria de Andrew Bolton, a mostra marca a primeira vez que determinadas vestes papais ser\u00e3o vistas fora do Vaticano. Entre as 40 pe\u00e7as emprestadas, est\u00e1 uma tiara com 18.000 diamantes usada pelo Papa Benedito em 1600. \u201cEu nunca pensei que crescer como cat\u00f3lico teria um impacto nos meus impulsos criativos. Ostensivamente, a exposi\u00e7\u00e3o \u00e9 sobre o imagin\u00e1rio cat\u00f3lico, mas fundamentalmente, \u00e9 sobre criatividade e o que instiga a criatividade. Neste caso em particular, \u00e9 a religi\u00e3o\u201d, contou Andrew em entrevista \u00e0 Vogue.<\/p>\n<div id=\"attachment_182326\" style=\"width: 610px\" class=\"wp-caption aligncenter\"><img aria-describedby=\"caption-attachment-182326\" data-attachment-id=\"182326\" data-permalink=\"https:\/\/agrund.com\/index.php\/a-exposicao-do-met-2018\/img_5623\/\" data-orig-file=\"https:\/\/i0.wp.com\/agrund.com\/wp-content\/uploads\/sites\/6\/2018\/05\/IMG_5623.jpg?fit=600%2C450&amp;ssl=1\" data-orig-size=\"600,450\" data-comments-opened=\"1\" data-image-meta=\"{&quot;aperture&quot;:&quot;0&quot;,&quot;credit&quot;:&quot;&quot;,&quot;camera&quot;:&quot;&quot;,&quot;caption&quot;:&quot;&quot;,&quot;created_timestamp&quot;:&quot;1525977515&quot;,&quot;copyright&quot;:&quot;&quot;,&quot;focal_length&quot;:&quot;0&quot;,&quot;iso&quot;:&quot;0&quot;,&quot;shutter_speed&quot;:&quot;0&quot;,&quot;title&quot;:&quot;&quot;,&quot;orientation&quot;:&quot;1&quot;}\" data-image-title=\"A exposi\u00e7\u00e3o do MET 2018\" data-image-description=\"\" data-image-caption=\"&lt;p&gt;A exposi\u00e7\u00e3o do MET 2018&lt;\/p&gt;\n\" data-medium-file=\"https:\/\/i0.wp.com\/agrund.com\/wp-content\/uploads\/sites\/6\/2018\/05\/IMG_5623.jpg?fit=300%2C225&amp;ssl=1\" data-large-file=\"https:\/\/i0.wp.com\/agrund.com\/wp-content\/uploads\/sites\/6\/2018\/05\/IMG_5623.jpg?fit=600%2C450&amp;ssl=1\" decoding=\"async\" loading=\"lazy\" class=\"size-full wp-image-182326\" src=\"https:\/\/i0.wp.com\/www.agrund.com\/wp-content\/uploads\/sites\/6\/2018\/05\/IMG_5623.jpg?resize=600%2C450\" alt=\"\" width=\"600\" height=\"450\" srcset=\"https:\/\/i0.wp.com\/agrund.com\/wp-content\/uploads\/sites\/6\/2018\/05\/IMG_5623.jpg?w=600&amp;ssl=1 600w, https:\/\/i0.wp.com\/agrund.com\/wp-content\/uploads\/sites\/6\/2018\/05\/IMG_5623.jpg?resize=300%2C225&amp;ssl=1 300w\" sizes=\"(max-width: 600px) 100vw, 600px\" data-recalc-dims=\"1\" \/><p id=\"caption-attachment-182326\" class=\"wp-caption-text\">A exposi\u00e7\u00e3o do MET 2018<\/p><\/div>\n<p>Al\u00e9m das pe\u00e7as vindas diretamente do Pa\u00eds do papa, cria\u00e7\u00f5es de Gianni Versace, Coco Chanel, Jean Paul Gaultier, Pierpaolo Piccioli e de outros importantes designers tamb\u00e9m marcam presen\u00e7a. As 180 pe\u00e7as expostas s\u00e3o respons\u00e1veis por criar um di\u00e1logo surpreendente com as obras de arte religiosas, chamando aten\u00e7\u00e3o pela semelhan\u00e7a entre as pe\u00e7as papais e as da alta-costura. O encontro dram\u00e1tico entre a moda, a arte medieval e o catolicismo te transportam para a narrativa proposta, com direito a luzes e m\u00fasicas de fundo.<\/p>\n<div id=\"attachment_182325\" style=\"width: 610px\" class=\"wp-caption aligncenter\"><img aria-describedby=\"caption-attachment-182325\" data-attachment-id=\"182325\" data-permalink=\"https:\/\/agrund.com\/index.php\/a-exposicao-do-met-2018\/img_5621-2\/\" data-orig-file=\"https:\/\/i0.wp.com\/agrund.com\/wp-content\/uploads\/sites\/6\/2018\/05\/IMG_5621.jpg?fit=600%2C800&amp;ssl=1\" data-orig-size=\"600,800\" data-comments-opened=\"1\" data-image-meta=\"{&quot;aperture&quot;:&quot;0&quot;,&quot;credit&quot;:&quot;&quot;,&quot;camera&quot;:&quot;&quot;,&quot;caption&quot;:&quot;&quot;,&quot;created_timestamp&quot;:&quot;1525977059&quot;,&quot;copyright&quot;:&quot;&quot;,&quot;focal_length&quot;:&quot;0&quot;,&quot;iso&quot;:&quot;0&quot;,&quot;shutter_speed&quot;:&quot;0&quot;,&quot;title&quot;:&quot;&quot;,&quot;orientation&quot;:&quot;1&quot;}\" data-image-title=\"A exposi\u00e7\u00e3o do MET 2018\" data-image-description=\"\" data-image-caption=\"&lt;p&gt;A exposi\u00e7\u00e3o do MET 2018&lt;\/p&gt;\n\" data-medium-file=\"https:\/\/i0.wp.com\/agrund.com\/wp-content\/uploads\/sites\/6\/2018\/05\/IMG_5621.jpg?fit=225%2C300&amp;ssl=1\" data-large-file=\"https:\/\/i0.wp.com\/agrund.com\/wp-content\/uploads\/sites\/6\/2018\/05\/IMG_5621.jpg?fit=600%2C800&amp;ssl=1\" decoding=\"async\" loading=\"lazy\" class=\"size-full wp-image-182325\" src=\"https:\/\/i0.wp.com\/www.agrund.com\/wp-content\/uploads\/sites\/6\/2018\/05\/IMG_5621.jpg?resize=600%2C800\" alt=\"\" width=\"600\" height=\"800\" srcset=\"https:\/\/i0.wp.com\/agrund.com\/wp-content\/uploads\/sites\/6\/2018\/05\/IMG_5621.jpg?w=600&amp;ssl=1 600w, https:\/\/i0.wp.com\/agrund.com\/wp-content\/uploads\/sites\/6\/2018\/05\/IMG_5621.jpg?resize=225%2C300&amp;ssl=1 225w\" sizes=\"(max-width: 600px) 100vw, 600px\" data-recalc-dims=\"1\" \/><p id=\"caption-attachment-182325\" class=\"wp-caption-text\">A exposi\u00e7\u00e3o do MET 2018<\/p><\/div>\n<p>O tema, que foi considerado o mais pol\u00eamico nestes mais de 70 anos do baile, \u00e9 explicado pelo curador: &#8220;Alguns podem considerar a moda como um meio impr\u00f3prio ou inconveniente para se envolver com ideias sobre o sagrado ou o divino, mas o vestu\u00e1rio \u00e9 fundamental para qualquer discuss\u00e3o sobre religi\u00e3o. Ele afirma lealdades religiosas e, por extens\u00e3o, afirma as diferen\u00e7as religiosas\u201d. \u201cDe certa forma, \u00e9 uma s\u00e9rie de interven\u00e7\u00f5es, forjando di\u00e1logos entre a moda e a arte religiosa dentro do contexto de um museu\u201d, finalizou.<\/p>\n<p>Mais em <a href=\"http:\/\/borboletavintage.com.br\/\">Borboleta Vintage<\/a>.<br \/>\nInstagram: <a href=\"https:\/\/www.instagram.com\/borboletavintage\/\">@borboletavintage<\/a><\/p>\n<p>&nbsp;<\/p>\n<p>Fotos: Reprodu\u00e7\u00e3o.<\/p>\n","protected":false},"excerpt":{"rendered":"<p>Por Let\u00edcia Santana Anualmente, a primeira segunda-feira de maio \u00e9 agitada pelo baile do MET (The Metropolitan Museum of Art) em Nova York. O famoso evento, hoje comandado por Anna Wintour, acontece desde 1946 para promover a mais nova exposi\u00e7\u00e3o do The Costume Institute. Neste ano, o museu colocou em pauta o imagin\u00e1rio cat\u00f3lico na [&hellip;]<\/p>\n","protected":false},"author":8,"featured_media":182323,"comment_status":"open","ping_status":"open","sticky":false,"template":"","format":"standard","meta":{"jetpack_post_was_ever_published":false,"_jetpack_newsletter_access":"","jetpack_publicize_message":"","jetpack_is_tweetstorm":false,"jetpack_publicize_feature_enabled":true,"jetpack_social_post_already_shared":true,"jetpack_social_options":{"image_generator_settings":{"template":"highway","enabled":false}}},"categories":[2],"tags":[],"jetpack_publicize_connections":[],"jetpack_featured_media_url":"https:\/\/i0.wp.com\/agrund.com\/wp-content\/uploads\/sites\/6\/2018\/05\/s-41.jpg?fit=960%2C300&ssl=1","jetpack_sharing_enabled":true,"jetpack_shortlink":"https:\/\/wp.me\/p3Hz0n-LqG","jetpack_likes_enabled":true,"_links":{"self":[{"href":"https:\/\/agrund.com\/index.php\/wp-json\/wp\/v2\/posts\/182322"}],"collection":[{"href":"https:\/\/agrund.com\/index.php\/wp-json\/wp\/v2\/posts"}],"about":[{"href":"https:\/\/agrund.com\/index.php\/wp-json\/wp\/v2\/types\/post"}],"author":[{"embeddable":true,"href":"https:\/\/agrund.com\/index.php\/wp-json\/wp\/v2\/users\/8"}],"replies":[{"embeddable":true,"href":"https:\/\/agrund.com\/index.php\/wp-json\/wp\/v2\/comments?post=182322"}],"version-history":[{"count":0,"href":"https:\/\/agrund.com\/index.php\/wp-json\/wp\/v2\/posts\/182322\/revisions"}],"wp:featuredmedia":[{"embeddable":true,"href":"https:\/\/agrund.com\/index.php\/wp-json\/wp\/v2\/media\/182323"}],"wp:attachment":[{"href":"https:\/\/agrund.com\/index.php\/wp-json\/wp\/v2\/media?parent=182322"}],"wp:term":[{"taxonomy":"category","embeddable":true,"href":"https:\/\/agrund.com\/index.php\/wp-json\/wp\/v2\/categories?post=182322"},{"taxonomy":"post_tag","embeddable":true,"href":"https:\/\/agrund.com\/index.php\/wp-json\/wp\/v2\/tags?post=182322"}],"curies":[{"name":"wp","href":"https:\/\/api.w.org\/{rel}","templated":true}]}}