{"id":182303,"date":"2018-05-11T13:00:52","date_gmt":"2018-05-11T16:00:52","guid":{"rendered":"http:\/\/www.agrund.com\/?p=182303"},"modified":"2018-05-11T10:30:54","modified_gmt":"2018-05-11T13:30:54","slug":"lady-gaga-vai-lancar-uma-marca-de-beleza","status":"publish","type":"post","link":"https:\/\/agrund.com\/index.php\/lady-gaga-vai-lancar-uma-marca-de-beleza\/","title":{"rendered":"Lady Gaga vai lan\u00e7ar uma marca de beleza"},"content":{"rendered":"<p>Aten\u00e7\u00e3o f\u00e3s de Lady Gaga! Ao que tudo indica, a cantora est\u00e1 prestes a lan\u00e7ar uma marca de beleza.<\/p>\n<p>\u00c9 que em fevereiro, sua empresa Ate My Heart Inc., registrou em cart\u00f3rio a marca HAUS Beauty. Pelo que foi divulgado agora na m\u00eddia, o documento diz que a empresa pode criar produtos de maquiagem e outros de skincare, como hidratantes.<\/p>\n<p>J\u00e1 pensou uma linha assinada pela cantora? Se depender das maquiagens ic\u00f4nicas de Gaga, os produtos ser\u00e3o incr\u00edveis. Vamos aguardar!<\/p>\n<div id=\"attachment_182304\" style=\"width: 610px\" class=\"wp-caption aligncenter\"><img aria-describedby=\"caption-attachment-182304\" data-attachment-id=\"182304\" data-permalink=\"https:\/\/agrund.com\/index.php\/lady-gaga-vai-lancar-uma-marca-de-beleza\/1-1514\/\" data-orig-file=\"https:\/\/i0.wp.com\/agrund.com\/wp-content\/uploads\/sites\/6\/2018\/05\/1-33-e1526045404539.jpg?fit=600%2C397&amp;ssl=1\" data-orig-size=\"600,397\" data-comments-opened=\"1\" data-image-meta=\"{&quot;aperture&quot;:&quot;0&quot;,&quot;credit&quot;:&quot;&quot;,&quot;camera&quot;:&quot;&quot;,&quot;caption&quot;:&quot;&quot;,&quot;created_timestamp&quot;:&quot;0&quot;,&quot;copyright&quot;:&quot;This content is subject to copyright.&quot;,&quot;focal_length&quot;:&quot;0&quot;,&quot;iso&quot;:&quot;0&quot;,&quot;shutter_speed&quot;:&quot;0&quot;,&quot;title&quot;:&quot;&quot;,&quot;orientation&quot;:&quot;0&quot;}\" data-image-title=\"Lady Gaga vai lan\u00e7ar uma marca de beleza\" data-image-description=\"\" data-image-caption=\"&lt;p&gt;Lady Gaga vai lan\u00e7ar uma marca de beleza&lt;\/p&gt;\n\" data-medium-file=\"https:\/\/i0.wp.com\/agrund.com\/wp-content\/uploads\/sites\/6\/2018\/05\/1-33-e1526045404539.jpg?fit=300%2C198&amp;ssl=1\" data-large-file=\"https:\/\/i0.wp.com\/agrund.com\/wp-content\/uploads\/sites\/6\/2018\/05\/1-33-e1526045404539.jpg?fit=1024%2C677&amp;ssl=1\" decoding=\"async\" loading=\"lazy\" class=\"size-full wp-image-182304\" src=\"https:\/\/i0.wp.com\/www.agrund.com\/wp-content\/uploads\/sites\/6\/2018\/05\/1-33-e1526045404539.jpg?resize=600%2C397\" alt=\"\" width=\"600\" height=\"397\" data-recalc-dims=\"1\" \/><p id=\"caption-attachment-182304\" class=\"wp-caption-text\">Lady Gaga vai lan\u00e7ar uma marca de beleza<\/p><\/div>\n<p>Fotos: Reprodu\u00e7\u00e3o.<\/p>\n","protected":false},"excerpt":{"rendered":"<p>Aten\u00e7\u00e3o f\u00e3s de Lady Gaga! Ao que tudo indica, a cantora est\u00e1 prestes a lan\u00e7ar uma marca de beleza. \u00c9 que em fevereiro, sua empresa Ate My Heart Inc., registrou em cart\u00f3rio a marca HAUS Beauty. Pelo que foi divulgado agora na m\u00eddia, o documento diz que a empresa pode criar produtos de maquiagem e [&hellip;]<\/p>\n","protected":false},"author":8,"featured_media":182305,"comment_status":"open","ping_status":"open","sticky":false,"template":"","format":"standard","meta":{"jetpack_post_was_ever_published":false,"_jetpack_newsletter_access":"","jetpack_publicize_message":"","jetpack_is_tweetstorm":false,"jetpack_publicize_feature_enabled":true,"jetpack_social_post_already_shared":true,"jetpack_social_options":{"image_generator_settings":{"template":"highway","enabled":false}}},"categories":[2],"tags":[],"jetpack_publicize_connections":[],"jetpack_featured_media_url":"https:\/\/i0.wp.com\/agrund.com\/wp-content\/uploads\/sites\/6\/2018\/05\/s-37.jpg?fit=960%2C300&ssl=1","jetpack_sharing_enabled":true,"jetpack_shortlink":"https:\/\/wp.me\/p3Hz0n-Lqn","jetpack_likes_enabled":true,"_links":{"self":[{"href":"https:\/\/agrund.com\/index.php\/wp-json\/wp\/v2\/posts\/182303"}],"collection":[{"href":"https:\/\/agrund.com\/index.php\/wp-json\/wp\/v2\/posts"}],"about":[{"href":"https:\/\/agrund.com\/index.php\/wp-json\/wp\/v2\/types\/post"}],"author":[{"embeddable":true,"href":"https:\/\/agrund.com\/index.php\/wp-json\/wp\/v2\/users\/8"}],"replies":[{"embeddable":true,"href":"https:\/\/agrund.com\/index.php\/wp-json\/wp\/v2\/comments?post=182303"}],"version-history":[{"count":0,"href":"https:\/\/agrund.com\/index.php\/wp-json\/wp\/v2\/posts\/182303\/revisions"}],"wp:featuredmedia":[{"embeddable":true,"href":"https:\/\/agrund.com\/index.php\/wp-json\/wp\/v2\/media\/182305"}],"wp:attachment":[{"href":"https:\/\/agrund.com\/index.php\/wp-json\/wp\/v2\/media?parent=182303"}],"wp:term":[{"taxonomy":"category","embeddable":true,"href":"https:\/\/agrund.com\/index.php\/wp-json\/wp\/v2\/categories?post=182303"},{"taxonomy":"post_tag","embeddable":true,"href":"https:\/\/agrund.com\/index.php\/wp-json\/wp\/v2\/tags?post=182303"}],"curies":[{"name":"wp","href":"https:\/\/api.w.org\/{rel}","templated":true}]}}