{"id":182279,"date":"2018-05-10T15:00:57","date_gmt":"2018-05-10T18:00:57","guid":{"rendered":"http:\/\/www.agrund.com\/?p=182279"},"modified":"2018-05-10T12:56:29","modified_gmt":"2018-05-10T15:56:29","slug":"a-reimaginacao-da-prada","status":"publish","type":"post","link":"https:\/\/agrund.com\/index.php\/a-reimaginacao-da-prada\/","title":{"rendered":"A reimagina\u00e7\u00e3o da Prada"},"content":{"rendered":"<p>Para apresentar a sua cole\u00e7\u00e3o primavera\/ver\u00e3o 2018, a Prada decidiu colocar a imagina\u00e7\u00e3o para funcionar. Chamada \u2018Reimagination\u2019 (\u2018Reimagina\u00e7\u00e3o\u2019), a campanha foi fotografada em um est\u00fadio com fundo cinza e terra no ch\u00e3o.<\/p>\n<p>Um time formado por Amber Valletta, Liya Kebede, Dara Allen, Kris Grikaite, Lakshmi Menon, Yoon Young Bae, Lineisy Montero e Wang Chenming posou n\u00e3o s\u00f3 vestindo os looks da marca, mas tamb\u00e9m com guarda-chuva, carrinho de beb\u00ea, pneus, bolsas, maletas e cases de instrumentos musicais.<\/p>\n<p>Al\u00e9m da campanha fotogr\u00e1fica, a Prada tamb\u00e9m preparou um fashion film. A fotografia \u00e9 de Ethan James Green e voc\u00ea confere na galeria abaixo:<\/p>\n<span class=\"embed-youtube\" style=\"text-align:center; display: block;\"><iframe class=\"youtube-player\" width=\"600\" height=\"355\" src=\"https:\/\/www.youtube.com\/embed\/XNdm2Z9FraI?version=3&#038;rel=1&#038;showsearch=0&#038;showinfo=1&#038;iv_load_policy=1&#038;fs=1&#038;hl=pt-BR&#038;autohide=2&#038;wmode=transparent\" allowfullscreen=\"true\" style=\"border:0;\" sandbox=\"allow-scripts allow-same-origin allow-popups allow-presentation\"><\/iframe><\/span>\n<div id=\"attachment_182280\" style=\"width: 610px\" class=\"wp-caption aligncenter\"><img aria-describedby=\"caption-attachment-182280\" data-attachment-id=\"182280\" data-permalink=\"https:\/\/agrund.com\/index.php\/a-reimaginacao-da-prada\/1-1511\/\" data-orig-file=\"https:\/\/i0.wp.com\/agrund.com\/wp-content\/uploads\/sites\/6\/2018\/05\/1-30-e1525967024391.jpg?fit=600%2C374&amp;ssl=1\" data-orig-size=\"600,374\" data-comments-opened=\"1\" data-image-meta=\"{&quot;aperture&quot;:&quot;0&quot;,&quot;credit&quot;:&quot;&quot;,&quot;camera&quot;:&quot;&quot;,&quot;caption&quot;:&quot;&quot;,&quot;created_timestamp&quot;:&quot;0&quot;,&quot;copyright&quot;:&quot;&quot;,&quot;focal_length&quot;:&quot;0&quot;,&quot;iso&quot;:&quot;0&quot;,&quot;shutter_speed&quot;:&quot;0&quot;,&quot;title&quot;:&quot;&quot;,&quot;orientation&quot;:&quot;1&quot;}\" data-image-title=\"A reimagina\u00e7\u00e3o da Prada\" data-image-description=\"\" data-image-caption=\"&lt;p&gt;A reimagina\u00e7\u00e3o da Prada&lt;\/p&gt;\n\" data-medium-file=\"https:\/\/i0.wp.com\/agrund.com\/wp-content\/uploads\/sites\/6\/2018\/05\/1-30-e1525967024391.jpg?fit=300%2C187&amp;ssl=1\" data-large-file=\"https:\/\/i0.wp.com\/agrund.com\/wp-content\/uploads\/sites\/6\/2018\/05\/1-30-e1525967024391.jpg?fit=600%2C374&amp;ssl=1\" decoding=\"async\" loading=\"lazy\" class=\"size-full wp-image-182280\" src=\"https:\/\/i0.wp.com\/www.agrund.com\/wp-content\/uploads\/sites\/6\/2018\/05\/1-30-e1525967024391.jpg?resize=600%2C374\" alt=\"\" width=\"600\" height=\"374\" data-recalc-dims=\"1\" \/><p id=\"caption-attachment-182280\" class=\"wp-caption-text\">A reimagina\u00e7\u00e3o da Prada<\/p><\/div>\n<div id=\"attachment_182281\" style=\"width: 610px\" class=\"wp-caption aligncenter\"><img aria-describedby=\"caption-attachment-182281\" data-attachment-id=\"182281\" data-permalink=\"https:\/\/agrund.com\/index.php\/a-reimaginacao-da-prada\/2-1444\/\" data-orig-file=\"https:\/\/i0.wp.com\/agrund.com\/wp-content\/uploads\/sites\/6\/2018\/05\/2-24-e1525967049806.jpg?fit=600%2C374&amp;ssl=1\" data-orig-size=\"600,374\" data-comments-opened=\"1\" data-image-meta=\"{&quot;aperture&quot;:&quot;0&quot;,&quot;credit&quot;:&quot;&quot;,&quot;camera&quot;:&quot;&quot;,&quot;caption&quot;:&quot;&quot;,&quot;created_timestamp&quot;:&quot;0&quot;,&quot;copyright&quot;:&quot;&quot;,&quot;focal_length&quot;:&quot;0&quot;,&quot;iso&quot;:&quot;0&quot;,&quot;shutter_speed&quot;:&quot;0&quot;,&quot;title&quot;:&quot;&quot;,&quot;orientation&quot;:&quot;1&quot;}\" data-image-title=\"A reimagina\u00e7\u00e3o da Prada\" data-image-description=\"\" data-image-caption=\"&lt;p&gt;A reimagina\u00e7\u00e3o da Prada&lt;\/p&gt;\n\" data-medium-file=\"https:\/\/i0.wp.com\/agrund.com\/wp-content\/uploads\/sites\/6\/2018\/05\/2-24-e1525967049806.jpg?fit=300%2C187&amp;ssl=1\" data-large-file=\"https:\/\/i0.wp.com\/agrund.com\/wp-content\/uploads\/sites\/6\/2018\/05\/2-24-e1525967049806.jpg?fit=600%2C374&amp;ssl=1\" decoding=\"async\" loading=\"lazy\" class=\"size-full wp-image-182281\" src=\"https:\/\/i0.wp.com\/www.agrund.com\/wp-content\/uploads\/sites\/6\/2018\/05\/2-24-e1525967049806.jpg?resize=600%2C374\" alt=\"\" width=\"600\" height=\"374\" data-recalc-dims=\"1\" \/><p id=\"caption-attachment-182281\" class=\"wp-caption-text\">A reimagina\u00e7\u00e3o da Prada<\/p><\/div>\n<div id=\"attachment_182282\" style=\"width: 610px\" class=\"wp-caption aligncenter\"><img aria-describedby=\"caption-attachment-182282\" data-attachment-id=\"182282\" data-permalink=\"https:\/\/agrund.com\/index.php\/a-reimaginacao-da-prada\/3-1342\/\" data-orig-file=\"https:\/\/i0.wp.com\/agrund.com\/wp-content\/uploads\/sites\/6\/2018\/05\/3-23-e1525967494782.jpg?fit=600%2C374&amp;ssl=1\" data-orig-size=\"600,374\" data-comments-opened=\"1\" data-image-meta=\"{&quot;aperture&quot;:&quot;0&quot;,&quot;credit&quot;:&quot;&quot;,&quot;camera&quot;:&quot;&quot;,&quot;caption&quot;:&quot;&quot;,&quot;created_timestamp&quot;:&quot;0&quot;,&quot;copyright&quot;:&quot;&quot;,&quot;focal_length&quot;:&quot;0&quot;,&quot;iso&quot;:&quot;0&quot;,&quot;shutter_speed&quot;:&quot;0&quot;,&quot;title&quot;:&quot;&quot;,&quot;orientation&quot;:&quot;1&quot;}\" data-image-title=\"A reimagina\u00e7\u00e3o da Prada\" data-image-description=\"\" data-image-caption=\"&lt;p&gt;A reimagina\u00e7\u00e3o da Prada&lt;\/p&gt;\n\" data-medium-file=\"https:\/\/i0.wp.com\/agrund.com\/wp-content\/uploads\/sites\/6\/2018\/05\/3-23-e1525967494782.jpg?fit=300%2C187&amp;ssl=1\" data-large-file=\"https:\/\/i0.wp.com\/agrund.com\/wp-content\/uploads\/sites\/6\/2018\/05\/3-23-e1525967494782.jpg?fit=600%2C374&amp;ssl=1\" decoding=\"async\" loading=\"lazy\" class=\"size-full wp-image-182282\" src=\"https:\/\/i0.wp.com\/www.agrund.com\/wp-content\/uploads\/sites\/6\/2018\/05\/3-23-e1525967494782.jpg?resize=600%2C374\" alt=\"\" width=\"600\" height=\"374\" data-recalc-dims=\"1\" \/><p id=\"caption-attachment-182282\" class=\"wp-caption-text\">A reimagina\u00e7\u00e3o da Prada<\/p><\/div>\n<div id=\"attachment_182284\" style=\"width: 610px\" class=\"wp-caption aligncenter\"><img aria-describedby=\"caption-attachment-182284\" data-attachment-id=\"182284\" data-permalink=\"https:\/\/agrund.com\/index.php\/a-reimaginacao-da-prada\/5-1050\/\" data-orig-file=\"https:\/\/i0.wp.com\/agrund.com\/wp-content\/uploads\/sites\/6\/2018\/05\/5-9-e1525967557723.jpg?fit=600%2C374&amp;ssl=1\" data-orig-size=\"600,374\" data-comments-opened=\"1\" data-image-meta=\"{&quot;aperture&quot;:&quot;0&quot;,&quot;credit&quot;:&quot;&quot;,&quot;camera&quot;:&quot;&quot;,&quot;caption&quot;:&quot;&quot;,&quot;created_timestamp&quot;:&quot;0&quot;,&quot;copyright&quot;:&quot;&quot;,&quot;focal_length&quot;:&quot;0&quot;,&quot;iso&quot;:&quot;0&quot;,&quot;shutter_speed&quot;:&quot;0&quot;,&quot;title&quot;:&quot;&quot;,&quot;orientation&quot;:&quot;1&quot;}\" data-image-title=\"A reimagina\u00e7\u00e3o da Prada\" data-image-description=\"\" data-image-caption=\"&lt;p&gt;A reimagina\u00e7\u00e3o da Prada&lt;\/p&gt;\n\" data-medium-file=\"https:\/\/i0.wp.com\/agrund.com\/wp-content\/uploads\/sites\/6\/2018\/05\/5-9-e1525967557723.jpg?fit=300%2C187&amp;ssl=1\" data-large-file=\"https:\/\/i0.wp.com\/agrund.com\/wp-content\/uploads\/sites\/6\/2018\/05\/5-9-e1525967557723.jpg?fit=600%2C374&amp;ssl=1\" decoding=\"async\" loading=\"lazy\" class=\"size-full wp-image-182284\" src=\"https:\/\/i0.wp.com\/www.agrund.com\/wp-content\/uploads\/sites\/6\/2018\/05\/5-9-e1525967557723.jpg?resize=600%2C374\" alt=\"\" width=\"600\" height=\"374\" data-recalc-dims=\"1\" \/><p id=\"caption-attachment-182284\" class=\"wp-caption-text\">A reimagina\u00e7\u00e3o da Prada<\/p><\/div>\n<div id=\"attachment_182283\" style=\"width: 610px\" class=\"wp-caption aligncenter\"><img aria-describedby=\"caption-attachment-182283\" data-attachment-id=\"182283\" data-permalink=\"https:\/\/agrund.com\/index.php\/a-reimaginacao-da-prada\/4-1231\/\" data-orig-file=\"https:\/\/i0.wp.com\/agrund.com\/wp-content\/uploads\/sites\/6\/2018\/05\/4-19-e1525967585416.jpg?fit=600%2C374&amp;ssl=1\" data-orig-size=\"600,374\" data-comments-opened=\"1\" data-image-meta=\"{&quot;aperture&quot;:&quot;0&quot;,&quot;credit&quot;:&quot;&quot;,&quot;camera&quot;:&quot;&quot;,&quot;caption&quot;:&quot;&quot;,&quot;created_timestamp&quot;:&quot;0&quot;,&quot;copyright&quot;:&quot;&quot;,&quot;focal_length&quot;:&quot;0&quot;,&quot;iso&quot;:&quot;0&quot;,&quot;shutter_speed&quot;:&quot;0&quot;,&quot;title&quot;:&quot;&quot;,&quot;orientation&quot;:&quot;1&quot;}\" data-image-title=\"A reimagina\u00e7\u00e3o da Prada\" data-image-description=\"\" data-image-caption=\"&lt;p&gt;A reimagina\u00e7\u00e3o da Prada&lt;\/p&gt;\n\" data-medium-file=\"https:\/\/i0.wp.com\/agrund.com\/wp-content\/uploads\/sites\/6\/2018\/05\/4-19-e1525967585416.jpg?fit=300%2C187&amp;ssl=1\" data-large-file=\"https:\/\/i0.wp.com\/agrund.com\/wp-content\/uploads\/sites\/6\/2018\/05\/4-19-e1525967585416.jpg?fit=600%2C374&amp;ssl=1\" decoding=\"async\" loading=\"lazy\" class=\"size-full wp-image-182283\" src=\"https:\/\/i0.wp.com\/www.agrund.com\/wp-content\/uploads\/sites\/6\/2018\/05\/4-19-e1525967585416.jpg?resize=600%2C374\" alt=\"\" width=\"600\" height=\"374\" data-recalc-dims=\"1\" \/><p id=\"caption-attachment-182283\" class=\"wp-caption-text\">A reimagina\u00e7\u00e3o da Prada<\/p><\/div>\n<p>Fotos e V\u00eddeo: Reprodu\u00e7\u00e3o.<\/p>\n","protected":false},"excerpt":{"rendered":"<p>Para apresentar a sua cole\u00e7\u00e3o primavera\/ver\u00e3o 2018, a Prada decidiu colocar a imagina\u00e7\u00e3o para funcionar. Chamada \u2018Reimagination\u2019 (\u2018Reimagina\u00e7\u00e3o\u2019), a campanha foi fotografada em um est\u00fadio com fundo cinza e terra no ch\u00e3o. Um time formado por Amber Valletta, Liya Kebede, Dara Allen, Kris Grikaite, Lakshmi Menon, Yoon Young Bae, Lineisy Montero e Wang Chenming posou [&hellip;]<\/p>\n","protected":false},"author":8,"featured_media":182285,"comment_status":"open","ping_status":"open","sticky":false,"template":"","format":"standard","meta":{"jetpack_post_was_ever_published":false,"_jetpack_newsletter_access":"","jetpack_publicize_message":"","jetpack_is_tweetstorm":false,"jetpack_publicize_feature_enabled":true,"jetpack_social_post_already_shared":true,"jetpack_social_options":{"image_generator_settings":{"template":"highway","enabled":false}}},"categories":[2],"tags":[],"jetpack_publicize_connections":[],"jetpack_featured_media_url":"https:\/\/i0.wp.com\/agrund.com\/wp-content\/uploads\/sites\/6\/2018\/05\/s-33.jpg?fit=960%2C300&ssl=1","jetpack_sharing_enabled":true,"jetpack_shortlink":"https:\/\/wp.me\/p3Hz0n-LpZ","jetpack_likes_enabled":true,"_links":{"self":[{"href":"https:\/\/agrund.com\/index.php\/wp-json\/wp\/v2\/posts\/182279"}],"collection":[{"href":"https:\/\/agrund.com\/index.php\/wp-json\/wp\/v2\/posts"}],"about":[{"href":"https:\/\/agrund.com\/index.php\/wp-json\/wp\/v2\/types\/post"}],"author":[{"embeddable":true,"href":"https:\/\/agrund.com\/index.php\/wp-json\/wp\/v2\/users\/8"}],"replies":[{"embeddable":true,"href":"https:\/\/agrund.com\/index.php\/wp-json\/wp\/v2\/comments?post=182279"}],"version-history":[{"count":0,"href":"https:\/\/agrund.com\/index.php\/wp-json\/wp\/v2\/posts\/182279\/revisions"}],"wp:featuredmedia":[{"embeddable":true,"href":"https:\/\/agrund.com\/index.php\/wp-json\/wp\/v2\/media\/182285"}],"wp:attachment":[{"href":"https:\/\/agrund.com\/index.php\/wp-json\/wp\/v2\/media?parent=182279"}],"wp:term":[{"taxonomy":"category","embeddable":true,"href":"https:\/\/agrund.com\/index.php\/wp-json\/wp\/v2\/categories?post=182279"},{"taxonomy":"post_tag","embeddable":true,"href":"https:\/\/agrund.com\/index.php\/wp-json\/wp\/v2\/tags?post=182279"}],"curies":[{"name":"wp","href":"https:\/\/api.w.org\/{rel}","templated":true}]}}