{"id":182272,"date":"2018-05-10T13:00:45","date_gmt":"2018-05-10T16:00:45","guid":{"rendered":"http:\/\/www.agrund.com\/?p=182272"},"modified":"2018-05-10T10:42:12","modified_gmt":"2018-05-10T13:42:12","slug":"estrela-de-13-reasons-why-e-capa-da-marie-claire-us","status":"publish","type":"post","link":"https:\/\/agrund.com\/index.php\/estrela-de-13-reasons-why-e-capa-da-marie-claire-us\/","title":{"rendered":"Estrela de &#8217;13 Reasons Why&#8217; \u00e9 capa da &#8216;Marie Claire&#8217; US"},"content":{"rendered":"<p>A segunda temporada de &#8217;13 Reasons Why&#8217; estreia na pr\u00f3xima semana, e a &#8216;Marie Claire&#8217; americana convocou uma das protagonistas da s\u00e9rie para estrelar sua edi\u00e7\u00e3o de maio 2018.<\/p>\n<p>Sob a chamada \u2018Fresh Faces 2018\u2019 (\u2018Novos rostos de 2018\u2019, em portugu\u00eas), Katherine Langford aparece com uma pele leve e sombra vibrante azul clara. Olha a\u00ed a inspira\u00e7\u00e3o para o pr\u00f3ximo ver\u00e3o!<\/p>\n<p>Durante a entrevista, a atriz revelou como \u00e9 interpretar Hannah na s\u00e9rie.<\/p>\n<p>\u201c\u00c9 preciso muita dedica\u00e7\u00e3o emocional e f\u00edsica. Mesmo se voc\u00ea n\u00e3o est\u00e1 passando por aquelas coisas, precisa buscar dentro de si. \u00c9 dif\u00edcil para o seu corpo discernir\u201d, explicou Katherine.<\/p>\n<p>A fotografia \u00e9 de Erik Madigan Heck e voc\u00ea confere na galeria abaixo:<\/p>\n<div id=\"attachment_182273\" style=\"width: 610px\" class=\"wp-caption aligncenter\"><img aria-describedby=\"caption-attachment-182273\" data-attachment-id=\"182273\" data-permalink=\"https:\/\/agrund.com\/index.php\/estrela-de-13-reasons-why-e-capa-da-marie-claire-us\/1-1510\/\" data-orig-file=\"https:\/\/i0.wp.com\/agrund.com\/wp-content\/uploads\/sites\/6\/2018\/05\/1-29-e1525959423272.jpg?fit=600%2C735&amp;ssl=1\" data-orig-size=\"600,735\" data-comments-opened=\"1\" data-image-meta=\"{&quot;aperture&quot;:&quot;0&quot;,&quot;credit&quot;:&quot;&quot;,&quot;camera&quot;:&quot;&quot;,&quot;caption&quot;:&quot;&quot;,&quot;created_timestamp&quot;:&quot;0&quot;,&quot;copyright&quot;:&quot;&quot;,&quot;focal_length&quot;:&quot;0&quot;,&quot;iso&quot;:&quot;0&quot;,&quot;shutter_speed&quot;:&quot;0&quot;,&quot;title&quot;:&quot;&quot;,&quot;orientation&quot;:&quot;1&quot;}\" data-image-title=\"Estrela de &#8217;13 Reasons Why&#8217; \u00e9 capa da &#8216;Marie Claire&#8217; US\" data-image-description=\"\" data-image-caption=\"&lt;p&gt;Estrela de &#8217;13 Reasons Why&#8217; \u00e9 capa da &#8216;Marie Claire&#8217; US&lt;\/p&gt;\n\" data-medium-file=\"https:\/\/i0.wp.com\/agrund.com\/wp-content\/uploads\/sites\/6\/2018\/05\/1-29-e1525959423272.jpg?fit=245%2C300&amp;ssl=1\" data-large-file=\"https:\/\/i0.wp.com\/agrund.com\/wp-content\/uploads\/sites\/6\/2018\/05\/1-29-e1525959423272.jpg?fit=600%2C735&amp;ssl=1\" decoding=\"async\" loading=\"lazy\" class=\"size-full wp-image-182273\" src=\"https:\/\/i0.wp.com\/www.agrund.com\/wp-content\/uploads\/sites\/6\/2018\/05\/1-29-e1525959423272.jpg?resize=600%2C735\" alt=\"\" width=\"600\" height=\"735\" data-recalc-dims=\"1\" \/><p id=\"caption-attachment-182273\" class=\"wp-caption-text\">Estrela de &#8217;13 Reasons Why&#8217; \u00e9 capa da &#8216;Marie Claire&#8217; US<\/p><\/div>\n<div id=\"attachment_182275\" style=\"width: 610px\" class=\"wp-caption aligncenter\"><img aria-describedby=\"caption-attachment-182275\" data-attachment-id=\"182275\" data-permalink=\"https:\/\/agrund.com\/index.php\/estrela-de-13-reasons-why-e-capa-da-marie-claire-us\/3-1341\/\" data-orig-file=\"https:\/\/i0.wp.com\/agrund.com\/wp-content\/uploads\/sites\/6\/2018\/05\/3-22-e1525959573198.jpg?fit=600%2C686&amp;ssl=1\" data-orig-size=\"600,686\" data-comments-opened=\"1\" data-image-meta=\"{&quot;aperture&quot;:&quot;0&quot;,&quot;credit&quot;:&quot;&quot;,&quot;camera&quot;:&quot;&quot;,&quot;caption&quot;:&quot;&quot;,&quot;created_timestamp&quot;:&quot;0&quot;,&quot;copyright&quot;:&quot;&quot;,&quot;focal_length&quot;:&quot;0&quot;,&quot;iso&quot;:&quot;0&quot;,&quot;shutter_speed&quot;:&quot;0&quot;,&quot;title&quot;:&quot;&quot;,&quot;orientation&quot;:&quot;1&quot;}\" data-image-title=\"Estrela de &#8217;13 Reasons Why&#8217; \u00e9 capa da &#8216;Marie Claire&#8217; US\" data-image-description=\"\" data-image-caption=\"&lt;p&gt;Estrela de &#8217;13 Reasons Why&#8217; \u00e9 capa da &#8216;Marie Claire&#8217; US&lt;\/p&gt;\n\" data-medium-file=\"https:\/\/i0.wp.com\/agrund.com\/wp-content\/uploads\/sites\/6\/2018\/05\/3-22-e1525959573198.jpg?fit=263%2C300&amp;ssl=1\" data-large-file=\"https:\/\/i0.wp.com\/agrund.com\/wp-content\/uploads\/sites\/6\/2018\/05\/3-22-e1525959573198.jpg?fit=600%2C686&amp;ssl=1\" decoding=\"async\" loading=\"lazy\" class=\"size-full wp-image-182275\" src=\"https:\/\/i0.wp.com\/www.agrund.com\/wp-content\/uploads\/sites\/6\/2018\/05\/3-22-e1525959573198.jpg?resize=600%2C686\" alt=\"\" width=\"600\" height=\"686\" data-recalc-dims=\"1\" \/><p id=\"caption-attachment-182275\" class=\"wp-caption-text\">Estrela de &#8217;13 Reasons Why&#8217; \u00e9 capa da &#8216;Marie Claire&#8217; US<\/p><\/div>\n<div id=\"attachment_182276\" style=\"width: 610px\" class=\"wp-caption aligncenter\"><img aria-describedby=\"caption-attachment-182276\" data-attachment-id=\"182276\" data-permalink=\"https:\/\/agrund.com\/index.php\/estrela-de-13-reasons-why-e-capa-da-marie-claire-us\/4-1230\/\" data-orig-file=\"https:\/\/i0.wp.com\/agrund.com\/wp-content\/uploads\/sites\/6\/2018\/05\/4-18-e1525959600854.jpg?fit=600%2C735&amp;ssl=1\" data-orig-size=\"600,735\" data-comments-opened=\"1\" data-image-meta=\"{&quot;aperture&quot;:&quot;0&quot;,&quot;credit&quot;:&quot;&quot;,&quot;camera&quot;:&quot;&quot;,&quot;caption&quot;:&quot;&quot;,&quot;created_timestamp&quot;:&quot;0&quot;,&quot;copyright&quot;:&quot;&quot;,&quot;focal_length&quot;:&quot;0&quot;,&quot;iso&quot;:&quot;0&quot;,&quot;shutter_speed&quot;:&quot;0&quot;,&quot;title&quot;:&quot;&quot;,&quot;orientation&quot;:&quot;1&quot;}\" data-image-title=\"Estrela de &#8217;13 Reasons Why&#8217; \u00e9 capa da &#8216;Marie Claire&#8217; US\" data-image-description=\"\" data-image-caption=\"&lt;p&gt;Estrela de &#8217;13 Reasons Why&#8217; \u00e9 capa da &#8216;Marie Claire&#8217; US&lt;\/p&gt;\n\" data-medium-file=\"https:\/\/i0.wp.com\/agrund.com\/wp-content\/uploads\/sites\/6\/2018\/05\/4-18-e1525959600854.jpg?fit=245%2C300&amp;ssl=1\" data-large-file=\"https:\/\/i0.wp.com\/agrund.com\/wp-content\/uploads\/sites\/6\/2018\/05\/4-18-e1525959600854.jpg?fit=600%2C735&amp;ssl=1\" decoding=\"async\" loading=\"lazy\" class=\"size-full wp-image-182276\" src=\"https:\/\/i0.wp.com\/www.agrund.com\/wp-content\/uploads\/sites\/6\/2018\/05\/4-18-e1525959600854.jpg?resize=600%2C735\" alt=\"\" width=\"600\" height=\"735\" data-recalc-dims=\"1\" \/><p id=\"caption-attachment-182276\" class=\"wp-caption-text\">Estrela de &#8217;13 Reasons Why&#8217; \u00e9 capa da &#8216;Marie Claire&#8217; US<\/p><\/div>\n<p>Fotos: Reprodu\u00e7\u00e3o.<\/p>\n<p>&nbsp;<\/p>\n","protected":false},"excerpt":{"rendered":"<p>A segunda temporada de &#8217;13 Reasons Why&#8217; estreia na pr\u00f3xima semana, e a &#8216;Marie Claire&#8217; americana convocou uma das protagonistas da s\u00e9rie para estrelar sua edi\u00e7\u00e3o de maio 2018. Sob a chamada \u2018Fresh Faces 2018\u2019 (\u2018Novos rostos de 2018\u2019, em portugu\u00eas), Katherine Langford aparece com uma pele leve e sombra vibrante azul clara. Olha a\u00ed [&hellip;]<\/p>\n","protected":false},"author":8,"featured_media":182277,"comment_status":"open","ping_status":"open","sticky":false,"template":"","format":"standard","meta":{"jetpack_post_was_ever_published":false,"_jetpack_newsletter_access":"","jetpack_publicize_message":"","jetpack_is_tweetstorm":false,"jetpack_publicize_feature_enabled":true,"jetpack_social_post_already_shared":true,"jetpack_social_options":{"image_generator_settings":{"template":"highway","enabled":false}}},"categories":[2],"tags":[],"jetpack_publicize_connections":[],"jetpack_featured_media_url":"https:\/\/i0.wp.com\/agrund.com\/wp-content\/uploads\/sites\/6\/2018\/05\/s-32.jpg?fit=960%2C300&ssl=1","jetpack_sharing_enabled":true,"jetpack_shortlink":"https:\/\/wp.me\/p3Hz0n-LpS","jetpack_likes_enabled":true,"_links":{"self":[{"href":"https:\/\/agrund.com\/index.php\/wp-json\/wp\/v2\/posts\/182272"}],"collection":[{"href":"https:\/\/agrund.com\/index.php\/wp-json\/wp\/v2\/posts"}],"about":[{"href":"https:\/\/agrund.com\/index.php\/wp-json\/wp\/v2\/types\/post"}],"author":[{"embeddable":true,"href":"https:\/\/agrund.com\/index.php\/wp-json\/wp\/v2\/users\/8"}],"replies":[{"embeddable":true,"href":"https:\/\/agrund.com\/index.php\/wp-json\/wp\/v2\/comments?post=182272"}],"version-history":[{"count":0,"href":"https:\/\/agrund.com\/index.php\/wp-json\/wp\/v2\/posts\/182272\/revisions"}],"wp:featuredmedia":[{"embeddable":true,"href":"https:\/\/agrund.com\/index.php\/wp-json\/wp\/v2\/media\/182277"}],"wp:attachment":[{"href":"https:\/\/agrund.com\/index.php\/wp-json\/wp\/v2\/media?parent=182272"}],"wp:term":[{"taxonomy":"category","embeddable":true,"href":"https:\/\/agrund.com\/index.php\/wp-json\/wp\/v2\/categories?post=182272"},{"taxonomy":"post_tag","embeddable":true,"href":"https:\/\/agrund.com\/index.php\/wp-json\/wp\/v2\/tags?post=182272"}],"curies":[{"name":"wp","href":"https:\/\/api.w.org\/{rel}","templated":true}]}}