{"id":182268,"date":"2018-05-10T11:00:14","date_gmt":"2018-05-10T14:00:14","guid":{"rendered":"http:\/\/www.agrund.com\/?p=182268"},"modified":"2018-05-10T10:31:12","modified_gmt":"2018-05-10T13:31:12","slug":"kim-kardashian-recebera-premio-de-influencer-do-ano","status":"publish","type":"post","link":"https:\/\/agrund.com\/index.php\/kim-kardashian-recebera-premio-de-influencer-do-ano\/","title":{"rendered":"Kim Kardashian receber\u00e1 pr\u00eamio de \u2018Influencer do ano\u2019"},"content":{"rendered":"<p>Pela primeira vez, o CFDA Fashion Awards ir\u00e1 premiar um influenciador e o nome escolhido para estrear a categoria \u00e9 ningu\u00e9m menos que Kim Kardashian.<\/p>\n<p>A ideia de criar o pr\u00eamio de &#8220;Influencer&#8221; partiu de Tommy Hilfiger, que falou ao conselho sobre as grandes mudan\u00e7as que os influencers fizeram na ind\u00fastria da moda. E ele est\u00e1 realmente certo, n\u00e3o \u00e9 mesmo? O mercado mudou muito nos \u00faltimos anos e, sem d\u00favida, grande parte \u00e9 por conta da internet e m\u00eddias sociais.<\/p>\n<p>Sobre a escolha de Kim? N\u00e3o era d\u00favida para ningu\u00e9m.<\/p>\n<p>\u201cO conselho inteiro concordou que ela era algu\u00e9m que realmente impactava a ind\u00fastria e mudou a forma como as marcas s\u00e3o apresentadas. Ela \u00e9 amiga de muitos estilistas e influenciou a moda em uma escala global&#8221;, explicou Steven Kolb, chefe executivo do CFDA, ao portal WWD.<\/p>\n<div id=\"attachment_182269\" style=\"width: 610px\" class=\"wp-caption aligncenter\"><img aria-describedby=\"caption-attachment-182269\" data-attachment-id=\"182269\" data-permalink=\"https:\/\/agrund.com\/index.php\/kim-kardashian-recebera-premio-de-influencer-do-ano\/1-1509\/\" data-orig-file=\"https:\/\/i0.wp.com\/agrund.com\/wp-content\/uploads\/sites\/6\/2018\/05\/1-28.jpg?fit=600%2C901&amp;ssl=1\" data-orig-size=\"600,901\" data-comments-opened=\"1\" data-image-meta=\"{&quot;aperture&quot;:&quot;0&quot;,&quot;credit&quot;:&quot;&quot;,&quot;camera&quot;:&quot;&quot;,&quot;caption&quot;:&quot;&quot;,&quot;created_timestamp&quot;:&quot;0&quot;,&quot;copyright&quot;:&quot;&quot;,&quot;focal_length&quot;:&quot;0&quot;,&quot;iso&quot;:&quot;0&quot;,&quot;shutter_speed&quot;:&quot;0&quot;,&quot;title&quot;:&quot;&quot;,&quot;orientation&quot;:&quot;1&quot;}\" data-image-title=\"Kim Kardashian receber\u00e1 pr\u00eamio de \u2018Influencer do ano\u2019\" data-image-description=\"\" data-image-caption=\"&lt;p&gt;Kim Kardashian receber\u00e1 pr\u00eamio de \u2018Influencer do ano\u2019&lt;\/p&gt;\n\" data-medium-file=\"https:\/\/i0.wp.com\/agrund.com\/wp-content\/uploads\/sites\/6\/2018\/05\/1-28.jpg?fit=200%2C300&amp;ssl=1\" data-large-file=\"https:\/\/i0.wp.com\/agrund.com\/wp-content\/uploads\/sites\/6\/2018\/05\/1-28.jpg?fit=600%2C901&amp;ssl=1\" decoding=\"async\" loading=\"lazy\" class=\"size-full wp-image-182269\" src=\"https:\/\/i0.wp.com\/www.agrund.com\/wp-content\/uploads\/sites\/6\/2018\/05\/1-28.jpg?resize=600%2C901\" alt=\"\" width=\"600\" height=\"901\" srcset=\"https:\/\/i0.wp.com\/agrund.com\/wp-content\/uploads\/sites\/6\/2018\/05\/1-28.jpg?w=600&amp;ssl=1 600w, https:\/\/i0.wp.com\/agrund.com\/wp-content\/uploads\/sites\/6\/2018\/05\/1-28.jpg?resize=200%2C300&amp;ssl=1 200w\" sizes=\"(max-width: 600px) 100vw, 600px\" data-recalc-dims=\"1\" \/><p id=\"caption-attachment-182269\" class=\"wp-caption-text\">Kim Kardashian receber\u00e1 pr\u00eamio de \u2018Influencer do ano\u2019<\/p><\/div>\n<p>Foto: Reprodu\u00e7\u00e3o.<\/p>\n","protected":false},"excerpt":{"rendered":"<p>Pela primeira vez, o CFDA Fashion Awards ir\u00e1 premiar um influenciador e o nome escolhido para estrear a categoria \u00e9 ningu\u00e9m menos que Kim Kardashian. A ideia de criar o pr\u00eamio de &#8220;Influencer&#8221; partiu de Tommy Hilfiger, que falou ao conselho sobre as grandes mudan\u00e7as que os influencers fizeram na ind\u00fastria da moda. E ele [&hellip;]<\/p>\n","protected":false},"author":8,"featured_media":182270,"comment_status":"open","ping_status":"open","sticky":false,"template":"","format":"standard","meta":{"jetpack_post_was_ever_published":false,"_jetpack_newsletter_access":"","jetpack_publicize_message":"","jetpack_is_tweetstorm":false,"jetpack_publicize_feature_enabled":true,"jetpack_social_post_already_shared":true,"jetpack_social_options":{"image_generator_settings":{"template":"highway","enabled":false}}},"categories":[2],"tags":[],"jetpack_publicize_connections":[],"jetpack_featured_media_url":"https:\/\/i0.wp.com\/agrund.com\/wp-content\/uploads\/sites\/6\/2018\/05\/sk.jpg?fit=960%2C300&ssl=1","jetpack_sharing_enabled":true,"jetpack_shortlink":"https:\/\/wp.me\/p3Hz0n-LpO","jetpack_likes_enabled":true,"_links":{"self":[{"href":"https:\/\/agrund.com\/index.php\/wp-json\/wp\/v2\/posts\/182268"}],"collection":[{"href":"https:\/\/agrund.com\/index.php\/wp-json\/wp\/v2\/posts"}],"about":[{"href":"https:\/\/agrund.com\/index.php\/wp-json\/wp\/v2\/types\/post"}],"author":[{"embeddable":true,"href":"https:\/\/agrund.com\/index.php\/wp-json\/wp\/v2\/users\/8"}],"replies":[{"embeddable":true,"href":"https:\/\/agrund.com\/index.php\/wp-json\/wp\/v2\/comments?post=182268"}],"version-history":[{"count":0,"href":"https:\/\/agrund.com\/index.php\/wp-json\/wp\/v2\/posts\/182268\/revisions"}],"wp:featuredmedia":[{"embeddable":true,"href":"https:\/\/agrund.com\/index.php\/wp-json\/wp\/v2\/media\/182270"}],"wp:attachment":[{"href":"https:\/\/agrund.com\/index.php\/wp-json\/wp\/v2\/media?parent=182268"}],"wp:term":[{"taxonomy":"category","embeddable":true,"href":"https:\/\/agrund.com\/index.php\/wp-json\/wp\/v2\/categories?post=182268"},{"taxonomy":"post_tag","embeddable":true,"href":"https:\/\/agrund.com\/index.php\/wp-json\/wp\/v2\/tags?post=182268"}],"curies":[{"name":"wp","href":"https:\/\/api.w.org\/{rel}","templated":true}]}}