{"id":182245,"date":"2018-05-09T18:00:17","date_gmt":"2018-05-09T21:00:17","guid":{"rendered":"http:\/\/www.agrund.com\/?p=182245"},"modified":"2018-05-09T19:45:34","modified_gmt":"2018-05-09T22:45:34","slug":"cara-delevingne-posa-com-leao-em-nova-campanha","status":"publish","type":"post","link":"https:\/\/agrund.com\/index.php\/cara-delevingne-posa-com-leao-em-nova-campanha\/","title":{"rendered":"Cara Delevingne posa com le\u00e3o em nova campanha"},"content":{"rendered":"<p>Esque\u00e7a os efeitos especiais ou dubl\u00eas. Cara Delevingne posou com um le\u00e3o para a nova campanha da Tag Heuer com a #DontCrackUnderPressure (&#8216;N\u00e3o quebra sob press\u00e3o&#8217;, em portugu\u00eas).<\/p>\n<p>A modelo viajou at\u00e9 a \u00c1frica do Sul para fotografar no Wildlife Sanctuary, um local que protege e cuida de esp\u00e9cies em perigo. \u00c9 claro que al\u00e9m da campanha fotogr\u00e1fica tudo foi registrado em um v\u00eddeo emocionante.<\/p>\n<p>Voc\u00ea enfrentaria esse desafio como a Cara? Aperte o play:<\/p>\n<div id=\"attachment_182246\" style=\"width: 610px\" class=\"wp-caption aligncenter\"><img aria-describedby=\"caption-attachment-182246\" data-attachment-id=\"182246\" data-permalink=\"https:\/\/agrund.com\/index.php\/cara-delevingne-posa-com-leao-em-nova-campanha\/1-1507\/\" data-orig-file=\"https:\/\/i0.wp.com\/agrund.com\/wp-content\/uploads\/sites\/6\/2018\/05\/1-26-e1525905738793.jpg?fit=600%2C796&amp;ssl=1\" data-orig-size=\"600,796\" data-comments-opened=\"1\" data-image-meta=\"{&quot;aperture&quot;:&quot;0&quot;,&quot;credit&quot;:&quot;&quot;,&quot;camera&quot;:&quot;&quot;,&quot;caption&quot;:&quot;&quot;,&quot;created_timestamp&quot;:&quot;0&quot;,&quot;copyright&quot;:&quot;&quot;,&quot;focal_length&quot;:&quot;0&quot;,&quot;iso&quot;:&quot;0&quot;,&quot;shutter_speed&quot;:&quot;0&quot;,&quot;title&quot;:&quot;&quot;,&quot;orientation&quot;:&quot;1&quot;}\" data-image-title=\"Cara Delevingne posa com le\u00e3o em nova campanha\" data-image-description=\"\" data-image-caption=\"&lt;p&gt;Cara Delevingne posa com le\u00e3o em nova campanha &lt;\/p&gt;\n\" data-medium-file=\"https:\/\/i0.wp.com\/agrund.com\/wp-content\/uploads\/sites\/6\/2018\/05\/1-26-e1525905738793.jpg?fit=226%2C300&amp;ssl=1\" data-large-file=\"https:\/\/i0.wp.com\/agrund.com\/wp-content\/uploads\/sites\/6\/2018\/05\/1-26-e1525905738793.jpg?fit=772%2C1024&amp;ssl=1\" decoding=\"async\" loading=\"lazy\" class=\"size-full wp-image-182246\" src=\"https:\/\/i0.wp.com\/www.agrund.com\/wp-content\/uploads\/sites\/6\/2018\/05\/1-26-e1525905738793.jpg?resize=600%2C796\" alt=\"\" width=\"600\" height=\"796\" data-recalc-dims=\"1\" \/><p id=\"caption-attachment-182246\" class=\"wp-caption-text\">Cara Delevingne posa com le\u00e3o em nova campanha<\/p><\/div>\n<div id=\"attachment_182247\" style=\"width: 610px\" class=\"wp-caption aligncenter\"><img aria-describedby=\"caption-attachment-182247\" data-attachment-id=\"182247\" data-permalink=\"https:\/\/agrund.com\/index.php\/cara-delevingne-posa-com-leao-em-nova-campanha\/2-1441\/\" data-orig-file=\"https:\/\/i0.wp.com\/agrund.com\/wp-content\/uploads\/sites\/6\/2018\/05\/2-21-e1525905771222.jpg?fit=600%2C600&amp;ssl=1\" data-orig-size=\"600,600\" data-comments-opened=\"1\" data-image-meta=\"{&quot;aperture&quot;:&quot;0&quot;,&quot;credit&quot;:&quot;&quot;,&quot;camera&quot;:&quot;&quot;,&quot;caption&quot;:&quot;&quot;,&quot;created_timestamp&quot;:&quot;0&quot;,&quot;copyright&quot;:&quot;&quot;,&quot;focal_length&quot;:&quot;0&quot;,&quot;iso&quot;:&quot;0&quot;,&quot;shutter_speed&quot;:&quot;0&quot;,&quot;title&quot;:&quot;&quot;,&quot;orientation&quot;:&quot;1&quot;}\" data-image-title=\"Cara Delevingne posa com le\u00e3o em nova campanha\" data-image-description=\"\" data-image-caption=\"&lt;p&gt;Cara Delevingne posa com le\u00e3o em nova campanha &lt;\/p&gt;\n\" data-medium-file=\"https:\/\/i0.wp.com\/agrund.com\/wp-content\/uploads\/sites\/6\/2018\/05\/2-21-e1525905771222.jpg?fit=300%2C300&amp;ssl=1\" data-large-file=\"https:\/\/i0.wp.com\/agrund.com\/wp-content\/uploads\/sites\/6\/2018\/05\/2-21-e1525905771222.jpg?fit=600%2C600&amp;ssl=1\" decoding=\"async\" loading=\"lazy\" class=\"size-full wp-image-182247\" src=\"https:\/\/i0.wp.com\/www.agrund.com\/wp-content\/uploads\/sites\/6\/2018\/05\/2-21-e1525905771222.jpg?resize=600%2C600\" alt=\"\" width=\"600\" height=\"600\" data-recalc-dims=\"1\" \/><p id=\"caption-attachment-182247\" class=\"wp-caption-text\">Cara Delevingne posa com le\u00e3o em nova campanha<\/p><\/div>\n<div id=\"attachment_182248\" style=\"width: 610px\" class=\"wp-caption aligncenter\"><img aria-describedby=\"caption-attachment-182248\" data-attachment-id=\"182248\" data-permalink=\"https:\/\/agrund.com\/index.php\/cara-delevingne-posa-com-leao-em-nova-campanha\/3-1339\/\" data-orig-file=\"https:\/\/i0.wp.com\/agrund.com\/wp-content\/uploads\/sites\/6\/2018\/05\/3-20-e1525905805492.jpg?fit=600%2C441&amp;ssl=1\" data-orig-size=\"600,441\" data-comments-opened=\"1\" data-image-meta=\"{&quot;aperture&quot;:&quot;0&quot;,&quot;credit&quot;:&quot;&quot;,&quot;camera&quot;:&quot;&quot;,&quot;caption&quot;:&quot;&quot;,&quot;created_timestamp&quot;:&quot;0&quot;,&quot;copyright&quot;:&quot;&quot;,&quot;focal_length&quot;:&quot;0&quot;,&quot;iso&quot;:&quot;0&quot;,&quot;shutter_speed&quot;:&quot;0&quot;,&quot;title&quot;:&quot;&quot;,&quot;orientation&quot;:&quot;1&quot;}\" data-image-title=\"Cara Delevingne posa com le\u00e3o em nova campanha\" data-image-description=\"\" data-image-caption=\"&lt;p&gt;Cara Delevingne posa com le\u00e3o em nova campanha &lt;\/p&gt;\n\" data-medium-file=\"https:\/\/i0.wp.com\/agrund.com\/wp-content\/uploads\/sites\/6\/2018\/05\/3-20-e1525905805492.jpg?fit=300%2C221&amp;ssl=1\" data-large-file=\"https:\/\/i0.wp.com\/agrund.com\/wp-content\/uploads\/sites\/6\/2018\/05\/3-20-e1525905805492.jpg?fit=600%2C441&amp;ssl=1\" decoding=\"async\" loading=\"lazy\" class=\"size-full wp-image-182248\" src=\"https:\/\/i0.wp.com\/www.agrund.com\/wp-content\/uploads\/sites\/6\/2018\/05\/3-20-e1525905805492.jpg?resize=600%2C441\" alt=\"\" width=\"600\" height=\"441\" data-recalc-dims=\"1\" \/><p id=\"caption-attachment-182248\" class=\"wp-caption-text\">Cara Delevingne posa com le\u00e3o em nova campanha<\/p><\/div>\n<span class=\"embed-youtube\" style=\"text-align:center; display: block;\"><iframe class=\"youtube-player\" width=\"600\" height=\"355\" src=\"https:\/\/www.youtube.com\/embed\/_0OCp_TToV0?version=3&#038;rel=1&#038;showsearch=0&#038;showinfo=1&#038;iv_load_policy=1&#038;fs=1&#038;hl=pt-BR&#038;autohide=2&#038;wmode=transparent\" allowfullscreen=\"true\" style=\"border:0;\" sandbox=\"allow-scripts allow-same-origin allow-popups allow-presentation\"><\/iframe><\/span>\n<p>Foto e v\u00eddeo: Reprodu\u00e7\u00e3o.<\/p>\n","protected":false},"excerpt":{"rendered":"<p>Esque\u00e7a os efeitos especiais ou dubl\u00eas. Cara Delevingne posou com um le\u00e3o para a nova campanha da Tag Heuer com a #DontCrackUnderPressure (&#8216;N\u00e3o quebra sob press\u00e3o&#8217;, em portugu\u00eas). A modelo viajou at\u00e9 a \u00c1frica do Sul para fotografar no Wildlife Sanctuary, um local que protege e cuida de esp\u00e9cies em perigo. \u00c9 claro que al\u00e9m [&hellip;]<\/p>\n","protected":false},"author":8,"featured_media":182249,"comment_status":"open","ping_status":"open","sticky":false,"template":"","format":"standard","meta":{"jetpack_post_was_ever_published":false,"_jetpack_newsletter_access":"","jetpack_publicize_message":"","jetpack_is_tweetstorm":false,"jetpack_publicize_feature_enabled":true,"jetpack_social_post_already_shared":true,"jetpack_social_options":{"image_generator_settings":{"template":"highway","enabled":false}}},"categories":[2],"tags":[],"jetpack_publicize_connections":[],"jetpack_featured_media_url":"https:\/\/i0.wp.com\/agrund.com\/wp-content\/uploads\/sites\/6\/2018\/05\/s-31.jpg?fit=960%2C300&ssl=1","jetpack_sharing_enabled":true,"jetpack_shortlink":"https:\/\/wp.me\/p3Hz0n-Lpr","jetpack_likes_enabled":true,"_links":{"self":[{"href":"https:\/\/agrund.com\/index.php\/wp-json\/wp\/v2\/posts\/182245"}],"collection":[{"href":"https:\/\/agrund.com\/index.php\/wp-json\/wp\/v2\/posts"}],"about":[{"href":"https:\/\/agrund.com\/index.php\/wp-json\/wp\/v2\/types\/post"}],"author":[{"embeddable":true,"href":"https:\/\/agrund.com\/index.php\/wp-json\/wp\/v2\/users\/8"}],"replies":[{"embeddable":true,"href":"https:\/\/agrund.com\/index.php\/wp-json\/wp\/v2\/comments?post=182245"}],"version-history":[{"count":0,"href":"https:\/\/agrund.com\/index.php\/wp-json\/wp\/v2\/posts\/182245\/revisions"}],"wp:featuredmedia":[{"embeddable":true,"href":"https:\/\/agrund.com\/index.php\/wp-json\/wp\/v2\/media\/182249"}],"wp:attachment":[{"href":"https:\/\/agrund.com\/index.php\/wp-json\/wp\/v2\/media?parent=182245"}],"wp:term":[{"taxonomy":"category","embeddable":true,"href":"https:\/\/agrund.com\/index.php\/wp-json\/wp\/v2\/categories?post=182245"},{"taxonomy":"post_tag","embeddable":true,"href":"https:\/\/agrund.com\/index.php\/wp-json\/wp\/v2\/tags?post=182245"}],"curies":[{"name":"wp","href":"https:\/\/api.w.org\/{rel}","templated":true}]}}