{"id":182217,"date":"2018-05-09T13:00:47","date_gmt":"2018-05-09T16:00:47","guid":{"rendered":"http:\/\/www.agrund.com\/?p=182217"},"modified":"2018-05-09T13:05:44","modified_gmt":"2018-05-09T16:05:44","slug":"elle-fanning-solta-a-voz-em-nova-campanha-da-tiffany-co","status":"publish","type":"post","link":"https:\/\/agrund.com\/index.php\/elle-fanning-solta-a-voz-em-nova-campanha-da-tiffany-co\/","title":{"rendered":"Elle Fanning solta a voz em nova campanha da Tiffany &amp; Co"},"content":{"rendered":"<div id=\"attachment_182219\" style=\"width: 610px\" class=\"wp-caption aligncenter\"><img aria-describedby=\"caption-attachment-182219\" data-attachment-id=\"182219\" data-permalink=\"https:\/\/agrund.com\/index.php\/elle-fanning-solta-a-voz-em-nova-campanha-da-tiffany-co\/11-174\/\" data-orig-file=\"https:\/\/i0.wp.com\/agrund.com\/wp-content\/uploads\/sites\/6\/2018\/05\/11-2.jpg?fit=600%2C336&amp;ssl=1\" data-orig-size=\"600,336\" data-comments-opened=\"1\" data-image-meta=\"{&quot;aperture&quot;:&quot;0&quot;,&quot;credit&quot;:&quot;&quot;,&quot;camera&quot;:&quot;&quot;,&quot;caption&quot;:&quot;&quot;,&quot;created_timestamp&quot;:&quot;0&quot;,&quot;copyright&quot;:&quot;&quot;,&quot;focal_length&quot;:&quot;0&quot;,&quot;iso&quot;:&quot;0&quot;,&quot;shutter_speed&quot;:&quot;0&quot;,&quot;title&quot;:&quot;&quot;,&quot;orientation&quot;:&quot;1&quot;}\" data-image-title=\"11\" data-image-description=\"\" data-image-caption=\"&lt;p&gt;Elle Fanning solta a voz em nova campanha da Tiffany &amp;amp; Co&lt;\/p&gt;\n\" data-medium-file=\"https:\/\/i0.wp.com\/agrund.com\/wp-content\/uploads\/sites\/6\/2018\/05\/11-2.jpg?fit=300%2C168&amp;ssl=1\" data-large-file=\"https:\/\/i0.wp.com\/agrund.com\/wp-content\/uploads\/sites\/6\/2018\/05\/11-2.jpg?fit=600%2C336&amp;ssl=1\" decoding=\"async\" loading=\"lazy\" class=\"size-full wp-image-182219\" src=\"https:\/\/i0.wp.com\/www.agrund.com\/wp-content\/uploads\/sites\/6\/2018\/05\/11-2.jpg?resize=600%2C336\" alt=\"\" width=\"600\" height=\"336\" srcset=\"https:\/\/i0.wp.com\/agrund.com\/wp-content\/uploads\/sites\/6\/2018\/05\/11-2.jpg?w=600&amp;ssl=1 600w, https:\/\/i0.wp.com\/agrund.com\/wp-content\/uploads\/sites\/6\/2018\/05\/11-2.jpg?resize=300%2C168&amp;ssl=1 300w\" sizes=\"(max-width: 600px) 100vw, 600px\" data-recalc-dims=\"1\" \/><p id=\"caption-attachment-182219\" class=\"wp-caption-text\">Elle Fanning solta a voz em nova campanha da Tiffany &amp; Co<\/p><\/div>\n<p>Voc\u00ea n\u00e3o leu errado no t\u00edtulo da mat\u00e9ria. Elle Fanning, que j\u00e1 \u00e9 estrela da Tiffany &amp; Co h\u00e1 alguns anos, soltou a voz na nova campanha da marca.<\/p>\n<p>No v\u00eddeo, a atriz est\u00e1 andando pelas ruas de Nova York, vestindo jeans e moletom, quando para em frente a uma vitrine da joalheria. Achou uma semelhan\u00e7a com \u2018Bonequinha de Luxo\u2019? Pois essa foi a ideia!<\/p>\n<p>Nesse momento Elle est\u00e1 cantando \u2018Moonriver\u2019, m\u00fasica que faz parte da trilha sonora do longa. Enquanto ela admira a nova cole\u00e7\u00e3o da Tiffany, algo m\u00e1gico acontece e a m\u00fasica ganha uma vers\u00e3o hip-hop na voz de A$AP Ferg.<\/p>\n<p>Consegue imaginar? Aperte o play!<\/p>\n<span class=\"embed-youtube\" style=\"text-align:center; display: block;\"><iframe class=\"youtube-player\" width=\"600\" height=\"355\" src=\"https:\/\/www.youtube.com\/embed\/mtHS6bZdafU?version=3&#038;rel=1&#038;showsearch=0&#038;showinfo=1&#038;iv_load_policy=1&#038;fs=1&#038;hl=pt-BR&#038;autohide=2&#038;wmode=transparent\" allowfullscreen=\"true\" style=\"border:0;\" sandbox=\"allow-scripts allow-same-origin allow-popups allow-presentation\"><\/iframe><\/span>\n<p>Fotos e v\u00eddeo: Reprodu\u00e7\u00e3o.<\/p>\n","protected":false},"excerpt":{"rendered":"<p>Voc\u00ea n\u00e3o leu errado no t\u00edtulo da mat\u00e9ria. Elle Fanning, que j\u00e1 \u00e9 estrela da Tiffany &amp; Co h\u00e1 alguns anos, soltou a voz na nova campanha da marca. No v\u00eddeo, a atriz est\u00e1 andando pelas ruas de Nova York, vestindo jeans e moletom, quando para em frente a uma vitrine da joalheria. Achou uma [&hellip;]<\/p>\n","protected":false},"author":8,"featured_media":182220,"comment_status":"open","ping_status":"open","sticky":false,"template":"","format":"standard","meta":{"jetpack_post_was_ever_published":false,"_jetpack_newsletter_access":"","jetpack_publicize_message":"","jetpack_is_tweetstorm":false,"jetpack_publicize_feature_enabled":true,"jetpack_social_post_already_shared":true,"jetpack_social_options":{"image_generator_settings":{"template":"highway","enabled":false}}},"categories":[2],"tags":[],"jetpack_publicize_connections":[],"jetpack_featured_media_url":"https:\/\/i0.wp.com\/agrund.com\/wp-content\/uploads\/sites\/6\/2018\/05\/s-28.jpg?fit=960%2C300&ssl=1","jetpack_sharing_enabled":true,"jetpack_shortlink":"https:\/\/wp.me\/p3Hz0n-LoZ","jetpack_likes_enabled":true,"_links":{"self":[{"href":"https:\/\/agrund.com\/index.php\/wp-json\/wp\/v2\/posts\/182217"}],"collection":[{"href":"https:\/\/agrund.com\/index.php\/wp-json\/wp\/v2\/posts"}],"about":[{"href":"https:\/\/agrund.com\/index.php\/wp-json\/wp\/v2\/types\/post"}],"author":[{"embeddable":true,"href":"https:\/\/agrund.com\/index.php\/wp-json\/wp\/v2\/users\/8"}],"replies":[{"embeddable":true,"href":"https:\/\/agrund.com\/index.php\/wp-json\/wp\/v2\/comments?post=182217"}],"version-history":[{"count":0,"href":"https:\/\/agrund.com\/index.php\/wp-json\/wp\/v2\/posts\/182217\/revisions"}],"wp:featuredmedia":[{"embeddable":true,"href":"https:\/\/agrund.com\/index.php\/wp-json\/wp\/v2\/media\/182220"}],"wp:attachment":[{"href":"https:\/\/agrund.com\/index.php\/wp-json\/wp\/v2\/media?parent=182217"}],"wp:term":[{"taxonomy":"category","embeddable":true,"href":"https:\/\/agrund.com\/index.php\/wp-json\/wp\/v2\/categories?post=182217"},{"taxonomy":"post_tag","embeddable":true,"href":"https:\/\/agrund.com\/index.php\/wp-json\/wp\/v2\/tags?post=182217"}],"curies":[{"name":"wp","href":"https:\/\/api.w.org\/{rel}","templated":true}]}}