{"id":18221,"date":"2011-10-14T12:41:21","date_gmt":"2011-10-14T15:41:21","guid":{"rendered":"http:\/\/www.agrund.com\/blogs\/notas\/?p=18221"},"modified":"2011-10-14T12:41:21","modified_gmt":"2011-10-14T15:41:21","slug":"calvin-klein-vai-palestrar-em-ny","status":"publish","type":"post","link":"https:\/\/agrund.com\/index.php\/calvin-klein-vai-palestrar-em-ny\/","title":{"rendered":"Calvin Klein Vai Palestrar em NY"},"content":{"rendered":"<p>O estilista americano Calvin Klein vai falar sobre os destaques de sua carreira, coisa que ele raramente faz! Sua conversa em p\u00fablico ser\u00e1 com o consultor da IMG Fashion Week, Fern Mallis. CK, que j\u00e1 tem 68 anos,\u00a0e tem sua marca\u00a0desde 1968. O evento ser\u00e1 na pr\u00f3xima quinta, 17 de outubro, em NY. Os assuntos? Sua inf\u00e2ncia no bairro do Bronx, antigas cole\u00e7\u00f5es e Mark Wahlberg, que foi modelo lindo que fez v\u00e1rias campanhas de cueca para a marca. \u201cVoc\u00ea sabe, eu sou sincero, eu n\u00e3o estou envolvido no neg\u00f3cio da moda, estou t\u00e3o feliz por n\u00e3o prestar aten\u00e7\u00e3o \u00e0s tend\u00eancias sem sentido, porque elas s\u00e3o mesmo assim, muito r\u00e1pidas. Assim que voc\u00ea v\u00ea, assim que v\u00ea pessoas vestindo, elas perdem o sentido. \u00c9 isso. Se voc\u00ea ver em algu\u00e9m, esque\u00e7a.\u201d Revela o designer sobre tend\u00eancias.<\/p>\n<p style=\"text-align: center\">\u00a0<img decoding=\"async\" loading=\"lazy\" class=\"aligncenter size-full wp-image-18223\" src=\"https:\/\/i0.wp.com\/www.agrund.com\/arquivo\/notas\/files\/2011\/10\/216.jpg?resize=288%2C432\" alt=\"\" width=\"288\" height=\"432\" data-recalc-dims=\"1\" \/><\/p>\n<p>Foto: Reprodu\u00e7\u00e3o.<\/p>\n","protected":false},"excerpt":{"rendered":"<p>O estilista americano Calvin Klein vai falar sobre os destaques de sua carreira, coisa que ele raramente faz! Sua conversa em p\u00fablico ser\u00e1 com o consultor da IMG Fashion Week, Fern Mallis. CK, que j\u00e1 tem 68 anos,\u00a0e tem sua marca\u00a0desde 1968. O evento ser\u00e1 na pr\u00f3xima quinta, 17 de outubro, em NY. Os assuntos? [&hellip;]<\/p>\n","protected":false},"author":8,"featured_media":18223,"comment_status":"open","ping_status":"open","sticky":false,"template":"","format":"standard","meta":{"jetpack_post_was_ever_published":false,"_jetpack_newsletter_access":"","jetpack_publicize_message":"","jetpack_is_tweetstorm":false,"jetpack_publicize_feature_enabled":true,"jetpack_social_post_already_shared":false,"jetpack_social_options":{"image_generator_settings":{"template":"highway","enabled":false}}},"categories":[2],"tags":[],"jetpack_publicize_connections":[],"jetpack_featured_media_url":"","jetpack_sharing_enabled":true,"jetpack_shortlink":"https:\/\/wp.me\/p3Hz0n-4JT","jetpack_likes_enabled":true,"_links":{"self":[{"href":"https:\/\/agrund.com\/index.php\/wp-json\/wp\/v2\/posts\/18221"}],"collection":[{"href":"https:\/\/agrund.com\/index.php\/wp-json\/wp\/v2\/posts"}],"about":[{"href":"https:\/\/agrund.com\/index.php\/wp-json\/wp\/v2\/types\/post"}],"author":[{"embeddable":true,"href":"https:\/\/agrund.com\/index.php\/wp-json\/wp\/v2\/users\/8"}],"replies":[{"embeddable":true,"href":"https:\/\/agrund.com\/index.php\/wp-json\/wp\/v2\/comments?post=18221"}],"version-history":[{"count":0,"href":"https:\/\/agrund.com\/index.php\/wp-json\/wp\/v2\/posts\/18221\/revisions"}],"wp:featuredmedia":[{"embeddable":true,"href":"https:\/\/agrund.com\/index.php\/wp-json\/"}],"wp:attachment":[{"href":"https:\/\/agrund.com\/index.php\/wp-json\/wp\/v2\/media?parent=18221"}],"wp:term":[{"taxonomy":"category","embeddable":true,"href":"https:\/\/agrund.com\/index.php\/wp-json\/wp\/v2\/categories?post=18221"},{"taxonomy":"post_tag","embeddable":true,"href":"https:\/\/agrund.com\/index.php\/wp-json\/wp\/v2\/tags?post=18221"}],"curies":[{"name":"wp","href":"https:\/\/api.w.org\/{rel}","templated":true}]}}