{"id":182172,"date":"2018-05-08T15:00:21","date_gmt":"2018-05-08T18:00:21","guid":{"rendered":"http:\/\/www.agrund.com\/?p=182172"},"modified":"2018-05-08T11:59:21","modified_gmt":"2018-05-08T14:59:21","slug":"met-gala-2018-as-minhas-favoritas-doutzen-kroes-e-gigi-hadid","status":"publish","type":"post","link":"https:\/\/agrund.com\/index.php\/met-gala-2018-as-minhas-favoritas-doutzen-kroes-e-gigi-hadid\/","title":{"rendered":"MET Gala 2018 :: As minhas favoritas &#8211; Doutzen Kroes e Gigi Hadid"},"content":{"rendered":"<p>Por Arlindo Grund<\/p>\n<p>Agora chegou o momento de mostrar as minha eleitas. Foram cinco personalidades, mas poderiam ser todas. Este ano os convidados investiram pesado no tema e trouxeram o que h\u00e1 de mais belo na moda com influ\u00eancia religiosa.<\/p>\n<p>Vamos come\u00e7ar com duas delas? Doutzen Kroes personificou uma mistura de fada com bruxa medieval, num belo vestido criado por Sies Marjan. J\u00e1 a tamb\u00e9m modelo Gigi Hadid optou por um vestido Atelier Versace, que remetia aos vitrais antigos de igrejas seculares. Sofistica\u00e7\u00e3o sem fugir do tema, que trazia a religi\u00e3o cat\u00f3lica e a moda, juntas.<\/p>\n<div id=\"attachment_182174\" style=\"width: 610px\" class=\"wp-caption aligncenter\"><img aria-describedby=\"caption-attachment-182174\" data-attachment-id=\"182174\" data-permalink=\"https:\/\/agrund.com\/index.php\/met-gala-2018-as-minhas-favoritas-doutzen-kroes-e-gigi-hadid\/img_8809\/\" data-orig-file=\"https:\/\/i0.wp.com\/agrund.com\/wp-content\/uploads\/sites\/6\/2018\/05\/IMG_8809.jpg?fit=600%2C806&amp;ssl=1\" data-orig-size=\"600,806\" data-comments-opened=\"1\" data-image-meta=\"{&quot;aperture&quot;:&quot;0&quot;,&quot;credit&quot;:&quot;&quot;,&quot;camera&quot;:&quot;&quot;,&quot;caption&quot;:&quot;&quot;,&quot;created_timestamp&quot;:&quot;1525735293&quot;,&quot;copyright&quot;:&quot;&quot;,&quot;focal_length&quot;:&quot;0&quot;,&quot;iso&quot;:&quot;0&quot;,&quot;shutter_speed&quot;:&quot;0&quot;,&quot;title&quot;:&quot;&quot;,&quot;orientation&quot;:&quot;1&quot;}\" data-image-title=\"MET Gala 2018 :: As minhas favoritas &#8211; Doutzen Kroes e Gigi Hadid\" data-image-description=\"\" data-image-caption=\"&lt;p&gt;MET Gala 2018 :: As minhas favoritas &#8211; Doutzen Kroes e Gigi Hadid&lt;\/p&gt;\n\" data-medium-file=\"https:\/\/i0.wp.com\/agrund.com\/wp-content\/uploads\/sites\/6\/2018\/05\/IMG_8809.jpg?fit=223%2C300&amp;ssl=1\" data-large-file=\"https:\/\/i0.wp.com\/agrund.com\/wp-content\/uploads\/sites\/6\/2018\/05\/IMG_8809.jpg?fit=600%2C806&amp;ssl=1\" decoding=\"async\" loading=\"lazy\" class=\"size-full wp-image-182174\" src=\"https:\/\/i0.wp.com\/www.agrund.com\/wp-content\/uploads\/sites\/6\/2018\/05\/IMG_8809.jpg?resize=600%2C806\" alt=\"\" width=\"600\" height=\"806\" srcset=\"https:\/\/i0.wp.com\/agrund.com\/wp-content\/uploads\/sites\/6\/2018\/05\/IMG_8809.jpg?w=600&amp;ssl=1 600w, https:\/\/i0.wp.com\/agrund.com\/wp-content\/uploads\/sites\/6\/2018\/05\/IMG_8809.jpg?resize=223%2C300&amp;ssl=1 223w\" sizes=\"(max-width: 600px) 100vw, 600px\" data-recalc-dims=\"1\" \/><p id=\"caption-attachment-182174\" class=\"wp-caption-text\">MET Gala 2018 :: As minhas favoritas &#8211; Doutzen Kroes e Gigi Hadid<\/p><\/div>\n<div id=\"attachment_182175\" style=\"width: 610px\" class=\"wp-caption aligncenter\"><img aria-describedby=\"caption-attachment-182175\" data-attachment-id=\"182175\" data-permalink=\"https:\/\/agrund.com\/index.php\/met-gala-2018-as-minhas-favoritas-doutzen-kroes-e-gigi-hadid\/img_8812\/\" data-orig-file=\"https:\/\/i0.wp.com\/agrund.com\/wp-content\/uploads\/sites\/6\/2018\/05\/IMG_8812.jpg?fit=600%2C779&amp;ssl=1\" data-orig-size=\"600,779\" data-comments-opened=\"1\" data-image-meta=\"{&quot;aperture&quot;:&quot;0&quot;,&quot;credit&quot;:&quot;&quot;,&quot;camera&quot;:&quot;&quot;,&quot;caption&quot;:&quot;&quot;,&quot;created_timestamp&quot;:&quot;1525733196&quot;,&quot;copyright&quot;:&quot;&quot;,&quot;focal_length&quot;:&quot;0&quot;,&quot;iso&quot;:&quot;0&quot;,&quot;shutter_speed&quot;:&quot;0&quot;,&quot;title&quot;:&quot;&quot;,&quot;orientation&quot;:&quot;1&quot;}\" data-image-title=\"MET Gala 2018 :: As minhas favoritas &#8211; Doutzen Kroes e Gigi Hadid\" data-image-description=\"\" data-image-caption=\"&lt;p&gt;MET Gala 2018 :: As minhas favoritas &#8211; Doutzen Kroes e Gigi Hadid&lt;\/p&gt;\n\" data-medium-file=\"https:\/\/i0.wp.com\/agrund.com\/wp-content\/uploads\/sites\/6\/2018\/05\/IMG_8812.jpg?fit=231%2C300&amp;ssl=1\" data-large-file=\"https:\/\/i0.wp.com\/agrund.com\/wp-content\/uploads\/sites\/6\/2018\/05\/IMG_8812.jpg?fit=600%2C779&amp;ssl=1\" decoding=\"async\" loading=\"lazy\" class=\"size-full wp-image-182175\" src=\"https:\/\/i0.wp.com\/www.agrund.com\/wp-content\/uploads\/sites\/6\/2018\/05\/IMG_8812.jpg?resize=600%2C779\" alt=\"\" width=\"600\" height=\"779\" srcset=\"https:\/\/i0.wp.com\/agrund.com\/wp-content\/uploads\/sites\/6\/2018\/05\/IMG_8812.jpg?w=600&amp;ssl=1 600w, https:\/\/i0.wp.com\/agrund.com\/wp-content\/uploads\/sites\/6\/2018\/05\/IMG_8812.jpg?resize=231%2C300&amp;ssl=1 231w\" sizes=\"(max-width: 600px) 100vw, 600px\" data-recalc-dims=\"1\" \/><p id=\"caption-attachment-182175\" class=\"wp-caption-text\">MET Gala 2018 :: As minhas favoritas &#8211; Doutzen Kroes e Gigi Hadid<\/p><\/div>\n<p>Fotos: Reprodu\u00e7\u00e3o.<\/p>\n","protected":false},"excerpt":{"rendered":"<p>Por Arlindo Grund Agora chegou o momento de mostrar as minha eleitas. Foram cinco personalidades, mas poderiam ser todas. Este ano os convidados investiram pesado no tema e trouxeram o que h\u00e1 de mais belo na moda com influ\u00eancia religiosa. Vamos come\u00e7ar com duas delas? Doutzen Kroes personificou uma mistura de fada com bruxa medieval, [&hellip;]<\/p>\n","protected":false},"author":8,"featured_media":182173,"comment_status":"open","ping_status":"open","sticky":false,"template":"","format":"standard","meta":{"jetpack_post_was_ever_published":false,"_jetpack_newsletter_access":"","jetpack_publicize_message":"","jetpack_is_tweetstorm":false,"jetpack_publicize_feature_enabled":true,"jetpack_social_post_already_shared":true,"jetpack_social_options":{"image_generator_settings":{"template":"highway","enabled":false}}},"categories":[2],"tags":[],"jetpack_publicize_connections":[],"jetpack_featured_media_url":"https:\/\/i0.wp.com\/agrund.com\/wp-content\/uploads\/sites\/6\/2018\/05\/s-23.jpg?fit=960%2C300&ssl=1","jetpack_sharing_enabled":true,"jetpack_shortlink":"https:\/\/wp.me\/p3Hz0n-Log","jetpack_likes_enabled":true,"_links":{"self":[{"href":"https:\/\/agrund.com\/index.php\/wp-json\/wp\/v2\/posts\/182172"}],"collection":[{"href":"https:\/\/agrund.com\/index.php\/wp-json\/wp\/v2\/posts"}],"about":[{"href":"https:\/\/agrund.com\/index.php\/wp-json\/wp\/v2\/types\/post"}],"author":[{"embeddable":true,"href":"https:\/\/agrund.com\/index.php\/wp-json\/wp\/v2\/users\/8"}],"replies":[{"embeddable":true,"href":"https:\/\/agrund.com\/index.php\/wp-json\/wp\/v2\/comments?post=182172"}],"version-history":[{"count":0,"href":"https:\/\/agrund.com\/index.php\/wp-json\/wp\/v2\/posts\/182172\/revisions"}],"wp:featuredmedia":[{"embeddable":true,"href":"https:\/\/agrund.com\/index.php\/wp-json\/wp\/v2\/media\/182173"}],"wp:attachment":[{"href":"https:\/\/agrund.com\/index.php\/wp-json\/wp\/v2\/media?parent=182172"}],"wp:term":[{"taxonomy":"category","embeddable":true,"href":"https:\/\/agrund.com\/index.php\/wp-json\/wp\/v2\/categories?post=182172"},{"taxonomy":"post_tag","embeddable":true,"href":"https:\/\/agrund.com\/index.php\/wp-json\/wp\/v2\/tags?post=182172"}],"curies":[{"name":"wp","href":"https:\/\/api.w.org\/{rel}","templated":true}]}}