{"id":182166,"date":"2018-05-08T14:00:16","date_gmt":"2018-05-08T17:00:16","guid":{"rendered":"http:\/\/www.agrund.com\/?p=182166"},"modified":"2018-05-08T11:37:12","modified_gmt":"2018-05-08T14:37:12","slug":"met-gala-2018-amanda-seyfried-zuri-hall-e-paris-jackson","status":"publish","type":"post","link":"https:\/\/agrund.com\/index.php\/met-gala-2018-amanda-seyfried-zuri-hall-e-paris-jackson\/","title":{"rendered":"MET Gala 2018 :: Amanda Seyfried, Zuri Hall e Paris Jackson"},"content":{"rendered":"<p>Por Arlindo Grund<\/p>\n<p>Mais looks lindos, direto da festa do MET Gala, que aconteceu ontem (07) em Nova York. O tema desse ano unia moda e religi\u00e3o.<\/p>\n<p>Amanda Seyfried usou um longo Prada, lindo, que trazia o amarelo Vaticano, cor s\u00edmbolo da maior representatividade cat\u00f3lica no mundo. Depois Zuri Hall usava um Steven Khalil, num azul celestial que a fez parecer uma divindade. J\u00e1 Paris Jackson escolheu um vestido de Stella McCartney para ir ao baile. Amei!<\/p>\n<div id=\"attachment_182169\" style=\"width: 610px\" class=\"wp-caption aligncenter\"><img aria-describedby=\"caption-attachment-182169\" data-attachment-id=\"182169\" data-permalink=\"https:\/\/agrund.com\/index.php\/met-gala-2018-amanda-seyfried-zuri-hall-e-paris-jackson\/img_8782\/\" data-orig-file=\"https:\/\/i0.wp.com\/agrund.com\/wp-content\/uploads\/sites\/6\/2018\/05\/IMG_8782.jpg?fit=600%2C768&amp;ssl=1\" data-orig-size=\"600,768\" data-comments-opened=\"1\" data-image-meta=\"{&quot;aperture&quot;:&quot;0&quot;,&quot;credit&quot;:&quot;&quot;,&quot;camera&quot;:&quot;&quot;,&quot;caption&quot;:&quot;&quot;,&quot;created_timestamp&quot;:&quot;1525732153&quot;,&quot;copyright&quot;:&quot;&quot;,&quot;focal_length&quot;:&quot;0&quot;,&quot;iso&quot;:&quot;0&quot;,&quot;shutter_speed&quot;:&quot;0&quot;,&quot;title&quot;:&quot;&quot;,&quot;orientation&quot;:&quot;1&quot;}\" data-image-title=\"MET Gala 2018 :: Amanda Seyfried, Zuri Hall e Paris Jackson\" data-image-description=\"\" data-image-caption=\"&lt;p&gt;MET Gala 2018 :: Amanda Seyfried, Zuri Hall e Paris Jackson&lt;\/p&gt;\n\" data-medium-file=\"https:\/\/i0.wp.com\/agrund.com\/wp-content\/uploads\/sites\/6\/2018\/05\/IMG_8782.jpg?fit=234%2C300&amp;ssl=1\" data-large-file=\"https:\/\/i0.wp.com\/agrund.com\/wp-content\/uploads\/sites\/6\/2018\/05\/IMG_8782.jpg?fit=600%2C768&amp;ssl=1\" decoding=\"async\" loading=\"lazy\" class=\"size-full wp-image-182169\" src=\"https:\/\/i0.wp.com\/www.agrund.com\/wp-content\/uploads\/sites\/6\/2018\/05\/IMG_8782.jpg?resize=600%2C768\" alt=\"\" width=\"600\" height=\"768\" srcset=\"https:\/\/i0.wp.com\/agrund.com\/wp-content\/uploads\/sites\/6\/2018\/05\/IMG_8782.jpg?w=600&amp;ssl=1 600w, https:\/\/i0.wp.com\/agrund.com\/wp-content\/uploads\/sites\/6\/2018\/05\/IMG_8782.jpg?resize=234%2C300&amp;ssl=1 234w\" sizes=\"(max-width: 600px) 100vw, 600px\" data-recalc-dims=\"1\" \/><p id=\"caption-attachment-182169\" class=\"wp-caption-text\">MET Gala 2018 :: Amanda Seyfried, Zuri Hall e Paris Jackson<\/p><\/div>\n<div id=\"attachment_182168\" style=\"width: 610px\" class=\"wp-caption aligncenter\"><img aria-describedby=\"caption-attachment-182168\" data-attachment-id=\"182168\" data-permalink=\"https:\/\/agrund.com\/index.php\/met-gala-2018-amanda-seyfried-zuri-hall-e-paris-jackson\/albumtemp-1\/\" data-orig-file=\"https:\/\/i0.wp.com\/agrund.com\/wp-content\/uploads\/sites\/6\/2018\/05\/albumtemp-1.jpg?fit=600%2C974&amp;ssl=1\" data-orig-size=\"600,974\" data-comments-opened=\"1\" data-image-meta=\"{&quot;aperture&quot;:&quot;0&quot;,&quot;credit&quot;:&quot;&quot;,&quot;camera&quot;:&quot;&quot;,&quot;caption&quot;:&quot;&quot;,&quot;created_timestamp&quot;:&quot;1525735093&quot;,&quot;copyright&quot;:&quot;&quot;,&quot;focal_length&quot;:&quot;0&quot;,&quot;iso&quot;:&quot;0&quot;,&quot;shutter_speed&quot;:&quot;0&quot;,&quot;title&quot;:&quot;&quot;,&quot;orientation&quot;:&quot;1&quot;}\" data-image-title=\"MET Gala 2018 :: Amanda Seyfried, Zuri Hall e Paris Jackson\" data-image-description=\"\" data-image-caption=\"&lt;p&gt;MET Gala 2018 :: Amanda Seyfried, Zuri Hall e Paris Jackson&lt;\/p&gt;\n\" data-medium-file=\"https:\/\/i0.wp.com\/agrund.com\/wp-content\/uploads\/sites\/6\/2018\/05\/albumtemp-1.jpg?fit=185%2C300&amp;ssl=1\" data-large-file=\"https:\/\/i0.wp.com\/agrund.com\/wp-content\/uploads\/sites\/6\/2018\/05\/albumtemp-1.jpg?fit=600%2C974&amp;ssl=1\" decoding=\"async\" loading=\"lazy\" class=\"size-full wp-image-182168\" src=\"https:\/\/i0.wp.com\/www.agrund.com\/wp-content\/uploads\/sites\/6\/2018\/05\/albumtemp-1.jpg?resize=600%2C974\" alt=\"\" width=\"600\" height=\"974\" srcset=\"https:\/\/i0.wp.com\/agrund.com\/wp-content\/uploads\/sites\/6\/2018\/05\/albumtemp-1.jpg?w=600&amp;ssl=1 600w, https:\/\/i0.wp.com\/agrund.com\/wp-content\/uploads\/sites\/6\/2018\/05\/albumtemp-1.jpg?resize=185%2C300&amp;ssl=1 185w\" sizes=\"(max-width: 600px) 100vw, 600px\" data-recalc-dims=\"1\" \/><p id=\"caption-attachment-182168\" class=\"wp-caption-text\">MET Gala 2018 :: Amanda Seyfried, Zuri Hall e Paris Jackson<\/p><\/div>\n<div id=\"attachment_182170\" style=\"width: 610px\" class=\"wp-caption aligncenter\"><img aria-describedby=\"caption-attachment-182170\" data-attachment-id=\"182170\" data-permalink=\"https:\/\/agrund.com\/index.php\/met-gala-2018-amanda-seyfried-zuri-hall-e-paris-jackson\/img_8802\/\" data-orig-file=\"https:\/\/i0.wp.com\/agrund.com\/wp-content\/uploads\/sites\/6\/2018\/05\/IMG_8802.jpg?fit=600%2C750&amp;ssl=1\" data-orig-size=\"600,750\" data-comments-opened=\"1\" data-image-meta=\"{&quot;aperture&quot;:&quot;0&quot;,&quot;credit&quot;:&quot;&quot;,&quot;camera&quot;:&quot;&quot;,&quot;caption&quot;:&quot;&quot;,&quot;created_timestamp&quot;:&quot;1525735383&quot;,&quot;copyright&quot;:&quot;&quot;,&quot;focal_length&quot;:&quot;0&quot;,&quot;iso&quot;:&quot;0&quot;,&quot;shutter_speed&quot;:&quot;0&quot;,&quot;title&quot;:&quot;&quot;,&quot;orientation&quot;:&quot;1&quot;}\" data-image-title=\"MET Gala 2018 :: Amanda Seyfried, Zuri Hall e Paris Jackson\" data-image-description=\"\" data-image-caption=\"&lt;p&gt;MET Gala 2018 :: Amanda Seyfried, Zuri Hall e Paris Jackson&lt;\/p&gt;\n\" data-medium-file=\"https:\/\/i0.wp.com\/agrund.com\/wp-content\/uploads\/sites\/6\/2018\/05\/IMG_8802.jpg?fit=240%2C300&amp;ssl=1\" data-large-file=\"https:\/\/i0.wp.com\/agrund.com\/wp-content\/uploads\/sites\/6\/2018\/05\/IMG_8802.jpg?fit=600%2C750&amp;ssl=1\" decoding=\"async\" loading=\"lazy\" class=\"size-full wp-image-182170\" src=\"https:\/\/i0.wp.com\/www.agrund.com\/wp-content\/uploads\/sites\/6\/2018\/05\/IMG_8802.jpg?resize=600%2C750\" alt=\"\" width=\"600\" height=\"750\" srcset=\"https:\/\/i0.wp.com\/agrund.com\/wp-content\/uploads\/sites\/6\/2018\/05\/IMG_8802.jpg?w=600&amp;ssl=1 600w, https:\/\/i0.wp.com\/agrund.com\/wp-content\/uploads\/sites\/6\/2018\/05\/IMG_8802.jpg?resize=240%2C300&amp;ssl=1 240w\" sizes=\"(max-width: 600px) 100vw, 600px\" data-recalc-dims=\"1\" \/><p id=\"caption-attachment-182170\" class=\"wp-caption-text\">MET Gala 2018 :: Amanda Seyfried, Zuri Hall e Paris Jackson<\/p><\/div>\n<p>Fotos: Reprodu\u00e7\u00e3o.<\/p>\n","protected":false},"excerpt":{"rendered":"<p>Por Arlindo Grund Mais looks lindos, direto da festa do MET Gala, que aconteceu ontem (07) em Nova York. O tema desse ano unia moda e religi\u00e3o. Amanda Seyfried usou um longo Prada, lindo, que trazia o amarelo Vaticano, cor s\u00edmbolo da maior representatividade cat\u00f3lica no mundo. Depois Zuri Hall usava um Steven Khalil, num [&hellip;]<\/p>\n","protected":false},"author":8,"featured_media":182167,"comment_status":"open","ping_status":"open","sticky":false,"template":"","format":"standard","meta":{"jetpack_post_was_ever_published":false,"_jetpack_newsletter_access":"","jetpack_publicize_message":"","jetpack_is_tweetstorm":false,"jetpack_publicize_feature_enabled":true,"jetpack_social_post_already_shared":true,"jetpack_social_options":{"image_generator_settings":{"template":"highway","enabled":false}}},"categories":[2],"tags":[],"jetpack_publicize_connections":[],"jetpack_featured_media_url":"https:\/\/i0.wp.com\/agrund.com\/wp-content\/uploads\/sites\/6\/2018\/05\/s2-2.jpg?fit=960%2C300&ssl=1","jetpack_sharing_enabled":true,"jetpack_shortlink":"https:\/\/wp.me\/p3Hz0n-Loa","jetpack_likes_enabled":true,"_links":{"self":[{"href":"https:\/\/agrund.com\/index.php\/wp-json\/wp\/v2\/posts\/182166"}],"collection":[{"href":"https:\/\/agrund.com\/index.php\/wp-json\/wp\/v2\/posts"}],"about":[{"href":"https:\/\/agrund.com\/index.php\/wp-json\/wp\/v2\/types\/post"}],"author":[{"embeddable":true,"href":"https:\/\/agrund.com\/index.php\/wp-json\/wp\/v2\/users\/8"}],"replies":[{"embeddable":true,"href":"https:\/\/agrund.com\/index.php\/wp-json\/wp\/v2\/comments?post=182166"}],"version-history":[{"count":0,"href":"https:\/\/agrund.com\/index.php\/wp-json\/wp\/v2\/posts\/182166\/revisions"}],"wp:featuredmedia":[{"embeddable":true,"href":"https:\/\/agrund.com\/index.php\/wp-json\/wp\/v2\/media\/182167"}],"wp:attachment":[{"href":"https:\/\/agrund.com\/index.php\/wp-json\/wp\/v2\/media?parent=182166"}],"wp:term":[{"taxonomy":"category","embeddable":true,"href":"https:\/\/agrund.com\/index.php\/wp-json\/wp\/v2\/categories?post=182166"},{"taxonomy":"post_tag","embeddable":true,"href":"https:\/\/agrund.com\/index.php\/wp-json\/wp\/v2\/tags?post=182166"}],"curies":[{"name":"wp","href":"https:\/\/api.w.org\/{rel}","templated":true}]}}