{"id":18128,"date":"2011-10-11T18:08:35","date_gmt":"2011-10-11T21:08:35","guid":{"rendered":"http:\/\/www.agrund.com\/blogs\/notas\/?p=18128"},"modified":"2011-10-11T18:08:35","modified_gmt":"2011-10-11T21:08:35","slug":"versace-para-hm","status":"publish","type":"post","link":"https:\/\/agrund.com\/index.php\/versace-para-hm\/","title":{"rendered":"Versace para H&amp;M"},"content":{"rendered":"<p>Daqui a pouco as pe\u00e7as Versace para H&amp;M chegam as lojas. mas antes disso a marca sueca apresenta sua cole\u00e7\u00e3o feminina e masculina em um desfile dia 8 de novembro em NYC. Hilary Alexander j\u00e1 confirmou presen\u00e7a via twitter\u00a0e um monte de outros importantes fashionistas tamb\u00e9m!<\/p>\n<p>Abbey Lee Kershaw,Daphne Groeneveld,Sasha Pivovarova e Lindsey Wixson s\u00e3o as estrelas desta luxuosa campanha \u00a0e foram clicadas pelos fot\u00f3grafos Mert Alas e Marcus Piggott.<\/p>\n<p>Confira!<\/p>\n<p><img decoding=\"async\" loading=\"lazy\" class=\"aligncenter size-full wp-image-18134\" src=\"https:\/\/i0.wp.com\/www.agrund.com\/arquivo\/notas\/files\/2011\/10\/versa31.jpg?resize=338%2C463\" alt=\"\" width=\"338\" height=\"463\" data-recalc-dims=\"1\" \/><\/p>\n<p><img decoding=\"async\" loading=\"lazy\" class=\"aligncenter size-full wp-image-18135\" src=\"https:\/\/i0.wp.com\/www.agrund.com\/arquivo\/notas\/files\/2011\/10\/versa21.jpg?resize=350%2C466\" alt=\"\" width=\"350\" height=\"466\" data-recalc-dims=\"1\" \/><\/p>\n<p><img decoding=\"async\" loading=\"lazy\" class=\"aligncenter size-full wp-image-18136\" src=\"https:\/\/i0.wp.com\/www.agrund.com\/arquivo\/notas\/files\/2011\/10\/versa4.jpg?resize=335%2C457\" alt=\"\" width=\"335\" height=\"457\" data-recalc-dims=\"1\" \/><\/p>\n<p><img decoding=\"async\" loading=\"lazy\" class=\"aligncenter size-full wp-image-18137\" src=\"https:\/\/i0.wp.com\/www.agrund.com\/arquivo\/notas\/files\/2011\/10\/versa11.jpg?resize=324%2C461\" alt=\"\" width=\"324\" height=\"461\" data-recalc-dims=\"1\" \/><\/p>\n<p>Foto: Reprodu\u00e7\u00e3o<\/p>\n","protected":false},"excerpt":{"rendered":"<p>Daqui a pouco as pe\u00e7as Versace para H&amp;M chegam as lojas. mas antes disso a marca sueca apresenta sua cole\u00e7\u00e3o feminina e masculina em um desfile dia 8 de novembro em NYC. Hilary Alexander j\u00e1 confirmou presen\u00e7a via twitter\u00a0e um monte de outros importantes fashionistas tamb\u00e9m! Abbey Lee Kershaw,Daphne Groeneveld,Sasha Pivovarova e Lindsey Wixson s\u00e3o [&hellip;]<\/p>\n","protected":false},"author":8,"featured_media":18137,"comment_status":"open","ping_status":"open","sticky":false,"template":"","format":"standard","meta":{"jetpack_post_was_ever_published":false,"_jetpack_newsletter_access":"","jetpack_publicize_message":"","jetpack_is_tweetstorm":false,"jetpack_publicize_feature_enabled":true,"jetpack_social_post_already_shared":false,"jetpack_social_options":{"image_generator_settings":{"template":"highway","enabled":false}}},"categories":[2],"tags":[],"jetpack_publicize_connections":[],"jetpack_featured_media_url":"","jetpack_sharing_enabled":true,"jetpack_shortlink":"https:\/\/wp.me\/p3Hz0n-4Io","jetpack_likes_enabled":true,"_links":{"self":[{"href":"https:\/\/agrund.com\/index.php\/wp-json\/wp\/v2\/posts\/18128"}],"collection":[{"href":"https:\/\/agrund.com\/index.php\/wp-json\/wp\/v2\/posts"}],"about":[{"href":"https:\/\/agrund.com\/index.php\/wp-json\/wp\/v2\/types\/post"}],"author":[{"embeddable":true,"href":"https:\/\/agrund.com\/index.php\/wp-json\/wp\/v2\/users\/8"}],"replies":[{"embeddable":true,"href":"https:\/\/agrund.com\/index.php\/wp-json\/wp\/v2\/comments?post=18128"}],"version-history":[{"count":0,"href":"https:\/\/agrund.com\/index.php\/wp-json\/wp\/v2\/posts\/18128\/revisions"}],"wp:featuredmedia":[{"embeddable":true,"href":"https:\/\/agrund.com\/index.php\/wp-json\/"}],"wp:attachment":[{"href":"https:\/\/agrund.com\/index.php\/wp-json\/wp\/v2\/media?parent=18128"}],"wp:term":[{"taxonomy":"category","embeddable":true,"href":"https:\/\/agrund.com\/index.php\/wp-json\/wp\/v2\/categories?post=18128"},{"taxonomy":"post_tag","embeddable":true,"href":"https:\/\/agrund.com\/index.php\/wp-json\/wp\/v2\/tags?post=18128"}],"curies":[{"name":"wp","href":"https:\/\/api.w.org\/{rel}","templated":true}]}}