{"id":181103,"date":"2018-04-20T15:00:37","date_gmt":"2018-04-20T18:00:37","guid":{"rendered":"http:\/\/www.agrund.com\/?p=181103"},"modified":"2018-04-20T14:59:06","modified_gmt":"2018-04-20T17:59:06","slug":"video-documentario-de-alexander-mcqueen-ganha-trailer","status":"publish","type":"post","link":"https:\/\/agrund.com\/index.php\/video-documentario-de-alexander-mcqueen-ganha-trailer\/","title":{"rendered":"V\u00eddeo :: Document\u00e1rio de Alexander McQueen ganha trailer"},"content":{"rendered":"<div id=\"attachment_181105\" style=\"width: 610px\" class=\"wp-caption aligncenter\"><img aria-describedby=\"caption-attachment-181105\" data-attachment-id=\"181105\" data-permalink=\"https:\/\/agrund.com\/index.php\/video-documentario-de-alexander-mcqueen-ganha-trailer\/a-294\/\" data-orig-file=\"https:\/\/i0.wp.com\/agrund.com\/wp-content\/uploads\/sites\/6\/2018\/04\/a-15.jpg?fit=600%2C766&amp;ssl=1\" data-orig-size=\"600,766\" data-comments-opened=\"1\" data-image-meta=\"{&quot;aperture&quot;:&quot;0&quot;,&quot;credit&quot;:&quot;&quot;,&quot;camera&quot;:&quot;&quot;,&quot;caption&quot;:&quot;&quot;,&quot;created_timestamp&quot;:&quot;0&quot;,&quot;copyright&quot;:&quot;&quot;,&quot;focal_length&quot;:&quot;0&quot;,&quot;iso&quot;:&quot;0&quot;,&quot;shutter_speed&quot;:&quot;0&quot;,&quot;title&quot;:&quot;&quot;,&quot;orientation&quot;:&quot;1&quot;}\" data-image-title=\"V\u00eddeo :: Document\u00e1rio de Alexander McQueen ganha trailer\" data-image-description=\"\" data-image-caption=\"&lt;p&gt;V\u00eddeo :: Document\u00e1rio de Alexander McQueen ganha trailer&lt;\/p&gt;\n\" data-medium-file=\"https:\/\/i0.wp.com\/agrund.com\/wp-content\/uploads\/sites\/6\/2018\/04\/a-15.jpg?fit=235%2C300&amp;ssl=1\" data-large-file=\"https:\/\/i0.wp.com\/agrund.com\/wp-content\/uploads\/sites\/6\/2018\/04\/a-15.jpg?fit=600%2C766&amp;ssl=1\" decoding=\"async\" loading=\"lazy\" class=\"size-full wp-image-181105\" src=\"https:\/\/i0.wp.com\/www.agrund.com\/wp-content\/uploads\/sites\/6\/2018\/04\/a-15.jpg?resize=600%2C766\" alt=\"\" width=\"600\" height=\"766\" srcset=\"https:\/\/i0.wp.com\/agrund.com\/wp-content\/uploads\/sites\/6\/2018\/04\/a-15.jpg?w=600&amp;ssl=1 600w, https:\/\/i0.wp.com\/agrund.com\/wp-content\/uploads\/sites\/6\/2018\/04\/a-15.jpg?resize=235%2C300&amp;ssl=1 235w\" sizes=\"(max-width: 600px) 100vw, 600px\" data-recalc-dims=\"1\" \/><p id=\"caption-attachment-181105\" class=\"wp-caption-text\">V\u00eddeo :: Document\u00e1rio de Alexander McQueen ganha trailer<\/p><\/div>\n<p>Se voc\u00ea acompanha as novidades do mundo da moda, deve saber que estava sendo produzido um document\u00e1rio sobre a vida de Alexander McQueen. Pois ele j\u00e1 tem data de estreia!<\/p>\n<p>Dirigido por Ian Bonh\u00f4te e produzido por Peter Ettedegui, o longa \u2018Trata-se de McQueen\u2019 ir\u00e1 mostrar n\u00e3o s\u00f3 os momentos criativos do designer, mas tamb\u00e9m as turbul\u00eancias de sua carreira e vida pessoal. Por isso, ele conta diversas entrevistas de amigos e familiares, al\u00e9m de momentos do backstage de seus principais desfiles.<\/p>\n<p>Ficou curioso? \u2018Trata-se de McQueen\u2019 ser\u00e1 exibido pela primeira vez no pr\u00f3ximo domingo (22), no Tribeca Film Festival, em Nova York. Mas calma, j\u00e1 podemos conferir um trailer do que est\u00e1 por vir! Aperte o play:<\/p>\n<span class=\"embed-youtube\" style=\"text-align:center; display: block;\"><iframe class=\"youtube-player\" width=\"600\" height=\"355\" src=\"https:\/\/www.youtube.com\/embed\/NBDaRuIsHGE?version=3&#038;rel=1&#038;showsearch=0&#038;showinfo=1&#038;iv_load_policy=1&#038;fs=1&#038;hl=pt-BR&#038;autohide=2&#038;wmode=transparent\" allowfullscreen=\"true\" style=\"border:0;\" sandbox=\"allow-scripts allow-same-origin allow-popups allow-presentation\"><\/iframe><\/span>\n<p>Foto e V\u00eddeo: Reprodu\u00e7\u00e3o.<\/p>\n","protected":false},"excerpt":{"rendered":"<p>Se voc\u00ea acompanha as novidades do mundo da moda, deve saber que estava sendo produzido um document\u00e1rio sobre a vida de Alexander McQueen. Pois ele j\u00e1 tem data de estreia! Dirigido por Ian Bonh\u00f4te e produzido por Peter Ettedegui, o longa \u2018Trata-se de McQueen\u2019 ir\u00e1 mostrar n\u00e3o s\u00f3 os momentos criativos do designer, mas tamb\u00e9m [&hellip;]<\/p>\n","protected":false},"author":8,"featured_media":181104,"comment_status":"open","ping_status":"open","sticky":false,"template":"","format":"standard","meta":{"jetpack_post_was_ever_published":false,"_jetpack_newsletter_access":"","jetpack_publicize_message":"","jetpack_is_tweetstorm":false,"jetpack_publicize_feature_enabled":true,"jetpack_social_post_already_shared":true,"jetpack_social_options":{"image_generator_settings":{"template":"highway","enabled":false}}},"categories":[2],"tags":[],"jetpack_publicize_connections":[],"jetpack_featured_media_url":"https:\/\/i0.wp.com\/agrund.com\/wp-content\/uploads\/sites\/6\/2018\/04\/s-74.jpg?fit=960%2C300&ssl=1","jetpack_sharing_enabled":true,"jetpack_shortlink":"https:\/\/wp.me\/p3Hz0n-L71","jetpack_likes_enabled":true,"_links":{"self":[{"href":"https:\/\/agrund.com\/index.php\/wp-json\/wp\/v2\/posts\/181103"}],"collection":[{"href":"https:\/\/agrund.com\/index.php\/wp-json\/wp\/v2\/posts"}],"about":[{"href":"https:\/\/agrund.com\/index.php\/wp-json\/wp\/v2\/types\/post"}],"author":[{"embeddable":true,"href":"https:\/\/agrund.com\/index.php\/wp-json\/wp\/v2\/users\/8"}],"replies":[{"embeddable":true,"href":"https:\/\/agrund.com\/index.php\/wp-json\/wp\/v2\/comments?post=181103"}],"version-history":[{"count":0,"href":"https:\/\/agrund.com\/index.php\/wp-json\/wp\/v2\/posts\/181103\/revisions"}],"wp:featuredmedia":[{"embeddable":true,"href":"https:\/\/agrund.com\/index.php\/wp-json\/wp\/v2\/media\/181104"}],"wp:attachment":[{"href":"https:\/\/agrund.com\/index.php\/wp-json\/wp\/v2\/media?parent=181103"}],"wp:term":[{"taxonomy":"category","embeddable":true,"href":"https:\/\/agrund.com\/index.php\/wp-json\/wp\/v2\/categories?post=181103"},{"taxonomy":"post_tag","embeddable":true,"href":"https:\/\/agrund.com\/index.php\/wp-json\/wp\/v2\/tags?post=181103"}],"curies":[{"name":"wp","href":"https:\/\/api.w.org\/{rel}","templated":true}]}}