{"id":181097,"date":"2018-04-20T13:00:13","date_gmt":"2018-04-20T16:00:13","guid":{"rendered":"http:\/\/www.agrund.com\/?p=181097"},"modified":"2018-04-20T13:25:53","modified_gmt":"2018-04-20T16:25:53","slug":"karlie-kloss-e-o-novo-rosto-da-estee-lauder","status":"publish","type":"post","link":"https:\/\/agrund.com\/index.php\/karlie-kloss-e-o-novo-rosto-da-estee-lauder\/","title":{"rendered":"Karlie Kloss \u00e9 o novo rosto da Est\u00e9e Lauder"},"content":{"rendered":"<p>Depois de Kendall Jenner (reveja AQUI), o novo rosto da Estee Lauder \u00e9 Karlie Kloss.<\/p>\n<p>O an\u00fancio foi feito junto com o lan\u00e7amento da primeira campanha da marca estrelada pela modelo.<\/p>\n<p>Vestindo um terninho de veludo vinho, Karlie nos apresenta um novo batom no mesmo tom de seu look.<\/p>\n<p>Al\u00e9m dos cliques, a Estee Lauder tamb\u00e9m divulgou um v\u00eddeo com os bastidores da campanha, mostrando como foi o primeiro encontro de trabalho com Karlie.<\/p>\n<p>A fotografia \u00e9 de Josh Olins e voc\u00ea confere na galeria abaixo. Aperte o play:<\/p>\n<div id=\"attachment_181098\" style=\"width: 610px\" class=\"wp-caption aligncenter\"><img aria-describedby=\"caption-attachment-181098\" data-attachment-id=\"181098\" data-permalink=\"https:\/\/agrund.com\/index.php\/karlie-kloss-e-o-novo-rosto-da-estee-lauder\/1-1456\/\" data-orig-file=\"https:\/\/i0.wp.com\/agrund.com\/wp-content\/uploads\/sites\/6\/2018\/04\/1-52-e1524241415648.jpg?fit=600%2C407&amp;ssl=1\" data-orig-size=\"600,407\" data-comments-opened=\"1\" data-image-meta=\"{&quot;aperture&quot;:&quot;0&quot;,&quot;credit&quot;:&quot;&quot;,&quot;camera&quot;:&quot;&quot;,&quot;caption&quot;:&quot;&quot;,&quot;created_timestamp&quot;:&quot;0&quot;,&quot;copyright&quot;:&quot;&quot;,&quot;focal_length&quot;:&quot;0&quot;,&quot;iso&quot;:&quot;0&quot;,&quot;shutter_speed&quot;:&quot;0&quot;,&quot;title&quot;:&quot;&quot;,&quot;orientation&quot;:&quot;1&quot;}\" data-image-title=\"Karlie Kloss \u00e9 o novo rosto da Est\u00e9e Lauder\" data-image-description=\"\" data-image-caption=\"&lt;p&gt;Karlie Kloss \u00e9 o novo rosto da Est\u00e9e Lauder&lt;\/p&gt;\n\" data-medium-file=\"https:\/\/i0.wp.com\/agrund.com\/wp-content\/uploads\/sites\/6\/2018\/04\/1-52-e1524241415648.jpg?fit=300%2C203&amp;ssl=1\" data-large-file=\"https:\/\/i0.wp.com\/agrund.com\/wp-content\/uploads\/sites\/6\/2018\/04\/1-52-e1524241415648.jpg?fit=600%2C407&amp;ssl=1\" decoding=\"async\" loading=\"lazy\" class=\"size-full wp-image-181098\" src=\"https:\/\/i0.wp.com\/www.agrund.com\/wp-content\/uploads\/sites\/6\/2018\/04\/1-52-e1524241415648.jpg?resize=600%2C407\" alt=\"\" width=\"600\" height=\"407\" data-recalc-dims=\"1\" \/><p id=\"caption-attachment-181098\" class=\"wp-caption-text\">Karlie Kloss \u00e9 o novo rosto da Est\u00e9e Lauder<\/p><\/div>\n<div id=\"attachment_181099\" style=\"width: 610px\" class=\"wp-caption aligncenter\"><img aria-describedby=\"caption-attachment-181099\" data-attachment-id=\"181099\" data-permalink=\"https:\/\/agrund.com\/index.php\/karlie-kloss-e-o-novo-rosto-da-estee-lauder\/2-1393\/\" data-orig-file=\"https:\/\/i0.wp.com\/agrund.com\/wp-content\/uploads\/sites\/6\/2018\/04\/2-47-e1524241483559.jpg?fit=600%2C600&amp;ssl=1\" data-orig-size=\"600,600\" data-comments-opened=\"1\" data-image-meta=\"{&quot;aperture&quot;:&quot;0&quot;,&quot;credit&quot;:&quot;&quot;,&quot;camera&quot;:&quot;&quot;,&quot;caption&quot;:&quot;&quot;,&quot;created_timestamp&quot;:&quot;0&quot;,&quot;copyright&quot;:&quot;&quot;,&quot;focal_length&quot;:&quot;0&quot;,&quot;iso&quot;:&quot;0&quot;,&quot;shutter_speed&quot;:&quot;0&quot;,&quot;title&quot;:&quot;&quot;,&quot;orientation&quot;:&quot;1&quot;}\" data-image-title=\"Karlie Kloss \u00e9 o novo rosto da Est\u00e9e Lauder\" data-image-description=\"\" data-image-caption=\"&lt;p&gt;Karlie Kloss \u00e9 o novo rosto da Est\u00e9e Lauder&lt;\/p&gt;\n\" data-medium-file=\"https:\/\/i0.wp.com\/agrund.com\/wp-content\/uploads\/sites\/6\/2018\/04\/2-47-e1524241483559.jpg?fit=300%2C300&amp;ssl=1\" data-large-file=\"https:\/\/i0.wp.com\/agrund.com\/wp-content\/uploads\/sites\/6\/2018\/04\/2-47-e1524241483559.jpg?fit=600%2C600&amp;ssl=1\" decoding=\"async\" loading=\"lazy\" class=\"size-full wp-image-181099\" src=\"https:\/\/i0.wp.com\/www.agrund.com\/wp-content\/uploads\/sites\/6\/2018\/04\/2-47-e1524241483559.jpg?resize=600%2C600\" alt=\"\" width=\"600\" height=\"600\" data-recalc-dims=\"1\" \/><p id=\"caption-attachment-181099\" class=\"wp-caption-text\">Karlie Kloss \u00e9 o novo rosto da Est\u00e9e Lauder<\/p><\/div>\n<span class=\"embed-youtube\" style=\"text-align:center; display: block;\"><iframe class=\"youtube-player\" width=\"600\" height=\"355\" src=\"https:\/\/www.youtube.com\/embed\/62Icpfs1h20?version=3&#038;rel=1&#038;showsearch=0&#038;showinfo=1&#038;iv_load_policy=1&#038;fs=1&#038;hl=pt-BR&#038;autohide=2&#038;wmode=transparent\" allowfullscreen=\"true\" style=\"border:0;\" sandbox=\"allow-scripts allow-same-origin allow-popups allow-presentation\"><\/iframe><\/span>\n<p>Fotos e V\u00eddeo: Reprodu\u00e7\u00e3o.<\/p>\n","protected":false},"excerpt":{"rendered":"<p>Depois de Kendall Jenner (reveja AQUI), o novo rosto da Estee Lauder \u00e9 Karlie Kloss. O an\u00fancio foi feito junto com o lan\u00e7amento da primeira campanha da marca estrelada pela modelo. Vestindo um terninho de veludo vinho, Karlie nos apresenta um novo batom no mesmo tom de seu look. Al\u00e9m dos cliques, a Estee Lauder [&hellip;]<\/p>\n","protected":false},"author":8,"featured_media":181101,"comment_status":"open","ping_status":"open","sticky":false,"template":"","format":"standard","meta":{"jetpack_post_was_ever_published":false,"_jetpack_newsletter_access":"","jetpack_publicize_message":"","jetpack_is_tweetstorm":false,"jetpack_publicize_feature_enabled":true,"jetpack_social_post_already_shared":true,"jetpack_social_options":{"image_generator_settings":{"template":"highway","enabled":false}}},"categories":[2],"tags":[],"jetpack_publicize_connections":[],"jetpack_featured_media_url":"https:\/\/i0.wp.com\/agrund.com\/wp-content\/uploads\/sites\/6\/2018\/04\/s-73.jpg?fit=960%2C300&ssl=1","jetpack_sharing_enabled":true,"jetpack_shortlink":"https:\/\/wp.me\/p3Hz0n-L6V","jetpack_likes_enabled":true,"_links":{"self":[{"href":"https:\/\/agrund.com\/index.php\/wp-json\/wp\/v2\/posts\/181097"}],"collection":[{"href":"https:\/\/agrund.com\/index.php\/wp-json\/wp\/v2\/posts"}],"about":[{"href":"https:\/\/agrund.com\/index.php\/wp-json\/wp\/v2\/types\/post"}],"author":[{"embeddable":true,"href":"https:\/\/agrund.com\/index.php\/wp-json\/wp\/v2\/users\/8"}],"replies":[{"embeddable":true,"href":"https:\/\/agrund.com\/index.php\/wp-json\/wp\/v2\/comments?post=181097"}],"version-history":[{"count":0,"href":"https:\/\/agrund.com\/index.php\/wp-json\/wp\/v2\/posts\/181097\/revisions"}],"wp:featuredmedia":[{"embeddable":true,"href":"https:\/\/agrund.com\/index.php\/wp-json\/wp\/v2\/media\/181101"}],"wp:attachment":[{"href":"https:\/\/agrund.com\/index.php\/wp-json\/wp\/v2\/media?parent=181097"}],"wp:term":[{"taxonomy":"category","embeddable":true,"href":"https:\/\/agrund.com\/index.php\/wp-json\/wp\/v2\/categories?post=181097"},{"taxonomy":"post_tag","embeddable":true,"href":"https:\/\/agrund.com\/index.php\/wp-json\/wp\/v2\/tags?post=181097"}],"curies":[{"name":"wp","href":"https:\/\/api.w.org\/{rel}","templated":true}]}}