{"id":181073,"date":"2018-04-19T16:00:09","date_gmt":"2018-04-19T19:00:09","guid":{"rendered":"http:\/\/www.agrund.com\/?p=181073"},"modified":"2018-04-19T15:13:10","modified_gmt":"2018-04-19T18:13:10","slug":"minas-trend-verao-2019-os-jovens-designers-do-ready-to-go","status":"publish","type":"post","link":"https:\/\/agrund.com\/index.php\/minas-trend-verao-2019-os-jovens-designers-do-ready-to-go\/","title":{"rendered":"Minas Trend Ver\u00e3o 2019 :: Os jovens designers do Ready To Go"},"content":{"rendered":"<p>Texto por Thay Sanqueta<\/p>\n<p>Em sua\u00a013\u00aa edi\u00e7\u00e3o, o Ready To Go lan\u00e7a mais duas marcas nessa edi\u00e7\u00e3o. Duas sim, pois novamente duas marcas ficaram empatadas no primeiro lugar!<\/p>\n<p>Realizado pelo TS Studio com apoio do\u00a0Sindivest-MG, o concurso tem o intuito de identificar, capacitar e apresentar novos talentos com potencial, destacando o trabalho dos jovens designers e suas marcas para o mercado nacional. Ele foi o respons\u00e1vel por revelar marcas que hoje est\u00e3o consolidadas, algumas at\u00e9 desfilam suas cole\u00e7\u00f5es atualmente nas passarelas da Minas Trend, como Lucas Magalh\u00e3es (com participa\u00e7\u00e3o da Valeria Mansur que foi ganhadora anos atr\u00e1s), Plural, Anne est Folle e Virg\u00edlio Couture.<\/p>\n<p>Os finalistas desta edi\u00e7\u00e3o s\u00e3o: Libertees (amo ela desde a edi\u00e7\u00e3o passada) em terceiro lugar; LAV em segundo; e Chris Gontijo e Meniax, ambas de moda \u00edntima, na primeira posi\u00e7\u00e3o.<\/p>\n<p>Veja alguns detalhes das marcas na galeria abaixo:<\/p>\n<div id=\"attachment_181075\" style=\"width: 610px\" class=\"wp-caption aligncenter\"><img aria-describedby=\"caption-attachment-181075\" data-attachment-id=\"181075\" data-permalink=\"https:\/\/agrund.com\/index.php\/minas-trend-verao-2019-os-jovens-designers-do-ready-to-go\/2-1392\/\" data-orig-file=\"https:\/\/i0.wp.com\/agrund.com\/wp-content\/uploads\/sites\/6\/2018\/04\/2-46.jpg?fit=600%2C400&amp;ssl=1\" data-orig-size=\"600,400\" data-comments-opened=\"1\" data-image-meta=\"{&quot;aperture&quot;:&quot;5.6&quot;,&quot;credit&quot;:&quot;&quot;,&quot;camera&quot;:&quot;Canon EOS REBEL T3i&quot;,&quot;caption&quot;:&quot;&quot;,&quot;created_timestamp&quot;:&quot;1524149006&quot;,&quot;copyright&quot;:&quot;&quot;,&quot;focal_length&quot;:&quot;55&quot;,&quot;iso&quot;:&quot;400&quot;,&quot;shutter_speed&quot;:&quot;0.0166666666667&quot;,&quot;title&quot;:&quot;&quot;,&quot;orientation&quot;:&quot;1&quot;}\" data-image-title=\"Minas Trend Ver\u00e3o 2019 :: Os jovens designers do Ready To Go\" data-image-description=\"\" data-image-caption=\"&lt;p&gt;Minas Trend Ver\u00e3o 2019 :: Os jovens designers do Ready To Go&lt;\/p&gt;\n\" data-medium-file=\"https:\/\/i0.wp.com\/agrund.com\/wp-content\/uploads\/sites\/6\/2018\/04\/2-46.jpg?fit=300%2C200&amp;ssl=1\" data-large-file=\"https:\/\/i0.wp.com\/agrund.com\/wp-content\/uploads\/sites\/6\/2018\/04\/2-46.jpg?fit=600%2C400&amp;ssl=1\" decoding=\"async\" loading=\"lazy\" class=\"size-full wp-image-181075\" src=\"https:\/\/i0.wp.com\/www.agrund.com\/wp-content\/uploads\/sites\/6\/2018\/04\/2-46.jpg?resize=600%2C400\" alt=\"\" width=\"600\" height=\"400\" srcset=\"https:\/\/i0.wp.com\/agrund.com\/wp-content\/uploads\/sites\/6\/2018\/04\/2-46.jpg?w=600&amp;ssl=1 600w, https:\/\/i0.wp.com\/agrund.com\/wp-content\/uploads\/sites\/6\/2018\/04\/2-46.jpg?resize=300%2C200&amp;ssl=1 300w\" sizes=\"(max-width: 600px) 100vw, 600px\" data-recalc-dims=\"1\" \/><p id=\"caption-attachment-181075\" class=\"wp-caption-text\">Minas Trend Ver\u00e3o 2019 :: Os jovens designers do Ready To Go<\/p><\/div>\n<div id=\"attachment_181076\" style=\"width: 610px\" class=\"wp-caption aligncenter\"><img aria-describedby=\"caption-attachment-181076\" data-attachment-id=\"181076\" data-permalink=\"https:\/\/agrund.com\/index.php\/minas-trend-verao-2019-os-jovens-designers-do-ready-to-go\/3-1292\/\" data-orig-file=\"https:\/\/i0.wp.com\/agrund.com\/wp-content\/uploads\/sites\/6\/2018\/04\/3-38.jpg?fit=600%2C400&amp;ssl=1\" data-orig-size=\"600,400\" data-comments-opened=\"1\" data-image-meta=\"{&quot;aperture&quot;:&quot;5.6&quot;,&quot;credit&quot;:&quot;&quot;,&quot;camera&quot;:&quot;Canon EOS REBEL T3i&quot;,&quot;caption&quot;:&quot;&quot;,&quot;created_timestamp&quot;:&quot;1524149069&quot;,&quot;copyright&quot;:&quot;&quot;,&quot;focal_length&quot;:&quot;48&quot;,&quot;iso&quot;:&quot;1600&quot;,&quot;shutter_speed&quot;:&quot;0.0166666666667&quot;,&quot;title&quot;:&quot;&quot;,&quot;orientation&quot;:&quot;1&quot;}\" data-image-title=\"Minas Trend Ver\u00e3o 2019 :: Os jovens designers do Ready To Go\" data-image-description=\"\" data-image-caption=\"&lt;p&gt;Minas Trend Ver\u00e3o 2019 :: Os jovens designers do Ready To Go&lt;\/p&gt;\n\" data-medium-file=\"https:\/\/i0.wp.com\/agrund.com\/wp-content\/uploads\/sites\/6\/2018\/04\/3-38.jpg?fit=300%2C200&amp;ssl=1\" data-large-file=\"https:\/\/i0.wp.com\/agrund.com\/wp-content\/uploads\/sites\/6\/2018\/04\/3-38.jpg?fit=600%2C400&amp;ssl=1\" decoding=\"async\" loading=\"lazy\" class=\"size-full wp-image-181076\" src=\"https:\/\/i0.wp.com\/www.agrund.com\/wp-content\/uploads\/sites\/6\/2018\/04\/3-38.jpg?resize=600%2C400\" alt=\"\" width=\"600\" height=\"400\" srcset=\"https:\/\/i0.wp.com\/agrund.com\/wp-content\/uploads\/sites\/6\/2018\/04\/3-38.jpg?w=600&amp;ssl=1 600w, https:\/\/i0.wp.com\/agrund.com\/wp-content\/uploads\/sites\/6\/2018\/04\/3-38.jpg?resize=300%2C200&amp;ssl=1 300w\" sizes=\"(max-width: 600px) 100vw, 600px\" data-recalc-dims=\"1\" \/><p id=\"caption-attachment-181076\" class=\"wp-caption-text\">Minas Trend Ver\u00e3o 2019 :: Os jovens designers do Ready To Go<\/p><\/div>\n<div id=\"attachment_181077\" style=\"width: 610px\" class=\"wp-caption aligncenter\"><img aria-describedby=\"caption-attachment-181077\" data-attachment-id=\"181077\" data-permalink=\"https:\/\/agrund.com\/index.php\/minas-trend-verao-2019-os-jovens-designers-do-ready-to-go\/4-1186\/\" data-orig-file=\"https:\/\/i0.wp.com\/agrund.com\/wp-content\/uploads\/sites\/6\/2018\/04\/4-38.jpg?fit=600%2C400&amp;ssl=1\" data-orig-size=\"600,400\" data-comments-opened=\"1\" data-image-meta=\"{&quot;aperture&quot;:&quot;5&quot;,&quot;credit&quot;:&quot;&quot;,&quot;camera&quot;:&quot;Canon EOS REBEL T3i&quot;,&quot;caption&quot;:&quot;&quot;,&quot;created_timestamp&quot;:&quot;1524149701&quot;,&quot;copyright&quot;:&quot;&quot;,&quot;focal_length&quot;:&quot;42&quot;,&quot;iso&quot;:&quot;1600&quot;,&quot;shutter_speed&quot;:&quot;0.0166666666667&quot;,&quot;title&quot;:&quot;&quot;,&quot;orientation&quot;:&quot;1&quot;}\" data-image-title=\"Minas Trend Ver\u00e3o 2019 :: Os jovens designers do Ready To Go\" data-image-description=\"\" data-image-caption=\"&lt;p&gt;Minas Trend Ver\u00e3o 2019 :: Os jovens designers do Ready To Go&lt;\/p&gt;\n\" data-medium-file=\"https:\/\/i0.wp.com\/agrund.com\/wp-content\/uploads\/sites\/6\/2018\/04\/4-38.jpg?fit=300%2C200&amp;ssl=1\" data-large-file=\"https:\/\/i0.wp.com\/agrund.com\/wp-content\/uploads\/sites\/6\/2018\/04\/4-38.jpg?fit=600%2C400&amp;ssl=1\" decoding=\"async\" loading=\"lazy\" class=\"size-full wp-image-181077\" src=\"https:\/\/i0.wp.com\/www.agrund.com\/wp-content\/uploads\/sites\/6\/2018\/04\/4-38.jpg?resize=600%2C400\" alt=\"\" width=\"600\" height=\"400\" srcset=\"https:\/\/i0.wp.com\/agrund.com\/wp-content\/uploads\/sites\/6\/2018\/04\/4-38.jpg?w=600&amp;ssl=1 600w, https:\/\/i0.wp.com\/agrund.com\/wp-content\/uploads\/sites\/6\/2018\/04\/4-38.jpg?resize=300%2C200&amp;ssl=1 300w\" sizes=\"(max-width: 600px) 100vw, 600px\" data-recalc-dims=\"1\" \/><p id=\"caption-attachment-181077\" class=\"wp-caption-text\">Minas Trend Ver\u00e3o 2019 :: Os jovens designers do Ready To Go<\/p><\/div>\n<div id=\"attachment_181078\" style=\"width: 610px\" class=\"wp-caption aligncenter\"><img aria-describedby=\"caption-attachment-181078\" data-attachment-id=\"181078\" data-permalink=\"https:\/\/agrund.com\/index.php\/minas-trend-verao-2019-os-jovens-designers-do-ready-to-go\/5-1024\/\" data-orig-file=\"https:\/\/i0.wp.com\/agrund.com\/wp-content\/uploads\/sites\/6\/2018\/04\/5-23.jpg?fit=600%2C793&amp;ssl=1\" data-orig-size=\"600,793\" data-comments-opened=\"1\" data-image-meta=\"{&quot;aperture&quot;:&quot;5&quot;,&quot;credit&quot;:&quot;&quot;,&quot;camera&quot;:&quot;Canon EOS REBEL T3i&quot;,&quot;caption&quot;:&quot;&quot;,&quot;created_timestamp&quot;:&quot;1524148990&quot;,&quot;copyright&quot;:&quot;&quot;,&quot;focal_length&quot;:&quot;46&quot;,&quot;iso&quot;:&quot;400&quot;,&quot;shutter_speed&quot;:&quot;0.0166666666667&quot;,&quot;title&quot;:&quot;&quot;,&quot;orientation&quot;:&quot;1&quot;}\" data-image-title=\"Minas Trend Ver\u00e3o 2019 :: Os jovens designers do Ready To Go\" data-image-description=\"\" data-image-caption=\"&lt;p&gt;Minas Trend Ver\u00e3o 2019 :: Os jovens designers do Ready To Go&lt;\/p&gt;\n\" data-medium-file=\"https:\/\/i0.wp.com\/agrund.com\/wp-content\/uploads\/sites\/6\/2018\/04\/5-23.jpg?fit=227%2C300&amp;ssl=1\" data-large-file=\"https:\/\/i0.wp.com\/agrund.com\/wp-content\/uploads\/sites\/6\/2018\/04\/5-23.jpg?fit=600%2C793&amp;ssl=1\" decoding=\"async\" loading=\"lazy\" class=\"size-full wp-image-181078\" src=\"https:\/\/i0.wp.com\/www.agrund.com\/wp-content\/uploads\/sites\/6\/2018\/04\/5-23.jpg?resize=600%2C793\" alt=\"\" width=\"600\" height=\"793\" srcset=\"https:\/\/i0.wp.com\/agrund.com\/wp-content\/uploads\/sites\/6\/2018\/04\/5-23.jpg?w=600&amp;ssl=1 600w, https:\/\/i0.wp.com\/agrund.com\/wp-content\/uploads\/sites\/6\/2018\/04\/5-23.jpg?resize=227%2C300&amp;ssl=1 227w\" sizes=\"(max-width: 600px) 100vw, 600px\" data-recalc-dims=\"1\" \/><p id=\"caption-attachment-181078\" class=\"wp-caption-text\">Minas Trend Ver\u00e3o 2019 :: Os jovens designers do Ready To Go<\/p><\/div>\n<div id=\"attachment_181079\" style=\"width: 610px\" class=\"wp-caption aligncenter\"><img aria-describedby=\"caption-attachment-181079\" data-attachment-id=\"181079\" data-permalink=\"https:\/\/agrund.com\/index.php\/minas-trend-verao-2019-os-jovens-designers-do-ready-to-go\/6-955\/\" data-orig-file=\"https:\/\/i0.wp.com\/agrund.com\/wp-content\/uploads\/sites\/6\/2018\/04\/6-17.jpg?fit=600%2C400&amp;ssl=1\" data-orig-size=\"600,400\" data-comments-opened=\"1\" data-image-meta=\"{&quot;aperture&quot;:&quot;5&quot;,&quot;credit&quot;:&quot;&quot;,&quot;camera&quot;:&quot;Canon EOS REBEL T3i&quot;,&quot;caption&quot;:&quot;&quot;,&quot;created_timestamp&quot;:&quot;1524149757&quot;,&quot;copyright&quot;:&quot;&quot;,&quot;focal_length&quot;:&quot;44&quot;,&quot;iso&quot;:&quot;1600&quot;,&quot;shutter_speed&quot;:&quot;0.0166666666667&quot;,&quot;title&quot;:&quot;&quot;,&quot;orientation&quot;:&quot;1&quot;}\" data-image-title=\"Minas Trend Ver\u00e3o 2019 :: Os jovens designers do Ready To Go\" data-image-description=\"\" data-image-caption=\"&lt;p&gt;Minas Trend Ver\u00e3o 2019 :: Os jovens designers do Ready To Go&lt;\/p&gt;\n\" data-medium-file=\"https:\/\/i0.wp.com\/agrund.com\/wp-content\/uploads\/sites\/6\/2018\/04\/6-17.jpg?fit=300%2C200&amp;ssl=1\" data-large-file=\"https:\/\/i0.wp.com\/agrund.com\/wp-content\/uploads\/sites\/6\/2018\/04\/6-17.jpg?fit=600%2C400&amp;ssl=1\" decoding=\"async\" loading=\"lazy\" class=\"size-full wp-image-181079\" src=\"https:\/\/i0.wp.com\/www.agrund.com\/wp-content\/uploads\/sites\/6\/2018\/04\/6-17.jpg?resize=600%2C400\" alt=\"\" width=\"600\" height=\"400\" srcset=\"https:\/\/i0.wp.com\/agrund.com\/wp-content\/uploads\/sites\/6\/2018\/04\/6-17.jpg?w=600&amp;ssl=1 600w, https:\/\/i0.wp.com\/agrund.com\/wp-content\/uploads\/sites\/6\/2018\/04\/6-17.jpg?resize=300%2C200&amp;ssl=1 300w\" sizes=\"(max-width: 600px) 100vw, 600px\" data-recalc-dims=\"1\" \/><p id=\"caption-attachment-181079\" class=\"wp-caption-text\">Minas Trend Ver\u00e3o 2019 :: Os jovens designers do Ready To Go<\/p><\/div>\n<div id=\"attachment_181080\" style=\"width: 610px\" class=\"wp-caption aligncenter\"><img aria-describedby=\"caption-attachment-181080\" data-attachment-id=\"181080\" data-permalink=\"https:\/\/agrund.com\/index.php\/minas-trend-verao-2019-os-jovens-designers-do-ready-to-go\/7-831\/\" data-orig-file=\"https:\/\/i0.wp.com\/agrund.com\/wp-content\/uploads\/sites\/6\/2018\/04\/7-13.jpg?fit=600%2C900&amp;ssl=1\" data-orig-size=\"600,900\" data-comments-opened=\"1\" data-image-meta=\"{&quot;aperture&quot;:&quot;5.6&quot;,&quot;credit&quot;:&quot;&quot;,&quot;camera&quot;:&quot;Canon EOS REBEL T3i&quot;,&quot;caption&quot;:&quot;&quot;,&quot;created_timestamp&quot;:&quot;1524149376&quot;,&quot;copyright&quot;:&quot;&quot;,&quot;focal_length&quot;:&quot;55&quot;,&quot;iso&quot;:&quot;3200&quot;,&quot;shutter_speed&quot;:&quot;0.025&quot;,&quot;title&quot;:&quot;&quot;,&quot;orientation&quot;:&quot;1&quot;}\" data-image-title=\"Minas Trend Ver\u00e3o 2019 :: Os jovens designers do Ready To Go\" data-image-description=\"\" data-image-caption=\"&lt;p&gt;Minas Trend Ver\u00e3o 2019 :: Os jovens designers do Ready To Go&lt;\/p&gt;\n\" data-medium-file=\"https:\/\/i0.wp.com\/agrund.com\/wp-content\/uploads\/sites\/6\/2018\/04\/7-13.jpg?fit=200%2C300&amp;ssl=1\" data-large-file=\"https:\/\/i0.wp.com\/agrund.com\/wp-content\/uploads\/sites\/6\/2018\/04\/7-13.jpg?fit=600%2C900&amp;ssl=1\" decoding=\"async\" loading=\"lazy\" class=\"size-full wp-image-181080\" src=\"https:\/\/i0.wp.com\/www.agrund.com\/wp-content\/uploads\/sites\/6\/2018\/04\/7-13.jpg?resize=600%2C900\" alt=\"\" width=\"600\" height=\"900\" srcset=\"https:\/\/i0.wp.com\/agrund.com\/wp-content\/uploads\/sites\/6\/2018\/04\/7-13.jpg?w=600&amp;ssl=1 600w, https:\/\/i0.wp.com\/agrund.com\/wp-content\/uploads\/sites\/6\/2018\/04\/7-13.jpg?resize=200%2C300&amp;ssl=1 200w\" sizes=\"(max-width: 600px) 100vw, 600px\" data-recalc-dims=\"1\" \/><p id=\"caption-attachment-181080\" class=\"wp-caption-text\">Minas Trend Ver\u00e3o 2019 :: Os jovens designers do Ready To Go<\/p><\/div>\n<div id=\"attachment_181074\" style=\"width: 610px\" class=\"wp-caption aligncenter\"><img aria-describedby=\"caption-attachment-181074\" data-attachment-id=\"181074\" data-permalink=\"https:\/\/agrund.com\/index.php\/minas-trend-verao-2019-os-jovens-designers-do-ready-to-go\/1-1455\/\" data-orig-file=\"https:\/\/i0.wp.com\/agrund.com\/wp-content\/uploads\/sites\/6\/2018\/04\/1-51.jpg?fit=600%2C400&amp;ssl=1\" data-orig-size=\"600,400\" data-comments-opened=\"1\" data-image-meta=\"{&quot;aperture&quot;:&quot;4&quot;,&quot;credit&quot;:&quot;&quot;,&quot;camera&quot;:&quot;Canon EOS REBEL T3i&quot;,&quot;caption&quot;:&quot;&quot;,&quot;created_timestamp&quot;:&quot;1524149035&quot;,&quot;copyright&quot;:&quot;&quot;,&quot;focal_length&quot;:&quot;18&quot;,&quot;iso&quot;:&quot;400&quot;,&quot;shutter_speed&quot;:&quot;0.0166666666667&quot;,&quot;title&quot;:&quot;&quot;,&quot;orientation&quot;:&quot;1&quot;}\" data-image-title=\"Minas Trend Ver\u00e3o 2019 :: Os jovens designers do Ready To Go\" data-image-description=\"\" data-image-caption=\"&lt;p&gt;Minas Trend Ver\u00e3o 2019 :: Os jovens designers do Ready To Go&lt;\/p&gt;\n\" data-medium-file=\"https:\/\/i0.wp.com\/agrund.com\/wp-content\/uploads\/sites\/6\/2018\/04\/1-51.jpg?fit=300%2C200&amp;ssl=1\" data-large-file=\"https:\/\/i0.wp.com\/agrund.com\/wp-content\/uploads\/sites\/6\/2018\/04\/1-51.jpg?fit=600%2C400&amp;ssl=1\" decoding=\"async\" loading=\"lazy\" class=\"size-full wp-image-181074\" src=\"https:\/\/i0.wp.com\/www.agrund.com\/wp-content\/uploads\/sites\/6\/2018\/04\/1-51.jpg?resize=600%2C400\" alt=\"\" width=\"600\" height=\"400\" srcset=\"https:\/\/i0.wp.com\/agrund.com\/wp-content\/uploads\/sites\/6\/2018\/04\/1-51.jpg?w=600&amp;ssl=1 600w, https:\/\/i0.wp.com\/agrund.com\/wp-content\/uploads\/sites\/6\/2018\/04\/1-51.jpg?resize=300%2C200&amp;ssl=1 300w\" sizes=\"(max-width: 600px) 100vw, 600px\" data-recalc-dims=\"1\" \/><p id=\"caption-attachment-181074\" class=\"wp-caption-text\">Minas Trend Ver\u00e3o 2019 :: Os jovens designers do Ready To Go<\/p><\/div>\n<p>Fotos: Thay Sanqueta.<\/p>\n","protected":false},"excerpt":{"rendered":"<p>Texto por Thay Sanqueta Em sua\u00a013\u00aa edi\u00e7\u00e3o, o Ready To Go lan\u00e7a mais duas marcas nessa edi\u00e7\u00e3o. Duas sim, pois novamente duas marcas ficaram empatadas no primeiro lugar! Realizado pelo TS Studio com apoio do\u00a0Sindivest-MG, o concurso tem o intuito de identificar, capacitar e apresentar novos talentos com potencial, destacando o trabalho dos jovens designers [&hellip;]<\/p>\n","protected":false},"author":8,"featured_media":181081,"comment_status":"open","ping_status":"open","sticky":false,"template":"","format":"standard","meta":{"jetpack_post_was_ever_published":false,"_jetpack_newsletter_access":"","jetpack_publicize_message":"","jetpack_is_tweetstorm":false,"jetpack_publicize_feature_enabled":true,"jetpack_social_post_already_shared":true,"jetpack_social_options":{"image_generator_settings":{"template":"highway","enabled":false}}},"categories":[2],"tags":[],"jetpack_publicize_connections":[],"jetpack_featured_media_url":"https:\/\/i0.wp.com\/agrund.com\/wp-content\/uploads\/sites\/6\/2018\/04\/s-69.jpg?fit=960%2C300&ssl=1","jetpack_sharing_enabled":true,"jetpack_shortlink":"https:\/\/wp.me\/p3Hz0n-L6x","jetpack_likes_enabled":true,"_links":{"self":[{"href":"https:\/\/agrund.com\/index.php\/wp-json\/wp\/v2\/posts\/181073"}],"collection":[{"href":"https:\/\/agrund.com\/index.php\/wp-json\/wp\/v2\/posts"}],"about":[{"href":"https:\/\/agrund.com\/index.php\/wp-json\/wp\/v2\/types\/post"}],"author":[{"embeddable":true,"href":"https:\/\/agrund.com\/index.php\/wp-json\/wp\/v2\/users\/8"}],"replies":[{"embeddable":true,"href":"https:\/\/agrund.com\/index.php\/wp-json\/wp\/v2\/comments?post=181073"}],"version-history":[{"count":0,"href":"https:\/\/agrund.com\/index.php\/wp-json\/wp\/v2\/posts\/181073\/revisions"}],"wp:featuredmedia":[{"embeddable":true,"href":"https:\/\/agrund.com\/index.php\/wp-json\/wp\/v2\/media\/181081"}],"wp:attachment":[{"href":"https:\/\/agrund.com\/index.php\/wp-json\/wp\/v2\/media?parent=181073"}],"wp:term":[{"taxonomy":"category","embeddable":true,"href":"https:\/\/agrund.com\/index.php\/wp-json\/wp\/v2\/categories?post=181073"},{"taxonomy":"post_tag","embeddable":true,"href":"https:\/\/agrund.com\/index.php\/wp-json\/wp\/v2\/tags?post=181073"}],"curies":[{"name":"wp","href":"https:\/\/api.w.org\/{rel}","templated":true}]}}