{"id":181008,"date":"2018-04-18T20:30:36","date_gmt":"2018-04-18T23:30:36","guid":{"rendered":"http:\/\/www.agrund.com\/?p=181008"},"modified":"2018-04-18T20:26:24","modified_gmt":"2018-04-18T23:26:24","slug":"minas-trend-verao-2019-as-novas-tendencias-de-beleza","status":"publish","type":"post","link":"https:\/\/agrund.com\/index.php\/minas-trend-verao-2019-as-novas-tendencias-de-beleza\/","title":{"rendered":"Minas Trend Ver\u00e3o 2019 :: As novas tend\u00eancias de beleza"},"content":{"rendered":"<p>Apesar da moda ser o foco do Minas Trend, as tend\u00eancias de beleza tamb\u00e9m aparecem nas passarelas. Depois de observarmos que a pele natural foi um ponto comum de todos os desfiles, resolvemos perguntar a um expert do assunto quais s\u00e3o as apostas para ver\u00e3o.<\/p>\n<p>Ricardo dos Anjos assina a beleza de todos os desfiles que acontecem no evento, ent\u00e3o n\u00e3o h\u00e1 d\u00favidas de que ele sabe o que estar\u00e1 em alta na pr\u00f3xima temporada.<\/p>\n<p>A pele fresh com aspecto de sa\u00fade continua sendo a grande aposta. A diferen\u00e7a \u00e9 que agora ela aparece com brilho, mas nada de iluminador em p\u00f3! Segundo Ricardo, o momento \u00e9 de brilhar com efeito molhado, portanto s\u00e3o os \u00f3leos que dar\u00e3o esse acabamento mais natural, como se fosse um brilho da sua pele.<\/p>\n<p>Nos l\u00e1bios n\u00e3o h\u00e1 prefer\u00eancias. Os tons de laranja s\u00e3o a cara do ver\u00e3o, assim como os acabamentos cremosos. Mas segundo beauty artist, a temporada ser\u00e1 muito democr\u00e1tica e os batons escuros de acabamento matte tamb\u00e9m ter\u00e3o espa\u00e7o.<\/p>\n<div id=\"attachment_181011\" style=\"width: 610px\" class=\"wp-caption aligncenter\"><img aria-describedby=\"caption-attachment-181011\" data-attachment-id=\"181011\" data-permalink=\"https:\/\/agrund.com\/index.php\/minas-trend-verao-2019-as-novas-tendencias-de-beleza\/anne-est-folle-36\/\" data-orig-file=\"https:\/\/i0.wp.com\/agrund.com\/wp-content\/uploads\/sites\/6\/2018\/04\/aefo_bck_v19_014.jpg?fit=600%2C400&amp;ssl=1\" data-orig-size=\"600,400\" data-comments-opened=\"1\" data-image-meta=\"{&quot;aperture&quot;:&quot;5.6&quot;,&quot;credit&quot;:&quot;Ze Takahashi \\\/  FOTOSITE&quot;,&quot;camera&quot;:&quot;Canon EOS 5D Mark IV&quot;,&quot;caption&quot;:&quot;Anne est Folle\\r\\rMinas Trend - Verao 2019\\r\\rFoto : Sergio Caddah\\\/  FOTOSITE&quot;,&quot;created_timestamp&quot;:&quot;1524073735&quot;,&quot;copyright&quot;:&quot;\\u00a9 FOTOSITE&quot;,&quot;focal_length&quot;:&quot;24&quot;,&quot;iso&quot;:&quot;2000&quot;,&quot;shutter_speed&quot;:&quot;0.0166666666667&quot;,&quot;title&quot;:&quot;Anne est Folle&quot;,&quot;orientation&quot;:&quot;1&quot;}\" data-image-title=\"Minas Trend Ver\u00e3o 2019 :: As novas tend\u00eancias de beleza\" data-image-description=\"\" data-image-caption=\"&lt;p&gt;Minas Trend Ver\u00e3o 2019 :: As novas tend\u00eancias de beleza &lt;\/p&gt;\n\" data-medium-file=\"https:\/\/i0.wp.com\/agrund.com\/wp-content\/uploads\/sites\/6\/2018\/04\/aefo_bck_v19_014.jpg?fit=300%2C200&amp;ssl=1\" data-large-file=\"https:\/\/i0.wp.com\/agrund.com\/wp-content\/uploads\/sites\/6\/2018\/04\/aefo_bck_v19_014.jpg?fit=600%2C400&amp;ssl=1\" decoding=\"async\" loading=\"lazy\" class=\"size-full wp-image-181011\" src=\"https:\/\/i0.wp.com\/www.agrund.com\/wp-content\/uploads\/sites\/6\/2018\/04\/aefo_bck_v19_014.jpg?resize=600%2C400\" alt=\"\" width=\"600\" height=\"400\" srcset=\"https:\/\/i0.wp.com\/agrund.com\/wp-content\/uploads\/sites\/6\/2018\/04\/aefo_bck_v19_014.jpg?w=600&amp;ssl=1 600w, https:\/\/i0.wp.com\/agrund.com\/wp-content\/uploads\/sites\/6\/2018\/04\/aefo_bck_v19_014.jpg?resize=300%2C200&amp;ssl=1 300w\" sizes=\"(max-width: 600px) 100vw, 600px\" data-recalc-dims=\"1\" \/><p id=\"caption-attachment-181011\" class=\"wp-caption-text\">Minas Trend Ver\u00e3o 2019 :: As novas tend\u00eancias de beleza<\/p><\/div>\n<div id=\"attachment_181009\" style=\"width: 610px\" class=\"wp-caption aligncenter\"><img aria-describedby=\"caption-attachment-181009\" data-attachment-id=\"181009\" data-permalink=\"https:\/\/agrund.com\/index.php\/minas-trend-verao-2019-as-novas-tendencias-de-beleza\/manzan-28\/\" data-orig-file=\"https:\/\/i0.wp.com\/agrund.com\/wp-content\/uploads\/sites\/6\/2018\/04\/manz_det_ms_v19_060-e1524093839145.jpg?fit=600%2C900&amp;ssl=1\" data-orig-size=\"600,900\" data-comments-opened=\"1\" data-image-meta=\"{&quot;aperture&quot;:&quot;0&quot;,&quot;credit&quot;:&quot;Marcelo Soubhia \\\/  FOTOSITE&quot;,&quot;camera&quot;:&quot;&quot;,&quot;caption&quot;:&quot;Manzan- \\nMinas Trend - Verao 2019\\n\\nFoto : Marcelo Soubhia \\\/  FOTOSITE&quot;,&quot;created_timestamp&quot;:&quot;0&quot;,&quot;copyright&quot;:&quot;\\u00a9 FOTOSITE&quot;,&quot;focal_length&quot;:&quot;0&quot;,&quot;iso&quot;:&quot;0&quot;,&quot;shutter_speed&quot;:&quot;0&quot;,&quot;title&quot;:&quot;Manzan&quot;,&quot;orientation&quot;:&quot;0&quot;}\" data-image-title=\"Minas Trend Ver\u00e3o 2019 :: As novas tend\u00eancias de beleza\" data-image-description=\"\" data-image-caption=\"&lt;p&gt;Minas Trend Ver\u00e3o 2019 :: As novas tend\u00eancias de beleza&lt;\/p&gt;\n\" data-medium-file=\"https:\/\/i0.wp.com\/agrund.com\/wp-content\/uploads\/sites\/6\/2018\/04\/manz_det_ms_v19_060-e1524093839145.jpg?fit=200%2C300&amp;ssl=1\" data-large-file=\"https:\/\/i0.wp.com\/agrund.com\/wp-content\/uploads\/sites\/6\/2018\/04\/manz_det_ms_v19_060-e1524093839145.jpg?fit=683%2C1024&amp;ssl=1\" decoding=\"async\" loading=\"lazy\" class=\"size-full wp-image-181009\" src=\"https:\/\/i0.wp.com\/www.agrund.com\/wp-content\/uploads\/sites\/6\/2018\/04\/manz_det_ms_v19_060-e1524093839145.jpg?resize=600%2C900\" alt=\"\" width=\"600\" height=\"900\" data-recalc-dims=\"1\" \/><p id=\"caption-attachment-181009\" class=\"wp-caption-text\">Minas Trend Ver\u00e3o 2019 :: As novas tend\u00eancias de beleza<\/p><\/div>\n<div id=\"attachment_181012\" style=\"width: 610px\" class=\"wp-caption aligncenter\"><img aria-describedby=\"caption-attachment-181012\" data-attachment-id=\"181012\" data-permalink=\"https:\/\/agrund.com\/index.php\/minas-trend-verao-2019-as-novas-tendencias-de-beleza\/fatima-scofield-7\/\" data-orig-file=\"https:\/\/i0.wp.com\/agrund.com\/wp-content\/uploads\/sites\/6\/2018\/04\/fsco_det_v19_021-e1524093926320.jpg?fit=600%2C900&amp;ssl=1\" data-orig-size=\"600,900\" data-comments-opened=\"1\" data-image-meta=\"{&quot;aperture&quot;:&quot;0&quot;,&quot;credit&quot;:&quot;Marcelo Soubhia \\\/  FOTOSITE&quot;,&quot;camera&quot;:&quot;&quot;,&quot;caption&quot;:&quot;Fatima Scofield\\n\\nMinas Trend - Verao 2019\\n\\nFoto : Marcelo Soubhia \\\/  FOTOSITE&quot;,&quot;created_timestamp&quot;:&quot;0&quot;,&quot;copyright&quot;:&quot;\\u00a9 FOTOSITE&quot;,&quot;focal_length&quot;:&quot;0&quot;,&quot;iso&quot;:&quot;0&quot;,&quot;shutter_speed&quot;:&quot;0&quot;,&quot;title&quot;:&quot;Fatima Scofield&quot;,&quot;orientation&quot;:&quot;0&quot;}\" data-image-title=\"Minas Trend Ver\u00e3o 2019 :: As novas tend\u00eancias de beleza\" data-image-description=\"\" data-image-caption=\"&lt;p&gt;Minas Trend Ver\u00e3o 2019 :: As novas tend\u00eancias de beleza&lt;\/p&gt;\n\" data-medium-file=\"https:\/\/i0.wp.com\/agrund.com\/wp-content\/uploads\/sites\/6\/2018\/04\/fsco_det_v19_021-e1524093926320.jpg?fit=200%2C300&amp;ssl=1\" data-large-file=\"https:\/\/i0.wp.com\/agrund.com\/wp-content\/uploads\/sites\/6\/2018\/04\/fsco_det_v19_021-e1524093926320.jpg?fit=683%2C1024&amp;ssl=1\" decoding=\"async\" loading=\"lazy\" class=\"size-full wp-image-181012\" src=\"https:\/\/i0.wp.com\/www.agrund.com\/wp-content\/uploads\/sites\/6\/2018\/04\/fsco_det_v19_021-e1524093926320.jpg?resize=600%2C900\" alt=\"\" width=\"600\" height=\"900\" data-recalc-dims=\"1\" \/><p id=\"caption-attachment-181012\" class=\"wp-caption-text\">Minas Trend Ver\u00e3o 2019 :: As novas tend\u00eancias de beleza<\/p><\/div>\n<div id=\"attachment_181010\" style=\"width: 610px\" class=\"wp-caption aligncenter\"><img aria-describedby=\"caption-attachment-181010\" data-attachment-id=\"181010\" data-permalink=\"https:\/\/agrund.com\/index.php\/minas-trend-verao-2019-as-novas-tendencias-de-beleza\/lucas-magalhaes-56\/\" data-orig-file=\"https:\/\/i0.wp.com\/agrund.com\/wp-content\/uploads\/sites\/6\/2018\/04\/lmag_det_ms_v19_004-e1524093943471.jpg?fit=600%2C900&amp;ssl=1\" data-orig-size=\"600,900\" data-comments-opened=\"1\" data-image-meta=\"{&quot;aperture&quot;:&quot;0&quot;,&quot;credit&quot;:&quot;Marcelo Soubhia \\\/  FOTOSITE&quot;,&quot;camera&quot;:&quot;&quot;,&quot;caption&quot;:&quot;Lucas Magalhaes\\n\\nMinas Trend - Verao 2019\\n\\nFoto : Marcelo Soubhia \\\/  FOTOSITE&quot;,&quot;created_timestamp&quot;:&quot;0&quot;,&quot;copyright&quot;:&quot;\\u00a9 FOTOSITE&quot;,&quot;focal_length&quot;:&quot;0&quot;,&quot;iso&quot;:&quot;0&quot;,&quot;shutter_speed&quot;:&quot;0&quot;,&quot;title&quot;:&quot;Lucas Magalhaes&quot;,&quot;orientation&quot;:&quot;0&quot;}\" data-image-title=\"Minas Trend Ver\u00e3o 2019 :: As novas tend\u00eancias de beleza\" data-image-description=\"\" data-image-caption=\"&lt;p&gt;Minas Trend Ver\u00e3o 2019 :: As novas tend\u00eancias de beleza &lt;\/p&gt;\n\" data-medium-file=\"https:\/\/i0.wp.com\/agrund.com\/wp-content\/uploads\/sites\/6\/2018\/04\/lmag_det_ms_v19_004-e1524093943471.jpg?fit=200%2C300&amp;ssl=1\" data-large-file=\"https:\/\/i0.wp.com\/agrund.com\/wp-content\/uploads\/sites\/6\/2018\/04\/lmag_det_ms_v19_004-e1524093943471.jpg?fit=683%2C1024&amp;ssl=1\" decoding=\"async\" loading=\"lazy\" class=\"size-full wp-image-181010\" src=\"https:\/\/i0.wp.com\/www.agrund.com\/wp-content\/uploads\/sites\/6\/2018\/04\/lmag_det_ms_v19_004-e1524093943471.jpg?resize=600%2C900\" alt=\"\" width=\"600\" height=\"900\" data-recalc-dims=\"1\" \/><p id=\"caption-attachment-181010\" class=\"wp-caption-text\">Minas Trend Ver\u00e3o 2019 :: As novas tend\u00eancias de beleza<\/p><\/div>\n<p>Fotos: Ag\u00eancia Fotosite.<\/p>\n","protected":false},"excerpt":{"rendered":"<p>Apesar da moda ser o foco do Minas Trend, as tend\u00eancias de beleza tamb\u00e9m aparecem nas passarelas. Depois de observarmos que a pele natural foi um ponto comum de todos os desfiles, resolvemos perguntar a um expert do assunto quais s\u00e3o as apostas para ver\u00e3o. Ricardo dos Anjos assina a beleza de todos os desfiles [&hellip;]<\/p>\n","protected":false},"author":8,"featured_media":181013,"comment_status":"open","ping_status":"open","sticky":false,"template":"","format":"standard","meta":{"jetpack_post_was_ever_published":false,"_jetpack_newsletter_access":"","jetpack_publicize_message":"","jetpack_is_tweetstorm":false,"jetpack_publicize_feature_enabled":true,"jetpack_social_post_already_shared":true,"jetpack_social_options":{"image_generator_settings":{"template":"highway","enabled":false}}},"categories":[9,2],"tags":[],"jetpack_publicize_connections":[],"jetpack_featured_media_url":"https:\/\/i0.wp.com\/agrund.com\/wp-content\/uploads\/sites\/6\/2018\/04\/s-65.jpg?fit=960%2C300&ssl=1","jetpack_sharing_enabled":true,"jetpack_shortlink":"https:\/\/wp.me\/p3Hz0n-L5u","jetpack_likes_enabled":true,"_links":{"self":[{"href":"https:\/\/agrund.com\/index.php\/wp-json\/wp\/v2\/posts\/181008"}],"collection":[{"href":"https:\/\/agrund.com\/index.php\/wp-json\/wp\/v2\/posts"}],"about":[{"href":"https:\/\/agrund.com\/index.php\/wp-json\/wp\/v2\/types\/post"}],"author":[{"embeddable":true,"href":"https:\/\/agrund.com\/index.php\/wp-json\/wp\/v2\/users\/8"}],"replies":[{"embeddable":true,"href":"https:\/\/agrund.com\/index.php\/wp-json\/wp\/v2\/comments?post=181008"}],"version-history":[{"count":0,"href":"https:\/\/agrund.com\/index.php\/wp-json\/wp\/v2\/posts\/181008\/revisions"}],"wp:featuredmedia":[{"embeddable":true,"href":"https:\/\/agrund.com\/index.php\/wp-json\/wp\/v2\/media\/181013"}],"wp:attachment":[{"href":"https:\/\/agrund.com\/index.php\/wp-json\/wp\/v2\/media?parent=181008"}],"wp:term":[{"taxonomy":"category","embeddable":true,"href":"https:\/\/agrund.com\/index.php\/wp-json\/wp\/v2\/categories?post=181008"},{"taxonomy":"post_tag","embeddable":true,"href":"https:\/\/agrund.com\/index.php\/wp-json\/wp\/v2\/tags?post=181008"}],"curies":[{"name":"wp","href":"https:\/\/api.w.org\/{rel}","templated":true}]}}