{"id":180922,"date":"2018-04-18T15:00:24","date_gmt":"2018-04-18T18:00:24","guid":{"rendered":"http:\/\/www.agrund.com\/?p=180922"},"modified":"2018-04-18T15:21:24","modified_gmt":"2018-04-18T18:21:24","slug":"minas-trend-verao-2019-os-anos-80-de-manzan","status":"publish","type":"post","link":"https:\/\/agrund.com\/index.php\/minas-trend-verao-2019-os-anos-80-de-manzan\/","title":{"rendered":"Minas Trend Ver\u00e3o 2019 :: Os anos 80 de Manzan"},"content":{"rendered":"<p>Texto por Thay Sanqueta<br \/>\nEdi\u00e7\u00e3o por Rafaela Piovezani<\/p>\n<p>Mais uma vez a Manzan nos convida a viajar, mas desta vez no tempo, direto para os anos 80 para as danceterias e disco clubs.<\/p>\n<p>O n\u00e1ilon, que ressurgiu nas semanas de moda internacionais de forma nobre e com aspecto de seda, abriu o desfile no tom laranja pastel, que foi uma das cores mais vistas no primeiro dia de desfiles da Minas Trend.<\/p>\n<p>Mini lantejoulas coloridas fizeram refer\u00eancia aos globos de espelho das discotecas daquele tempo. O mood esportivo que est\u00e1 super em alta n\u00e3o ficou de fora, aparecendo em parkas, capuz, bolsos grandes e cal\u00e7a jogging. Os tules bordados, que j\u00e1 s\u00e3o caracter\u00edsticos da marca, tamb\u00e9m est\u00e3o presentes na cole\u00e7\u00e3o, assim como plumas, pe\u00e7as em linho e denim.<\/p>\n<p>Em seu release, Let\u00edcia Manzan afirma acreditar que a moda \u00e9 a forma de interpretar os sonhos e desejos. E essa \u00e9 a imagem que vejo sempre estampada nos olhos e rosto da estilista ao agradecer o p\u00fablico que a assiste.<\/p>\n<div id=\"attachment_180923\" style=\"width: 610px\" class=\"wp-caption aligncenter\"><img aria-describedby=\"caption-attachment-180923\" data-attachment-id=\"180923\" data-permalink=\"https:\/\/agrund.com\/index.php\/minas-trend-verao-2019-os-anos-80-de-manzan\/manzan-19\/\" data-orig-file=\"https:\/\/i0.wp.com\/agrund.com\/wp-content\/uploads\/sites\/6\/2018\/04\/manz_v19_0001-e1524075318500.jpg?fit=600%2C900&amp;ssl=1\" data-orig-size=\"600,900\" data-comments-opened=\"1\" data-image-meta=\"{&quot;aperture&quot;:&quot;5.6&quot;,&quot;credit&quot;:&quot;Ze Takahashi \\\/  FOTOSITE&quot;,&quot;camera&quot;:&quot;NIKON D500&quot;,&quot;caption&quot;:&quot;Manzan\\n\\nMinas Trend - Verao 2019\\n\\nFoto : Ze Takahashi \\\/  FOTOSITE&quot;,&quot;created_timestamp&quot;:&quot;1524000891&quot;,&quot;copyright&quot;:&quot;\\u00a9 FOTOSITE&quot;,&quot;focal_length&quot;:&quot;175&quot;,&quot;iso&quot;:&quot;800&quot;,&quot;shutter_speed&quot;:&quot;0.00125&quot;,&quot;title&quot;:&quot;Manzan&quot;,&quot;orientation&quot;:&quot;0&quot;}\" data-image-title=\"Minas Trend Ver\u00e3o 2019 :: Os anos 80 de Manzan\" data-image-description=\"\" data-image-caption=\"&lt;p&gt;Minas Trend Ver\u00e3o 2019 :: Os anos 80 de Manzan &lt;\/p&gt;\n\" data-medium-file=\"https:\/\/i0.wp.com\/agrund.com\/wp-content\/uploads\/sites\/6\/2018\/04\/manz_v19_0001-e1524075318500.jpg?fit=200%2C300&amp;ssl=1\" data-large-file=\"https:\/\/i0.wp.com\/agrund.com\/wp-content\/uploads\/sites\/6\/2018\/04\/manz_v19_0001-e1524075318500.jpg?fit=683%2C1024&amp;ssl=1\" decoding=\"async\" loading=\"lazy\" class=\"size-full wp-image-180923\" src=\"https:\/\/i0.wp.com\/www.agrund.com\/wp-content\/uploads\/sites\/6\/2018\/04\/manz_v19_0001-e1524075318500.jpg?resize=600%2C900\" alt=\"\" width=\"600\" height=\"900\" data-recalc-dims=\"1\" \/><p id=\"caption-attachment-180923\" class=\"wp-caption-text\">Minas Trend Ver\u00e3o 2019 :: Os anos 80 de Manzan<\/p><\/div>\n<div id=\"attachment_180924\" style=\"width: 610px\" class=\"wp-caption aligncenter\"><img aria-describedby=\"caption-attachment-180924\" data-attachment-id=\"180924\" data-permalink=\"https:\/\/agrund.com\/index.php\/minas-trend-verao-2019-os-anos-80-de-manzan\/manzan-20\/\" data-orig-file=\"https:\/\/i0.wp.com\/agrund.com\/wp-content\/uploads\/sites\/6\/2018\/04\/manz_v19_0011-e1524075367362.jpg?fit=600%2C900&amp;ssl=1\" data-orig-size=\"600,900\" data-comments-opened=\"1\" data-image-meta=\"{&quot;aperture&quot;:&quot;5.6&quot;,&quot;credit&quot;:&quot;Ze Takahashi \\\/  FOTOSITE&quot;,&quot;camera&quot;:&quot;NIKON D500&quot;,&quot;caption&quot;:&quot;Manzan\\n\\nMinas Trend - Verao 2019\\n\\nFoto : Ze Takahashi \\\/  FOTOSITE&quot;,&quot;created_timestamp&quot;:&quot;1524000954&quot;,&quot;copyright&quot;:&quot;\\u00a9 FOTOSITE&quot;,&quot;focal_length&quot;:&quot;190&quot;,&quot;iso&quot;:&quot;800&quot;,&quot;shutter_speed&quot;:&quot;0.00125&quot;,&quot;title&quot;:&quot;Manzan&quot;,&quot;orientation&quot;:&quot;0&quot;}\" data-image-title=\"Minas Trend Ver\u00e3o 2019 :: Os anos 80 de Manzan\" data-image-description=\"\" data-image-caption=\"&lt;p&gt;Minas Trend Ver\u00e3o 2019 :: Os anos 80 de Manzan &lt;\/p&gt;\n\" data-medium-file=\"https:\/\/i0.wp.com\/agrund.com\/wp-content\/uploads\/sites\/6\/2018\/04\/manz_v19_0011-e1524075367362.jpg?fit=200%2C300&amp;ssl=1\" data-large-file=\"https:\/\/i0.wp.com\/agrund.com\/wp-content\/uploads\/sites\/6\/2018\/04\/manz_v19_0011-e1524075367362.jpg?fit=683%2C1024&amp;ssl=1\" decoding=\"async\" loading=\"lazy\" class=\"size-full wp-image-180924\" src=\"https:\/\/i0.wp.com\/www.agrund.com\/wp-content\/uploads\/sites\/6\/2018\/04\/manz_v19_0011-e1524075367362.jpg?resize=600%2C900\" alt=\"\" width=\"600\" height=\"900\" data-recalc-dims=\"1\" \/><p id=\"caption-attachment-180924\" class=\"wp-caption-text\">Minas Trend Ver\u00e3o 2019 :: Os anos 80 de Manzan<\/p><\/div>\n<div id=\"attachment_180925\" style=\"width: 610px\" class=\"wp-caption aligncenter\"><img aria-describedby=\"caption-attachment-180925\" data-attachment-id=\"180925\" data-permalink=\"https:\/\/agrund.com\/index.php\/minas-trend-verao-2019-os-anos-80-de-manzan\/manzan-21\/\" data-orig-file=\"https:\/\/i0.wp.com\/agrund.com\/wp-content\/uploads\/sites\/6\/2018\/04\/manz_v19_0013-e1524075419479.jpg?fit=600%2C900&amp;ssl=1\" data-orig-size=\"600,900\" data-comments-opened=\"1\" data-image-meta=\"{&quot;aperture&quot;:&quot;5.6&quot;,&quot;credit&quot;:&quot;Ze Takahashi \\\/  FOTOSITE&quot;,&quot;camera&quot;:&quot;NIKON D500&quot;,&quot;caption&quot;:&quot;Manzan\\n\\nMinas Trend - Verao 2019\\n\\nFoto : Ze Takahashi \\\/  FOTOSITE&quot;,&quot;created_timestamp&quot;:&quot;1524000966&quot;,&quot;copyright&quot;:&quot;\\u00a9 FOTOSITE&quot;,&quot;focal_length&quot;:&quot;190&quot;,&quot;iso&quot;:&quot;800&quot;,&quot;shutter_speed&quot;:&quot;0.00125&quot;,&quot;title&quot;:&quot;Manzan&quot;,&quot;orientation&quot;:&quot;0&quot;}\" data-image-title=\"Minas Trend Ver\u00e3o 2019 :: Os anos 80 de Manzan\" data-image-description=\"\" data-image-caption=\"&lt;p&gt;Minas Trend Ver\u00e3o 2019 :: Os anos 80 de Manzan&lt;\/p&gt;\n\" data-medium-file=\"https:\/\/i0.wp.com\/agrund.com\/wp-content\/uploads\/sites\/6\/2018\/04\/manz_v19_0013-e1524075419479.jpg?fit=200%2C300&amp;ssl=1\" data-large-file=\"https:\/\/i0.wp.com\/agrund.com\/wp-content\/uploads\/sites\/6\/2018\/04\/manz_v19_0013-e1524075419479.jpg?fit=683%2C1024&amp;ssl=1\" decoding=\"async\" loading=\"lazy\" class=\"size-full wp-image-180925\" src=\"https:\/\/i0.wp.com\/www.agrund.com\/wp-content\/uploads\/sites\/6\/2018\/04\/manz_v19_0013-e1524075419479.jpg?resize=600%2C900\" alt=\"\" width=\"600\" height=\"900\" data-recalc-dims=\"1\" \/><p id=\"caption-attachment-180925\" class=\"wp-caption-text\">Minas Trend Ver\u00e3o 2019 :: Os anos 80 de Manzan<\/p><\/div>\n<div id=\"attachment_180926\" style=\"width: 610px\" class=\"wp-caption aligncenter\"><img aria-describedby=\"caption-attachment-180926\" data-attachment-id=\"180926\" data-permalink=\"https:\/\/agrund.com\/index.php\/minas-trend-verao-2019-os-anos-80-de-manzan\/manzan-22\/\" data-orig-file=\"https:\/\/i0.wp.com\/agrund.com\/wp-content\/uploads\/sites\/6\/2018\/04\/manz_v19_0019-e1524075437248.jpg?fit=600%2C900&amp;ssl=1\" data-orig-size=\"600,900\" data-comments-opened=\"1\" data-image-meta=\"{&quot;aperture&quot;:&quot;5.6&quot;,&quot;credit&quot;:&quot;Ze Takahashi \\\/  FOTOSITE&quot;,&quot;camera&quot;:&quot;NIKON D500&quot;,&quot;caption&quot;:&quot;Manzan\\n\\nMinas Trend - Verao 2019\\n\\nFoto : Ze Takahashi \\\/  FOTOSITE&quot;,&quot;created_timestamp&quot;:&quot;1524001003&quot;,&quot;copyright&quot;:&quot;\\u00a9 FOTOSITE&quot;,&quot;focal_length&quot;:&quot;185&quot;,&quot;iso&quot;:&quot;800&quot;,&quot;shutter_speed&quot;:&quot;0.00125&quot;,&quot;title&quot;:&quot;Manzan&quot;,&quot;orientation&quot;:&quot;0&quot;}\" data-image-title=\"Minas Trend Ver\u00e3o 2019 :: Os anos 80 de Manzan\" data-image-description=\"\" data-image-caption=\"&lt;p&gt;Minas Trend Ver\u00e3o 2019 :: Os anos 80 de Manzan &lt;\/p&gt;\n\" data-medium-file=\"https:\/\/i0.wp.com\/agrund.com\/wp-content\/uploads\/sites\/6\/2018\/04\/manz_v19_0019-e1524075437248.jpg?fit=200%2C300&amp;ssl=1\" data-large-file=\"https:\/\/i0.wp.com\/agrund.com\/wp-content\/uploads\/sites\/6\/2018\/04\/manz_v19_0019-e1524075437248.jpg?fit=683%2C1024&amp;ssl=1\" decoding=\"async\" loading=\"lazy\" class=\"size-full wp-image-180926\" src=\"https:\/\/i0.wp.com\/www.agrund.com\/wp-content\/uploads\/sites\/6\/2018\/04\/manz_v19_0019-e1524075437248.jpg?resize=600%2C900\" alt=\"\" width=\"600\" height=\"900\" data-recalc-dims=\"1\" \/><p id=\"caption-attachment-180926\" class=\"wp-caption-text\">Minas Trend Ver\u00e3o 2019 :: Os anos 80 de Manzan<\/p><\/div>\n<div id=\"attachment_180927\" style=\"width: 610px\" class=\"wp-caption aligncenter\"><img aria-describedby=\"caption-attachment-180927\" data-attachment-id=\"180927\" data-permalink=\"https:\/\/agrund.com\/index.php\/minas-trend-verao-2019-os-anos-80-de-manzan\/manzan-23\/\" data-orig-file=\"https:\/\/i0.wp.com\/agrund.com\/wp-content\/uploads\/sites\/6\/2018\/04\/manz_v19_0021-e1524075452464.jpg?fit=600%2C900&amp;ssl=1\" data-orig-size=\"600,900\" data-comments-opened=\"1\" data-image-meta=\"{&quot;aperture&quot;:&quot;5.6&quot;,&quot;credit&quot;:&quot;Ze Takahashi \\\/  FOTOSITE&quot;,&quot;camera&quot;:&quot;NIKON D500&quot;,&quot;caption&quot;:&quot;Manzan\\n\\nMinas Trend - Verao 2019\\n\\nFoto : Ze Takahashi \\\/  FOTOSITE&quot;,&quot;created_timestamp&quot;:&quot;1524001017&quot;,&quot;copyright&quot;:&quot;\\u00a9 FOTOSITE&quot;,&quot;focal_length&quot;:&quot;200&quot;,&quot;iso&quot;:&quot;800&quot;,&quot;shutter_speed&quot;:&quot;0.00125&quot;,&quot;title&quot;:&quot;Manzan&quot;,&quot;orientation&quot;:&quot;0&quot;}\" data-image-title=\"Minas Trend Ver\u00e3o 2019 :: Os anos 80 de Manzan\" data-image-description=\"\" data-image-caption=\"&lt;p&gt;Minas Trend Ver\u00e3o 2019 :: Os anos 80 de Manzan &lt;\/p&gt;\n\" data-medium-file=\"https:\/\/i0.wp.com\/agrund.com\/wp-content\/uploads\/sites\/6\/2018\/04\/manz_v19_0021-e1524075452464.jpg?fit=200%2C300&amp;ssl=1\" data-large-file=\"https:\/\/i0.wp.com\/agrund.com\/wp-content\/uploads\/sites\/6\/2018\/04\/manz_v19_0021-e1524075452464.jpg?fit=683%2C1024&amp;ssl=1\" decoding=\"async\" loading=\"lazy\" class=\"size-full wp-image-180927\" src=\"https:\/\/i0.wp.com\/www.agrund.com\/wp-content\/uploads\/sites\/6\/2018\/04\/manz_v19_0021-e1524075452464.jpg?resize=600%2C900\" alt=\"\" width=\"600\" height=\"900\" data-recalc-dims=\"1\" \/><p id=\"caption-attachment-180927\" class=\"wp-caption-text\">Minas Trend Ver\u00e3o 2019 :: Os anos 80 de Manzan<\/p><\/div>\n<div id=\"attachment_180928\" style=\"width: 610px\" class=\"wp-caption aligncenter\"><img aria-describedby=\"caption-attachment-180928\" data-attachment-id=\"180928\" data-permalink=\"https:\/\/agrund.com\/index.php\/minas-trend-verao-2019-os-anos-80-de-manzan\/manzan-24\/\" data-orig-file=\"https:\/\/i0.wp.com\/agrund.com\/wp-content\/uploads\/sites\/6\/2018\/04\/manz_v19_0029-e1524075473601.jpg?fit=600%2C900&amp;ssl=1\" data-orig-size=\"600,900\" data-comments-opened=\"1\" data-image-meta=\"{&quot;aperture&quot;:&quot;5.6&quot;,&quot;credit&quot;:&quot;Ze Takahashi \\\/  FOTOSITE&quot;,&quot;camera&quot;:&quot;NIKON D500&quot;,&quot;caption&quot;:&quot;Manzan\\n\\nMinas Trend - Verao 2019\\n\\nFoto : Ze Takahashi \\\/  FOTOSITE&quot;,&quot;created_timestamp&quot;:&quot;1524001065&quot;,&quot;copyright&quot;:&quot;\\u00a9 FOTOSITE&quot;,&quot;focal_length&quot;:&quot;200&quot;,&quot;iso&quot;:&quot;800&quot;,&quot;shutter_speed&quot;:&quot;0.00125&quot;,&quot;title&quot;:&quot;Manzan&quot;,&quot;orientation&quot;:&quot;0&quot;}\" data-image-title=\"Minas Trend Ver\u00e3o 2019 :: Os anos 80 de Manzan\" data-image-description=\"\" data-image-caption=\"&lt;p&gt;Minas Trend Ver\u00e3o 2019 :: Os anos 80 de Manzan &lt;\/p&gt;\n\" data-medium-file=\"https:\/\/i0.wp.com\/agrund.com\/wp-content\/uploads\/sites\/6\/2018\/04\/manz_v19_0029-e1524075473601.jpg?fit=200%2C300&amp;ssl=1\" data-large-file=\"https:\/\/i0.wp.com\/agrund.com\/wp-content\/uploads\/sites\/6\/2018\/04\/manz_v19_0029-e1524075473601.jpg?fit=683%2C1024&amp;ssl=1\" decoding=\"async\" loading=\"lazy\" class=\"size-full wp-image-180928\" src=\"https:\/\/i0.wp.com\/www.agrund.com\/wp-content\/uploads\/sites\/6\/2018\/04\/manz_v19_0029-e1524075473601.jpg?resize=600%2C900\" alt=\"\" width=\"600\" height=\"900\" data-recalc-dims=\"1\" \/><p id=\"caption-attachment-180928\" class=\"wp-caption-text\">Minas Trend Ver\u00e3o 2019 :: Os anos 80 de Manzan<\/p><\/div>\n<div id=\"attachment_180929\" style=\"width: 610px\" class=\"wp-caption aligncenter\"><img aria-describedby=\"caption-attachment-180929\" data-attachment-id=\"180929\" data-permalink=\"https:\/\/agrund.com\/index.php\/minas-trend-verao-2019-os-anos-80-de-manzan\/manz_v19_0031\/\" data-orig-file=\"https:\/\/i0.wp.com\/agrund.com\/wp-content\/uploads\/sites\/6\/2018\/04\/manz_v19_0031-e1524075490601.jpg?fit=600%2C900&amp;ssl=1\" data-orig-size=\"600,900\" data-comments-opened=\"1\" data-image-meta=\"{&quot;aperture&quot;:&quot;5.6&quot;,&quot;credit&quot;:&quot;&quot;,&quot;camera&quot;:&quot;NIKON D500&quot;,&quot;caption&quot;:&quot;&quot;,&quot;created_timestamp&quot;:&quot;1524001081&quot;,&quot;copyright&quot;:&quot;&quot;,&quot;focal_length&quot;:&quot;185&quot;,&quot;iso&quot;:&quot;800&quot;,&quot;shutter_speed&quot;:&quot;0.00125&quot;,&quot;title&quot;:&quot;&quot;,&quot;orientation&quot;:&quot;0&quot;}\" data-image-title=\"Minas Trend Ver\u00e3o 2019 :: Os anos 80 de Manzan\" data-image-description=\"\" data-image-caption=\"&lt;p&gt;Minas Trend Ver\u00e3o 2019 :: Os anos 80 de Manzan&lt;\/p&gt;\n\" data-medium-file=\"https:\/\/i0.wp.com\/agrund.com\/wp-content\/uploads\/sites\/6\/2018\/04\/manz_v19_0031-e1524075490601.jpg?fit=200%2C300&amp;ssl=1\" data-large-file=\"https:\/\/i0.wp.com\/agrund.com\/wp-content\/uploads\/sites\/6\/2018\/04\/manz_v19_0031-e1524075490601.jpg?fit=683%2C1024&amp;ssl=1\" decoding=\"async\" loading=\"lazy\" class=\"size-full wp-image-180929\" src=\"https:\/\/i0.wp.com\/www.agrund.com\/wp-content\/uploads\/sites\/6\/2018\/04\/manz_v19_0031-e1524075490601.jpg?resize=600%2C900\" alt=\"\" width=\"600\" height=\"900\" data-recalc-dims=\"1\" \/><p id=\"caption-attachment-180929\" class=\"wp-caption-text\">Minas Trend Ver\u00e3o 2019 :: Os anos 80 de Manzan<\/p><\/div>\n<div id=\"attachment_180930\" style=\"width: 610px\" class=\"wp-caption aligncenter\"><img aria-describedby=\"caption-attachment-180930\" data-attachment-id=\"180930\" data-permalink=\"https:\/\/agrund.com\/index.php\/minas-trend-verao-2019-os-anos-80-de-manzan\/manzan-25\/\" data-orig-file=\"https:\/\/i0.wp.com\/agrund.com\/wp-content\/uploads\/sites\/6\/2018\/04\/manz_v19_0040-e1524075509662.jpg?fit=600%2C900&amp;ssl=1\" data-orig-size=\"600,900\" data-comments-opened=\"1\" data-image-meta=\"{&quot;aperture&quot;:&quot;5.6&quot;,&quot;credit&quot;:&quot;Ze Takahashi \\\/  FOTOSITE&quot;,&quot;camera&quot;:&quot;NIKON D500&quot;,&quot;caption&quot;:&quot;Manzan\\n\\nMinas Trend - Verao 2019\\n\\nFoto : Ze Takahashi \\\/  FOTOSITE&quot;,&quot;created_timestamp&quot;:&quot;1524001140&quot;,&quot;copyright&quot;:&quot;\\u00a9 FOTOSITE&quot;,&quot;focal_length&quot;:&quot;185&quot;,&quot;iso&quot;:&quot;800&quot;,&quot;shutter_speed&quot;:&quot;0.00125&quot;,&quot;title&quot;:&quot;Manzan&quot;,&quot;orientation&quot;:&quot;0&quot;}\" data-image-title=\"Minas Trend Ver\u00e3o 2019 :: Os anos 80 de Manzan\" data-image-description=\"\" data-image-caption=\"&lt;p&gt;Minas Trend Ver\u00e3o 2019 :: Os anos 80 de Manzan &lt;\/p&gt;\n\" data-medium-file=\"https:\/\/i0.wp.com\/agrund.com\/wp-content\/uploads\/sites\/6\/2018\/04\/manz_v19_0040-e1524075509662.jpg?fit=200%2C300&amp;ssl=1\" data-large-file=\"https:\/\/i0.wp.com\/agrund.com\/wp-content\/uploads\/sites\/6\/2018\/04\/manz_v19_0040-e1524075509662.jpg?fit=683%2C1024&amp;ssl=1\" decoding=\"async\" loading=\"lazy\" class=\"size-full wp-image-180930\" src=\"https:\/\/i0.wp.com\/www.agrund.com\/wp-content\/uploads\/sites\/6\/2018\/04\/manz_v19_0040-e1524075509662.jpg?resize=600%2C900\" alt=\"\" width=\"600\" height=\"900\" data-recalc-dims=\"1\" \/><p id=\"caption-attachment-180930\" class=\"wp-caption-text\">Minas Trend Ver\u00e3o 2019 :: Os anos 80 de Manzan<\/p><\/div>\n<div id=\"attachment_180931\" style=\"width: 610px\" class=\"wp-caption aligncenter\"><img aria-describedby=\"caption-attachment-180931\" data-attachment-id=\"180931\" data-permalink=\"https:\/\/agrund.com\/index.php\/minas-trend-verao-2019-os-anos-80-de-manzan\/manzan-26\/\" data-orig-file=\"https:\/\/i0.wp.com\/agrund.com\/wp-content\/uploads\/sites\/6\/2018\/04\/manz_v19_0046-e1524075524731.jpg?fit=600%2C900&amp;ssl=1\" data-orig-size=\"600,900\" data-comments-opened=\"1\" data-image-meta=\"{&quot;aperture&quot;:&quot;5.6&quot;,&quot;credit&quot;:&quot;Ze Takahashi \\\/  FOTOSITE&quot;,&quot;camera&quot;:&quot;NIKON D500&quot;,&quot;caption&quot;:&quot;Manzan\\n\\nMinas Trend - Verao 2019\\n\\nFoto : Ze Takahashi \\\/  FOTOSITE&quot;,&quot;created_timestamp&quot;:&quot;1524001178&quot;,&quot;copyright&quot;:&quot;\\u00a9 FOTOSITE&quot;,&quot;focal_length&quot;:&quot;190&quot;,&quot;iso&quot;:&quot;800&quot;,&quot;shutter_speed&quot;:&quot;0.00125&quot;,&quot;title&quot;:&quot;Manzan&quot;,&quot;orientation&quot;:&quot;0&quot;}\" data-image-title=\"Minas Trend Ver\u00e3o 2019 :: Os anos 80 de Manzan\" data-image-description=\"\" data-image-caption=\"&lt;p&gt;Minas Trend Ver\u00e3o 2019 :: Os anos 80 de Manzan &lt;\/p&gt;\n\" data-medium-file=\"https:\/\/i0.wp.com\/agrund.com\/wp-content\/uploads\/sites\/6\/2018\/04\/manz_v19_0046-e1524075524731.jpg?fit=200%2C300&amp;ssl=1\" data-large-file=\"https:\/\/i0.wp.com\/agrund.com\/wp-content\/uploads\/sites\/6\/2018\/04\/manz_v19_0046-e1524075524731.jpg?fit=683%2C1024&amp;ssl=1\" decoding=\"async\" loading=\"lazy\" class=\"size-full wp-image-180931\" src=\"https:\/\/i0.wp.com\/www.agrund.com\/wp-content\/uploads\/sites\/6\/2018\/04\/manz_v19_0046-e1524075524731.jpg?resize=600%2C900\" alt=\"\" width=\"600\" height=\"900\" data-recalc-dims=\"1\" \/><p id=\"caption-attachment-180931\" class=\"wp-caption-text\">Minas Trend Ver\u00e3o 2019 :: Os anos 80 de Manzan<\/p><\/div>\n<div id=\"attachment_180932\" style=\"width: 610px\" class=\"wp-caption aligncenter\"><img aria-describedby=\"caption-attachment-180932\" data-attachment-id=\"180932\" data-permalink=\"https:\/\/agrund.com\/index.php\/minas-trend-verao-2019-os-anos-80-de-manzan\/manz_v19_0052\/\" data-orig-file=\"https:\/\/i0.wp.com\/agrund.com\/wp-content\/uploads\/sites\/6\/2018\/04\/manz_v19_0052-e1524075540705.jpg?fit=600%2C900&amp;ssl=1\" data-orig-size=\"600,900\" data-comments-opened=\"1\" data-image-meta=\"{&quot;aperture&quot;:&quot;5.6&quot;,&quot;credit&quot;:&quot;&quot;,&quot;camera&quot;:&quot;NIKON D500&quot;,&quot;caption&quot;:&quot;&quot;,&quot;created_timestamp&quot;:&quot;1524001216&quot;,&quot;copyright&quot;:&quot;&quot;,&quot;focal_length&quot;:&quot;190&quot;,&quot;iso&quot;:&quot;800&quot;,&quot;shutter_speed&quot;:&quot;0.00125&quot;,&quot;title&quot;:&quot;&quot;,&quot;orientation&quot;:&quot;0&quot;}\" data-image-title=\"Minas Trend Ver\u00e3o 2019 :: Os anos 80 de Manzan\" data-image-description=\"\" data-image-caption=\"&lt;p&gt;Minas Trend Ver\u00e3o 2019 :: Os anos 80 de Manzan&lt;\/p&gt;\n\" data-medium-file=\"https:\/\/i0.wp.com\/agrund.com\/wp-content\/uploads\/sites\/6\/2018\/04\/manz_v19_0052-e1524075540705.jpg?fit=200%2C300&amp;ssl=1\" data-large-file=\"https:\/\/i0.wp.com\/agrund.com\/wp-content\/uploads\/sites\/6\/2018\/04\/manz_v19_0052-e1524075540705.jpg?fit=683%2C1024&amp;ssl=1\" decoding=\"async\" loading=\"lazy\" class=\"size-full wp-image-180932\" src=\"https:\/\/i0.wp.com\/www.agrund.com\/wp-content\/uploads\/sites\/6\/2018\/04\/manz_v19_0052-e1524075540705.jpg?resize=600%2C900\" alt=\"\" width=\"600\" height=\"900\" data-recalc-dims=\"1\" \/><p id=\"caption-attachment-180932\" class=\"wp-caption-text\">Minas Trend Ver\u00e3o 2019 :: Os anos 80 de Manzan<\/p><\/div>\n<p>Fotos: Divulga\u00e7\u00e3o\/ Ag\u00eancia Fotosite.<\/p>\n","protected":false},"excerpt":{"rendered":"<p>Texto por Thay Sanqueta Edi\u00e7\u00e3o por Rafaela Piovezani Mais uma vez a Manzan nos convida a viajar, mas desta vez no tempo, direto para os anos 80 para as danceterias e disco clubs. O n\u00e1ilon, que ressurgiu nas semanas de moda internacionais de forma nobre e com aspecto de seda, abriu o desfile no tom [&hellip;]<\/p>\n","protected":false},"author":8,"featured_media":180934,"comment_status":"open","ping_status":"open","sticky":false,"template":"","format":"standard","meta":{"jetpack_post_was_ever_published":false,"_jetpack_newsletter_access":"","jetpack_publicize_message":"","jetpack_is_tweetstorm":false,"jetpack_publicize_feature_enabled":true,"jetpack_social_post_already_shared":true,"jetpack_social_options":{"image_generator_settings":{"template":"highway","enabled":false}}},"categories":[9,2],"tags":[],"jetpack_publicize_connections":[],"jetpack_featured_media_url":"https:\/\/i0.wp.com\/agrund.com\/wp-content\/uploads\/sites\/6\/2018\/04\/s-59.jpg?fit=960%2C300&ssl=1","jetpack_sharing_enabled":true,"jetpack_shortlink":"https:\/\/wp.me\/p3Hz0n-L46","jetpack_likes_enabled":true,"_links":{"self":[{"href":"https:\/\/agrund.com\/index.php\/wp-json\/wp\/v2\/posts\/180922"}],"collection":[{"href":"https:\/\/agrund.com\/index.php\/wp-json\/wp\/v2\/posts"}],"about":[{"href":"https:\/\/agrund.com\/index.php\/wp-json\/wp\/v2\/types\/post"}],"author":[{"embeddable":true,"href":"https:\/\/agrund.com\/index.php\/wp-json\/wp\/v2\/users\/8"}],"replies":[{"embeddable":true,"href":"https:\/\/agrund.com\/index.php\/wp-json\/wp\/v2\/comments?post=180922"}],"version-history":[{"count":0,"href":"https:\/\/agrund.com\/index.php\/wp-json\/wp\/v2\/posts\/180922\/revisions"}],"wp:featuredmedia":[{"embeddable":true,"href":"https:\/\/agrund.com\/index.php\/wp-json\/wp\/v2\/media\/180934"}],"wp:attachment":[{"href":"https:\/\/agrund.com\/index.php\/wp-json\/wp\/v2\/media?parent=180922"}],"wp:term":[{"taxonomy":"category","embeddable":true,"href":"https:\/\/agrund.com\/index.php\/wp-json\/wp\/v2\/categories?post=180922"},{"taxonomy":"post_tag","embeddable":true,"href":"https:\/\/agrund.com\/index.php\/wp-json\/wp\/v2\/tags?post=180922"}],"curies":[{"name":"wp","href":"https:\/\/api.w.org\/{rel}","templated":true}]}}