{"id":180906,"date":"2018-04-18T13:30:38","date_gmt":"2018-04-18T16:30:38","guid":{"rendered":"http:\/\/www.agrund.com\/?p=180906"},"modified":"2018-04-18T13:42:34","modified_gmt":"2018-04-18T16:42:34","slug":"minas-trend-verao-2019-as-texturas-de-lucas-magalhaes","status":"publish","type":"post","link":"https:\/\/agrund.com\/index.php\/minas-trend-verao-2019-as-texturas-de-lucas-magalhaes\/","title":{"rendered":"Minas Trend Ver\u00e3o 2019 :: As texturas de Lucas Magalh\u00e3es"},"content":{"rendered":"<p>Texto por Thay Sanqueta<br \/>\nEdi\u00e7\u00e3o por Rafaela Piovezani<\/p>\n<p>Lucas Magalh\u00e3es surpreendeu na passarela do Minas Trend! Voltamos a ver aquela ess\u00eancia de menino do interior (com muito orgulho) que retratava a vida simples da fazenda na casa da av\u00f3, assim como apresentou em seu primeiro desfile na semana de moda mineira tempos atr\u00e1s!<\/p>\n<p>Inspirado na troca de cartas entre os artistas e a Semana de Arte Moderna de 1922, Lucas prop\u00f4s um resgate \u00e0 autoestima, guiado pela afetividade das rela\u00e7\u00f5es pessoais e sua busca por uma moda autoral.<\/p>\n<p>Para dar vida ao seu ver\u00e3o 2019, Lucas contou com a colabora\u00e7\u00e3o de seis marcas &#8211; Valeria Mansur, Ateli\u00ea de Cal\u00e7as, Flexjewel, Lucchetto, Paola Fabris e Superga.<\/p>\n<p>A cada modelo que entrava a passarela, uma nova emo\u00e7\u00e3o. Os bordados computadorizados, as transpar\u00eancias, a estamparia digital e o tric\u00f4 criaram texturas \u00fanicas. A uni\u00e3o da tecnologia e do trabalho manual com maestria!<\/p>\n<div id=\"attachment_180908\" style=\"width: 610px\" class=\"wp-caption aligncenter\"><img aria-describedby=\"caption-attachment-180908\" data-attachment-id=\"180908\" data-permalink=\"https:\/\/agrund.com\/index.php\/minas-trend-verao-2019-as-texturas-de-lucas-magalhaes\/lucas-magalhaes-45\/\" data-orig-file=\"https:\/\/i0.wp.com\/agrund.com\/wp-content\/uploads\/sites\/6\/2018\/04\/lmag_v19_0001-e1524069513270.jpg?fit=600%2C900&amp;ssl=1\" data-orig-size=\"600,900\" data-comments-opened=\"1\" data-image-meta=\"{&quot;aperture&quot;:&quot;5.6&quot;,&quot;credit&quot;:&quot;Ze Takahashi \\\/  FOTOSITE&quot;,&quot;camera&quot;:&quot;NIKON D500&quot;,&quot;caption&quot;:&quot;Lucas Magalhaes\\n\\nMinas Trend - Verao 2019\\n\\nFoto : Ze Takahashi \\\/  FOTOSITE&quot;,&quot;created_timestamp&quot;:&quot;1524000218&quot;,&quot;copyright&quot;:&quot;\\u00a9 FOTOSITE&quot;,&quot;focal_length&quot;:&quot;200&quot;,&quot;iso&quot;:&quot;800&quot;,&quot;shutter_speed&quot;:&quot;0.00125&quot;,&quot;title&quot;:&quot;Lucas Magalhaes&quot;,&quot;orientation&quot;:&quot;0&quot;}\" data-image-title=\"Minas Trend Ver\u00e3o 2019 :: As texturas de Lucas Magalh\u00e3es\" data-image-description=\"\" data-image-caption=\"&lt;p&gt;Minas Trend Ver\u00e3o 2019 :: As texturas de Lucas Magalh\u00e3es&lt;\/p&gt;\n\" data-medium-file=\"https:\/\/i0.wp.com\/agrund.com\/wp-content\/uploads\/sites\/6\/2018\/04\/lmag_v19_0001-e1524069513270.jpg?fit=200%2C300&amp;ssl=1\" data-large-file=\"https:\/\/i0.wp.com\/agrund.com\/wp-content\/uploads\/sites\/6\/2018\/04\/lmag_v19_0001-e1524069513270.jpg?fit=683%2C1024&amp;ssl=1\" decoding=\"async\" loading=\"lazy\" class=\"size-full wp-image-180908\" src=\"https:\/\/i0.wp.com\/www.agrund.com\/wp-content\/uploads\/sites\/6\/2018\/04\/lmag_v19_0001-e1524069513270.jpg?resize=600%2C900\" alt=\"\" width=\"600\" height=\"900\" data-recalc-dims=\"1\" \/><p id=\"caption-attachment-180908\" class=\"wp-caption-text\">Minas Trend Ver\u00e3o 2019 :: As texturas de Lucas Magalh\u00e3es<\/p><\/div>\n<div id=\"attachment_180909\" style=\"width: 610px\" class=\"wp-caption aligncenter\"><img aria-describedby=\"caption-attachment-180909\" data-attachment-id=\"180909\" data-permalink=\"https:\/\/agrund.com\/index.php\/minas-trend-verao-2019-as-texturas-de-lucas-magalhaes\/lucas-magalhaes-46\/\" data-orig-file=\"https:\/\/i0.wp.com\/agrund.com\/wp-content\/uploads\/sites\/6\/2018\/04\/lmag_v19_0007-e1524069535109.jpg?fit=600%2C900&amp;ssl=1\" data-orig-size=\"600,900\" data-comments-opened=\"1\" data-image-meta=\"{&quot;aperture&quot;:&quot;5.6&quot;,&quot;credit&quot;:&quot;Ze Takahashi \\\/  FOTOSITE&quot;,&quot;camera&quot;:&quot;NIKON D500&quot;,&quot;caption&quot;:&quot;Lucas Magalhaes\\n\\nMinas Trend - Verao 2019\\n\\nFoto : Ze Takahashi \\\/  FOTOSITE&quot;,&quot;created_timestamp&quot;:&quot;1524000275&quot;,&quot;copyright&quot;:&quot;\\u00a9 FOTOSITE&quot;,&quot;focal_length&quot;:&quot;185&quot;,&quot;iso&quot;:&quot;800&quot;,&quot;shutter_speed&quot;:&quot;0.00125&quot;,&quot;title&quot;:&quot;Lucas Magalhaes&quot;,&quot;orientation&quot;:&quot;0&quot;}\" data-image-title=\"Minas Trend Ver\u00e3o 2019 :: As texturas de Lucas Magalh\u00e3es\" data-image-description=\"\" data-image-caption=\"&lt;p&gt;Minas Trend Ver\u00e3o 2019 :: As texturas de Lucas Magalh\u00e3es &lt;\/p&gt;\n\" data-medium-file=\"https:\/\/i0.wp.com\/agrund.com\/wp-content\/uploads\/sites\/6\/2018\/04\/lmag_v19_0007-e1524069535109.jpg?fit=200%2C300&amp;ssl=1\" data-large-file=\"https:\/\/i0.wp.com\/agrund.com\/wp-content\/uploads\/sites\/6\/2018\/04\/lmag_v19_0007-e1524069535109.jpg?fit=683%2C1024&amp;ssl=1\" decoding=\"async\" loading=\"lazy\" class=\"size-full wp-image-180909\" src=\"https:\/\/i0.wp.com\/www.agrund.com\/wp-content\/uploads\/sites\/6\/2018\/04\/lmag_v19_0007-e1524069535109.jpg?resize=600%2C900\" alt=\"\" width=\"600\" height=\"900\" data-recalc-dims=\"1\" \/><p id=\"caption-attachment-180909\" class=\"wp-caption-text\">Minas Trend Ver\u00e3o 2019 :: As texturas de Lucas Magalh\u00e3es<\/p><\/div>\n<div id=\"attachment_180910\" style=\"width: 610px\" class=\"wp-caption aligncenter\"><img aria-describedby=\"caption-attachment-180910\" data-attachment-id=\"180910\" data-permalink=\"https:\/\/agrund.com\/index.php\/minas-trend-verao-2019-as-texturas-de-lucas-magalhaes\/lucas-magalhaes-47\/\" data-orig-file=\"https:\/\/i0.wp.com\/agrund.com\/wp-content\/uploads\/sites\/6\/2018\/04\/lmag_v19_0009-e1524069555647.jpg?fit=600%2C900&amp;ssl=1\" data-orig-size=\"600,900\" data-comments-opened=\"1\" data-image-meta=\"{&quot;aperture&quot;:&quot;5.6&quot;,&quot;credit&quot;:&quot;Ze Takahashi \\\/  FOTOSITE&quot;,&quot;camera&quot;:&quot;NIKON D500&quot;,&quot;caption&quot;:&quot;Lucas Magalhaes\\n\\nMinas Trend - Verao 2019\\n\\nFoto : Ze Takahashi \\\/  FOTOSITE&quot;,&quot;created_timestamp&quot;:&quot;1524000291&quot;,&quot;copyright&quot;:&quot;\\u00a9 FOTOSITE&quot;,&quot;focal_length&quot;:&quot;200&quot;,&quot;iso&quot;:&quot;800&quot;,&quot;shutter_speed&quot;:&quot;0.00125&quot;,&quot;title&quot;:&quot;Lucas Magalhaes&quot;,&quot;orientation&quot;:&quot;0&quot;}\" data-image-title=\"Minas Trend Ver\u00e3o 2019 :: As texturas de Lucas Magalh\u00e3es\" data-image-description=\"\" data-image-caption=\"&lt;p&gt;Minas Trend Ver\u00e3o 2019 :: As texturas de Lucas Magalh\u00e3es &lt;\/p&gt;\n\" data-medium-file=\"https:\/\/i0.wp.com\/agrund.com\/wp-content\/uploads\/sites\/6\/2018\/04\/lmag_v19_0009-e1524069555647.jpg?fit=200%2C300&amp;ssl=1\" data-large-file=\"https:\/\/i0.wp.com\/agrund.com\/wp-content\/uploads\/sites\/6\/2018\/04\/lmag_v19_0009-e1524069555647.jpg?fit=683%2C1024&amp;ssl=1\" decoding=\"async\" loading=\"lazy\" class=\"size-full wp-image-180910\" src=\"https:\/\/i0.wp.com\/www.agrund.com\/wp-content\/uploads\/sites\/6\/2018\/04\/lmag_v19_0009-e1524069555647.jpg?resize=600%2C900\" alt=\"\" width=\"600\" height=\"900\" data-recalc-dims=\"1\" \/><p id=\"caption-attachment-180910\" class=\"wp-caption-text\">Minas Trend Ver\u00e3o 2019 :: As texturas de Lucas Magalh\u00e3es<\/p><\/div>\n<div id=\"attachment_180911\" style=\"width: 610px\" class=\"wp-caption aligncenter\"><img aria-describedby=\"caption-attachment-180911\" data-attachment-id=\"180911\" data-permalink=\"https:\/\/agrund.com\/index.php\/minas-trend-verao-2019-as-texturas-de-lucas-magalhaes\/lucas-magalhaes-48\/\" data-orig-file=\"https:\/\/i0.wp.com\/agrund.com\/wp-content\/uploads\/sites\/6\/2018\/04\/lmag_v19_0013-e1524069573152.jpg?fit=600%2C900&amp;ssl=1\" data-orig-size=\"600,900\" data-comments-opened=\"1\" data-image-meta=\"{&quot;aperture&quot;:&quot;5.6&quot;,&quot;credit&quot;:&quot;Ze Takahashi \\\/  FOTOSITE&quot;,&quot;camera&quot;:&quot;NIKON D500&quot;,&quot;caption&quot;:&quot;Lucas Magalhaes\\n\\nMinas Trend - Verao 2019\\n\\nFoto : Ze Takahashi \\\/  FOTOSITE&quot;,&quot;created_timestamp&quot;:&quot;1524000325&quot;,&quot;copyright&quot;:&quot;\\u00a9 FOTOSITE&quot;,&quot;focal_length&quot;:&quot;195&quot;,&quot;iso&quot;:&quot;800&quot;,&quot;shutter_speed&quot;:&quot;0.00125&quot;,&quot;title&quot;:&quot;Lucas Magalhaes&quot;,&quot;orientation&quot;:&quot;0&quot;}\" data-image-title=\"v\" data-image-description=\"\" data-image-caption=\"&lt;p&gt;Minas Trend Ver\u00e3o 2019 :: As texturas de Lucas Magalh\u00e3es &lt;\/p&gt;\n\" data-medium-file=\"https:\/\/i0.wp.com\/agrund.com\/wp-content\/uploads\/sites\/6\/2018\/04\/lmag_v19_0013-e1524069573152.jpg?fit=200%2C300&amp;ssl=1\" data-large-file=\"https:\/\/i0.wp.com\/agrund.com\/wp-content\/uploads\/sites\/6\/2018\/04\/lmag_v19_0013-e1524069573152.jpg?fit=683%2C1024&amp;ssl=1\" decoding=\"async\" loading=\"lazy\" class=\"size-full wp-image-180911\" src=\"https:\/\/i0.wp.com\/www.agrund.com\/wp-content\/uploads\/sites\/6\/2018\/04\/lmag_v19_0013-e1524069573152.jpg?resize=600%2C900\" alt=\"\" width=\"600\" height=\"900\" data-recalc-dims=\"1\" \/><p id=\"caption-attachment-180911\" class=\"wp-caption-text\">Minas Trend Ver\u00e3o 2019 :: As texturas de Lucas Magalh\u00e3es<\/p><\/div>\n<div id=\"attachment_180912\" style=\"width: 610px\" class=\"wp-caption aligncenter\"><img aria-describedby=\"caption-attachment-180912\" data-attachment-id=\"180912\" data-permalink=\"https:\/\/agrund.com\/index.php\/minas-trend-verao-2019-as-texturas-de-lucas-magalhaes\/lmag_v19_0021\/\" data-orig-file=\"https:\/\/i0.wp.com\/agrund.com\/wp-content\/uploads\/sites\/6\/2018\/04\/lmag_v19_0021-e1524069586287.jpg?fit=600%2C900&amp;ssl=1\" data-orig-size=\"600,900\" data-comments-opened=\"1\" data-image-meta=\"{&quot;aperture&quot;:&quot;5.6&quot;,&quot;credit&quot;:&quot;&quot;,&quot;camera&quot;:&quot;NIKON D500&quot;,&quot;caption&quot;:&quot;&quot;,&quot;created_timestamp&quot;:&quot;1524000387&quot;,&quot;copyright&quot;:&quot;&quot;,&quot;focal_length&quot;:&quot;200&quot;,&quot;iso&quot;:&quot;800&quot;,&quot;shutter_speed&quot;:&quot;0.00125&quot;,&quot;title&quot;:&quot;&quot;,&quot;orientation&quot;:&quot;0&quot;}\" data-image-title=\"Minas Trend Ver\u00e3o 2019 :: As texturas de Lucas Magalh\u00e3es\" data-image-description=\"\" data-image-caption=\"&lt;p&gt;Minas Trend Ver\u00e3o 2019 :: As texturas de Lucas Magalh\u00e3es&lt;\/p&gt;\n\" data-medium-file=\"https:\/\/i0.wp.com\/agrund.com\/wp-content\/uploads\/sites\/6\/2018\/04\/lmag_v19_0021-e1524069586287.jpg?fit=200%2C300&amp;ssl=1\" data-large-file=\"https:\/\/i0.wp.com\/agrund.com\/wp-content\/uploads\/sites\/6\/2018\/04\/lmag_v19_0021-e1524069586287.jpg?fit=683%2C1024&amp;ssl=1\" decoding=\"async\" loading=\"lazy\" class=\"size-full wp-image-180912\" src=\"https:\/\/i0.wp.com\/www.agrund.com\/wp-content\/uploads\/sites\/6\/2018\/04\/lmag_v19_0021-e1524069586287.jpg?resize=600%2C900\" alt=\"\" width=\"600\" height=\"900\" data-recalc-dims=\"1\" \/><p id=\"caption-attachment-180912\" class=\"wp-caption-text\">Minas Trend Ver\u00e3o 2019 :: As texturas de Lucas Magalh\u00e3es<\/p><\/div>\n<div id=\"attachment_180914\" style=\"width: 610px\" class=\"wp-caption aligncenter\"><img aria-describedby=\"caption-attachment-180914\" data-attachment-id=\"180914\" data-permalink=\"https:\/\/agrund.com\/index.php\/minas-trend-verao-2019-as-texturas-de-lucas-magalhaes\/lucas-magalhaes-50\/\" data-orig-file=\"https:\/\/i0.wp.com\/agrund.com\/wp-content\/uploads\/sites\/6\/2018\/04\/lmag_v19_0025-e1524069607139.jpg?fit=600%2C900&amp;ssl=1\" data-orig-size=\"600,900\" data-comments-opened=\"1\" data-image-meta=\"{&quot;aperture&quot;:&quot;5.6&quot;,&quot;credit&quot;:&quot;Ze Takahashi \\\/  FOTOSITE&quot;,&quot;camera&quot;:&quot;NIKON D500&quot;,&quot;caption&quot;:&quot;Lucas Magalhaes\\n\\nMinas Trend - Verao 2019\\n\\nFoto : Ze Takahashi \\\/  FOTOSITE&quot;,&quot;created_timestamp&quot;:&quot;1524000416&quot;,&quot;copyright&quot;:&quot;\\u00a9 FOTOSITE&quot;,&quot;focal_length&quot;:&quot;200&quot;,&quot;iso&quot;:&quot;800&quot;,&quot;shutter_speed&quot;:&quot;0.00125&quot;,&quot;title&quot;:&quot;Lucas Magalhaes&quot;,&quot;orientation&quot;:&quot;0&quot;}\" data-image-title=\"Minas Trend Ver\u00e3o 2019 :: As texturas de Lucas Magalh\u00e3es\" data-image-description=\"\" data-image-caption=\"&lt;p&gt;Minas Trend Ver\u00e3o 2019 :: As texturas de Lucas Magalh\u00e3es &lt;\/p&gt;\n\" data-medium-file=\"https:\/\/i0.wp.com\/agrund.com\/wp-content\/uploads\/sites\/6\/2018\/04\/lmag_v19_0025-e1524069607139.jpg?fit=200%2C300&amp;ssl=1\" data-large-file=\"https:\/\/i0.wp.com\/agrund.com\/wp-content\/uploads\/sites\/6\/2018\/04\/lmag_v19_0025-e1524069607139.jpg?fit=683%2C1024&amp;ssl=1\" decoding=\"async\" loading=\"lazy\" class=\"size-full wp-image-180914\" src=\"https:\/\/i0.wp.com\/www.agrund.com\/wp-content\/uploads\/sites\/6\/2018\/04\/lmag_v19_0025-e1524069607139.jpg?resize=600%2C900\" alt=\"\" width=\"600\" height=\"900\" data-recalc-dims=\"1\" \/><p id=\"caption-attachment-180914\" class=\"wp-caption-text\">Minas Trend Ver\u00e3o 2019 :: As texturas de Lucas Magalh\u00e3es<\/p><\/div>\n<div id=\"attachment_180915\" style=\"width: 610px\" class=\"wp-caption aligncenter\"><img aria-describedby=\"caption-attachment-180915\" data-attachment-id=\"180915\" data-permalink=\"https:\/\/agrund.com\/index.php\/minas-trend-verao-2019-as-texturas-de-lucas-magalhaes\/lucas-magalhaes-51\/\" data-orig-file=\"https:\/\/i0.wp.com\/agrund.com\/wp-content\/uploads\/sites\/6\/2018\/04\/lmag_v19_0037-1-e1524069628321.jpg?fit=600%2C900&amp;ssl=1\" data-orig-size=\"600,900\" data-comments-opened=\"1\" data-image-meta=\"{&quot;aperture&quot;:&quot;5.6&quot;,&quot;credit&quot;:&quot;Ze Takahashi \\\/  FOTOSITE&quot;,&quot;camera&quot;:&quot;NIKON D500&quot;,&quot;caption&quot;:&quot;Lucas Magalhaes\\n\\nMinas Trend - Verao 2019\\n\\nFoto : Ze Takahashi \\\/  FOTOSITE&quot;,&quot;created_timestamp&quot;:&quot;1524000514&quot;,&quot;copyright&quot;:&quot;\\u00a9 FOTOSITE&quot;,&quot;focal_length&quot;:&quot;200&quot;,&quot;iso&quot;:&quot;800&quot;,&quot;shutter_speed&quot;:&quot;0.00125&quot;,&quot;title&quot;:&quot;Lucas Magalhaes&quot;,&quot;orientation&quot;:&quot;0&quot;}\" data-image-title=\"Minas Trend Ver\u00e3o 2019 :: As texturas de Lucas Magalh\u00e3es\" data-image-description=\"\" data-image-caption=\"&lt;p&gt;Minas Trend Ver\u00e3o 2019 :: As texturas de Lucas Magalh\u00e3es &lt;\/p&gt;\n\" data-medium-file=\"https:\/\/i0.wp.com\/agrund.com\/wp-content\/uploads\/sites\/6\/2018\/04\/lmag_v19_0037-1-e1524069628321.jpg?fit=200%2C300&amp;ssl=1\" data-large-file=\"https:\/\/i0.wp.com\/agrund.com\/wp-content\/uploads\/sites\/6\/2018\/04\/lmag_v19_0037-1-e1524069628321.jpg?fit=683%2C1024&amp;ssl=1\" decoding=\"async\" loading=\"lazy\" class=\"size-full wp-image-180915\" src=\"https:\/\/i0.wp.com\/www.agrund.com\/wp-content\/uploads\/sites\/6\/2018\/04\/lmag_v19_0037-1-e1524069628321.jpg?resize=600%2C900\" alt=\"\" width=\"600\" height=\"900\" data-recalc-dims=\"1\" \/><p id=\"caption-attachment-180915\" class=\"wp-caption-text\">Minas Trend Ver\u00e3o 2019 :: As texturas de Lucas Magalh\u00e3es<\/p><\/div>\n<div id=\"attachment_180917\" style=\"width: 610px\" class=\"wp-caption aligncenter\"><img aria-describedby=\"caption-attachment-180917\" data-attachment-id=\"180917\" data-permalink=\"https:\/\/agrund.com\/index.php\/minas-trend-verao-2019-as-texturas-de-lucas-magalhaes\/lucas-magalhaes-53\/\" data-orig-file=\"https:\/\/i0.wp.com\/agrund.com\/wp-content\/uploads\/sites\/6\/2018\/04\/lmag_v19_0041-e1524069656376.jpg?fit=600%2C900&amp;ssl=1\" data-orig-size=\"600,900\" data-comments-opened=\"1\" data-image-meta=\"{&quot;aperture&quot;:&quot;5.6&quot;,&quot;credit&quot;:&quot;Ze Takahashi \\\/  FOTOSITE&quot;,&quot;camera&quot;:&quot;NIKON D500&quot;,&quot;caption&quot;:&quot;Lucas Magalhaes\\n\\nMinas Trend - Verao 2019\\n\\nFoto : Ze Takahashi \\\/  FOTOSITE&quot;,&quot;created_timestamp&quot;:&quot;1524000550&quot;,&quot;copyright&quot;:&quot;\\u00a9 FOTOSITE&quot;,&quot;focal_length&quot;:&quot;200&quot;,&quot;iso&quot;:&quot;800&quot;,&quot;shutter_speed&quot;:&quot;0.00125&quot;,&quot;title&quot;:&quot;Lucas Magalhaes&quot;,&quot;orientation&quot;:&quot;0&quot;}\" data-image-title=\"Minas Trend Ver\u00e3o 2019 :: As texturas de Lucas Magalh\u00e3es\" data-image-description=\"\" data-image-caption=\"&lt;p&gt;Minas Trend Ver\u00e3o 2019 :: As texturas de Lucas Magalh\u00e3es &lt;\/p&gt;\n\" data-medium-file=\"https:\/\/i0.wp.com\/agrund.com\/wp-content\/uploads\/sites\/6\/2018\/04\/lmag_v19_0041-e1524069656376.jpg?fit=200%2C300&amp;ssl=1\" data-large-file=\"https:\/\/i0.wp.com\/agrund.com\/wp-content\/uploads\/sites\/6\/2018\/04\/lmag_v19_0041-e1524069656376.jpg?fit=683%2C1024&amp;ssl=1\" decoding=\"async\" loading=\"lazy\" class=\"size-full wp-image-180917\" src=\"https:\/\/i0.wp.com\/www.agrund.com\/wp-content\/uploads\/sites\/6\/2018\/04\/lmag_v19_0041-e1524069656376.jpg?resize=600%2C900\" alt=\"\" width=\"600\" height=\"900\" data-recalc-dims=\"1\" \/><p id=\"caption-attachment-180917\" class=\"wp-caption-text\">Minas Trend Ver\u00e3o 2019 :: As texturas de Lucas Magalh\u00e3es<\/p><\/div>\n<div id=\"attachment_180918\" style=\"width: 610px\" class=\"wp-caption aligncenter\"><img aria-describedby=\"caption-attachment-180918\" data-attachment-id=\"180918\" data-permalink=\"https:\/\/agrund.com\/index.php\/minas-trend-verao-2019-as-texturas-de-lucas-magalhaes\/lucas-magalhaes-54\/\" data-orig-file=\"https:\/\/i0.wp.com\/agrund.com\/wp-content\/uploads\/sites\/6\/2018\/04\/lmag_v19_0043-e1524069682475.jpg?fit=600%2C900&amp;ssl=1\" data-orig-size=\"600,900\" data-comments-opened=\"1\" data-image-meta=\"{&quot;aperture&quot;:&quot;5.6&quot;,&quot;credit&quot;:&quot;Ze Takahashi \\\/  FOTOSITE&quot;,&quot;camera&quot;:&quot;NIKON D500&quot;,&quot;caption&quot;:&quot;Lucas Magalhaes\\n\\nMinas Trend - Verao 2019\\n\\nFoto : Ze Takahashi \\\/  FOTOSITE&quot;,&quot;created_timestamp&quot;:&quot;1524000567&quot;,&quot;copyright&quot;:&quot;\\u00a9 FOTOSITE&quot;,&quot;focal_length&quot;:&quot;195&quot;,&quot;iso&quot;:&quot;800&quot;,&quot;shutter_speed&quot;:&quot;0.00125&quot;,&quot;title&quot;:&quot;Lucas Magalhaes&quot;,&quot;orientation&quot;:&quot;0&quot;}\" data-image-title=\"\" data-image-description=\"\" data-image-caption=\"&lt;p&gt;Minas Trend Ver\u00e3o 2019 :: As texturas de Lucas Magalh\u00e3es &lt;\/p&gt;\n\" data-medium-file=\"https:\/\/i0.wp.com\/agrund.com\/wp-content\/uploads\/sites\/6\/2018\/04\/lmag_v19_0043-e1524069682475.jpg?fit=200%2C300&amp;ssl=1\" data-large-file=\"https:\/\/i0.wp.com\/agrund.com\/wp-content\/uploads\/sites\/6\/2018\/04\/lmag_v19_0043-e1524069682475.jpg?fit=683%2C1024&amp;ssl=1\" decoding=\"async\" loading=\"lazy\" class=\"size-full wp-image-180918\" src=\"https:\/\/i0.wp.com\/www.agrund.com\/wp-content\/uploads\/sites\/6\/2018\/04\/lmag_v19_0043-e1524069682475.jpg?resize=600%2C900\" alt=\"\" width=\"600\" height=\"900\" data-recalc-dims=\"1\" \/><p id=\"caption-attachment-180918\" class=\"wp-caption-text\">Minas Trend Ver\u00e3o 2019 :: As texturas de Lucas Magalh\u00e3es<\/p><\/div>\n<div id=\"attachment_180919\" style=\"width: 610px\" class=\"wp-caption aligncenter\"><img aria-describedby=\"caption-attachment-180919\" data-attachment-id=\"180919\" data-permalink=\"https:\/\/agrund.com\/index.php\/minas-trend-verao-2019-as-texturas-de-lucas-magalhaes\/lucas-magalhaes-55\/\" data-orig-file=\"https:\/\/i0.wp.com\/agrund.com\/wp-content\/uploads\/sites\/6\/2018\/04\/lmag_v19_0045-e1524069701230.jpg?fit=600%2C900&amp;ssl=1\" data-orig-size=\"600,900\" data-comments-opened=\"1\" data-image-meta=\"{&quot;aperture&quot;:&quot;5.6&quot;,&quot;credit&quot;:&quot;Ze Takahashi \\\/  FOTOSITE&quot;,&quot;camera&quot;:&quot;NIKON D500&quot;,&quot;caption&quot;:&quot;Lucas Magalhaes\\n\\nMinas Trend - Verao 2019\\n\\nFoto : Ze Takahashi \\\/  FOTOSITE&quot;,&quot;created_timestamp&quot;:&quot;1524000585&quot;,&quot;copyright&quot;:&quot;\\u00a9 FOTOSITE&quot;,&quot;focal_length&quot;:&quot;195&quot;,&quot;iso&quot;:&quot;800&quot;,&quot;shutter_speed&quot;:&quot;0.00125&quot;,&quot;title&quot;:&quot;Lucas Magalhaes&quot;,&quot;orientation&quot;:&quot;0&quot;}\" data-image-title=\"Minas Trend Ver\u00e3o 2019 :: As texturas de Lucas Magalh\u00e3es\" data-image-description=\"\" data-image-caption=\"&lt;p&gt;Minas Trend Ver\u00e3o 2019 :: As texturas de Lucas Magalh\u00e3es &lt;\/p&gt;\n\" data-medium-file=\"https:\/\/i0.wp.com\/agrund.com\/wp-content\/uploads\/sites\/6\/2018\/04\/lmag_v19_0045-e1524069701230.jpg?fit=200%2C300&amp;ssl=1\" data-large-file=\"https:\/\/i0.wp.com\/agrund.com\/wp-content\/uploads\/sites\/6\/2018\/04\/lmag_v19_0045-e1524069701230.jpg?fit=683%2C1024&amp;ssl=1\" decoding=\"async\" loading=\"lazy\" class=\"size-full wp-image-180919\" src=\"https:\/\/i0.wp.com\/www.agrund.com\/wp-content\/uploads\/sites\/6\/2018\/04\/lmag_v19_0045-e1524069701230.jpg?resize=600%2C900\" alt=\"\" width=\"600\" height=\"900\" data-recalc-dims=\"1\" \/><p id=\"caption-attachment-180919\" class=\"wp-caption-text\">Minas Trend Ver\u00e3o 2019 :: As texturas de Lucas Magalh\u00e3es<\/p><\/div>\n<p>Fotos: Divulga\u00e7\u00e3o\/ Ag\u00eancia Fotosite.<\/p>\n","protected":false},"excerpt":{"rendered":"<p>Texto por Thay Sanqueta Edi\u00e7\u00e3o por Rafaela Piovezani Lucas Magalh\u00e3es surpreendeu na passarela do Minas Trend! Voltamos a ver aquela ess\u00eancia de menino do interior (com muito orgulho) que retratava a vida simples da fazenda na casa da av\u00f3, assim como apresentou em seu primeiro desfile na semana de moda mineira tempos atr\u00e1s! Inspirado na [&hellip;]<\/p>\n","protected":false},"author":8,"featured_media":180920,"comment_status":"open","ping_status":"open","sticky":false,"template":"","format":"standard","meta":{"jetpack_post_was_ever_published":false,"_jetpack_newsletter_access":"","jetpack_publicize_message":"","jetpack_is_tweetstorm":false,"jetpack_publicize_feature_enabled":true,"jetpack_social_post_already_shared":true,"jetpack_social_options":{"image_generator_settings":{"template":"highway","enabled":false}}},"categories":[9,2],"tags":[],"jetpack_publicize_connections":[],"jetpack_featured_media_url":"https:\/\/i0.wp.com\/agrund.com\/wp-content\/uploads\/sites\/6\/2018\/04\/s-58.jpg?fit=960%2C300&ssl=1","jetpack_sharing_enabled":true,"jetpack_shortlink":"https:\/\/wp.me\/p3Hz0n-L3Q","jetpack_likes_enabled":true,"_links":{"self":[{"href":"https:\/\/agrund.com\/index.php\/wp-json\/wp\/v2\/posts\/180906"}],"collection":[{"href":"https:\/\/agrund.com\/index.php\/wp-json\/wp\/v2\/posts"}],"about":[{"href":"https:\/\/agrund.com\/index.php\/wp-json\/wp\/v2\/types\/post"}],"author":[{"embeddable":true,"href":"https:\/\/agrund.com\/index.php\/wp-json\/wp\/v2\/users\/8"}],"replies":[{"embeddable":true,"href":"https:\/\/agrund.com\/index.php\/wp-json\/wp\/v2\/comments?post=180906"}],"version-history":[{"count":0,"href":"https:\/\/agrund.com\/index.php\/wp-json\/wp\/v2\/posts\/180906\/revisions"}],"wp:featuredmedia":[{"embeddable":true,"href":"https:\/\/agrund.com\/index.php\/wp-json\/wp\/v2\/media\/180920"}],"wp:attachment":[{"href":"https:\/\/agrund.com\/index.php\/wp-json\/wp\/v2\/media?parent=180906"}],"wp:term":[{"taxonomy":"category","embeddable":true,"href":"https:\/\/agrund.com\/index.php\/wp-json\/wp\/v2\/categories?post=180906"},{"taxonomy":"post_tag","embeddable":true,"href":"https:\/\/agrund.com\/index.php\/wp-json\/wp\/v2\/tags?post=180906"}],"curies":[{"name":"wp","href":"https:\/\/api.w.org\/{rel}","templated":true}]}}