{"id":180864,"date":"2018-04-17T20:40:23","date_gmt":"2018-04-17T23:40:23","guid":{"rendered":"http:\/\/www.agrund.com\/?p=180864"},"modified":"2018-04-17T20:36:47","modified_gmt":"2018-04-17T23:36:47","slug":"minas-trend-verao-2019-as-cores-e-estampas-de-natalia-pessoa","status":"publish","type":"post","link":"https:\/\/agrund.com\/index.php\/minas-trend-verao-2019-as-cores-e-estampas-de-natalia-pessoa\/","title":{"rendered":"Minas Trend Ver\u00e3o 2019 :: As cores e estampas de Natalia Pessoa"},"content":{"rendered":"<p>Texto por Thay Sanqueta<br \/>\nEdi\u00e7\u00e3o por Rafaela Piovezani<\/p>\n<p>Veterana nos desfiles da Minas Trend, Natalia Pessoa apresentou sua cole\u00e7\u00e3o primavera\/ver\u00e3o 2019 neste primeiro dia de evento.<\/p>\n<p>Sua mulher feminina e chique foi para a passarela com vestidos assim\u00e9tricos e macac\u00f5es pantalona. As listras percorreram por toda a cole\u00e7\u00e3o, \u00e0s vezes em degrad\u00eas bem discretos feitos atrav\u00e9s da combina\u00e7\u00e3o de dois tecidos, em outras com bastante destaque.<\/p>\n<p>Outra estampa que tamb\u00e9m apareceu foi o python colorido. E por falar em cores, os tons terrosos se misturavam lindamente com um lil\u00e1s doce e calmo, o verde e vermelho vivo &#8211; que \u00e9 a cor deste inverno, mas promete ficar at\u00e9 o ver\u00e3o.<\/p>\n<div id=\"attachment_180866\" style=\"width: 610px\" class=\"wp-caption aligncenter\"><img aria-describedby=\"caption-attachment-180866\" data-attachment-id=\"180866\" data-permalink=\"https:\/\/agrund.com\/index.php\/minas-trend-verao-2019-as-cores-e-estampas-de-natalia-pessoa\/natalia-pessoa-21\/\" data-orig-file=\"https:\/\/i0.wp.com\/agrund.com\/wp-content\/uploads\/sites\/6\/2018\/04\/npes_v19_0001-e1524007964842.jpg?fit=600%2C900&amp;ssl=1\" data-orig-size=\"600,900\" data-comments-opened=\"1\" data-image-meta=\"{&quot;aperture&quot;:&quot;5.6&quot;,&quot;credit&quot;:&quot;Ze Takahashi \\\/  FOTOSITE&quot;,&quot;camera&quot;:&quot;NIKON D500&quot;,&quot;caption&quot;:&quot;Natalia Pessoa\\n\\nMinas Trend - Verao 2019\\n\\nFoto : Ze Takahashi \\\/  FOTOSITE&quot;,&quot;created_timestamp&quot;:&quot;1523993148&quot;,&quot;copyright&quot;:&quot;\\u00a9 FOTOSITE&quot;,&quot;focal_length&quot;:&quot;200&quot;,&quot;iso&quot;:&quot;800&quot;,&quot;shutter_speed&quot;:&quot;0.00125&quot;,&quot;title&quot;:&quot;Natalia Pessoa&quot;,&quot;orientation&quot;:&quot;0&quot;}\" data-image-title=\"Minas Trend Ver\u00e3o 2019 :: As cores e estampas de Natalia Pessoa\" data-image-description=\"\" data-image-caption=\"&lt;p&gt;Minas Trend Ver\u00e3o 2019 :: As cores e estampas de Natalia Pessoa&lt;\/p&gt;\n\" data-medium-file=\"https:\/\/i0.wp.com\/agrund.com\/wp-content\/uploads\/sites\/6\/2018\/04\/npes_v19_0001-e1524007964842.jpg?fit=200%2C300&amp;ssl=1\" data-large-file=\"https:\/\/i0.wp.com\/agrund.com\/wp-content\/uploads\/sites\/6\/2018\/04\/npes_v19_0001-e1524007964842.jpg?fit=683%2C1024&amp;ssl=1\" decoding=\"async\" loading=\"lazy\" class=\"size-full wp-image-180866\" src=\"https:\/\/i0.wp.com\/www.agrund.com\/wp-content\/uploads\/sites\/6\/2018\/04\/npes_v19_0001-e1524007964842.jpg?resize=600%2C900\" alt=\"\" width=\"600\" height=\"900\" data-recalc-dims=\"1\" \/><p id=\"caption-attachment-180866\" class=\"wp-caption-text\">Minas Trend Ver\u00e3o 2019 :: As cores e estampas de Natalia Pessoa<\/p><\/div>\n<div id=\"attachment_180867\" style=\"width: 610px\" class=\"wp-caption aligncenter\"><img aria-describedby=\"caption-attachment-180867\" data-attachment-id=\"180867\" data-permalink=\"https:\/\/agrund.com\/index.php\/minas-trend-verao-2019-as-cores-e-estampas-de-natalia-pessoa\/natalia-pessoa-22\/\" data-orig-file=\"https:\/\/i0.wp.com\/agrund.com\/wp-content\/uploads\/sites\/6\/2018\/04\/npes_v19_0003-e1524008005826.jpg?fit=600%2C900&amp;ssl=1\" data-orig-size=\"600,900\" data-comments-opened=\"1\" data-image-meta=\"{&quot;aperture&quot;:&quot;5.6&quot;,&quot;credit&quot;:&quot;Ze Takahashi \\\/  FOTOSITE&quot;,&quot;camera&quot;:&quot;NIKON D500&quot;,&quot;caption&quot;:&quot;Natalia Pessoa\\n\\nMinas Trend - Verao 2019\\n\\nFoto : Ze Takahashi \\\/  FOTOSITE&quot;,&quot;created_timestamp&quot;:&quot;1523993165&quot;,&quot;copyright&quot;:&quot;\\u00a9 FOTOSITE&quot;,&quot;focal_length&quot;:&quot;185&quot;,&quot;iso&quot;:&quot;800&quot;,&quot;shutter_speed&quot;:&quot;0.00125&quot;,&quot;title&quot;:&quot;Natalia Pessoa&quot;,&quot;orientation&quot;:&quot;0&quot;}\" data-image-title=\"Minas Trend Ver\u00e3o 2019 :: As cores e estampas de Natalia Pessoa\" data-image-description=\"\" data-image-caption=\"&lt;p&gt;Minas Trend Ver\u00e3o 2019 :: As cores e estampas de Natalia Pessoa&lt;\/p&gt;\n\" data-medium-file=\"https:\/\/i0.wp.com\/agrund.com\/wp-content\/uploads\/sites\/6\/2018\/04\/npes_v19_0003-e1524008005826.jpg?fit=200%2C300&amp;ssl=1\" data-large-file=\"https:\/\/i0.wp.com\/agrund.com\/wp-content\/uploads\/sites\/6\/2018\/04\/npes_v19_0003-e1524008005826.jpg?fit=683%2C1024&amp;ssl=1\" decoding=\"async\" loading=\"lazy\" class=\"size-full wp-image-180867\" src=\"https:\/\/i0.wp.com\/www.agrund.com\/wp-content\/uploads\/sites\/6\/2018\/04\/npes_v19_0003-e1524008005826.jpg?resize=600%2C900\" alt=\"\" width=\"600\" height=\"900\" data-recalc-dims=\"1\" \/><p id=\"caption-attachment-180867\" class=\"wp-caption-text\">Minas Trend Ver\u00e3o 2019 :: As cores e estampas de Natalia Pessoa<\/p><\/div>\n<div id=\"attachment_180868\" style=\"width: 610px\" class=\"wp-caption aligncenter\"><img aria-describedby=\"caption-attachment-180868\" data-attachment-id=\"180868\" data-permalink=\"https:\/\/agrund.com\/index.php\/minas-trend-verao-2019-as-cores-e-estampas-de-natalia-pessoa\/natalia-pessoa-23\/\" data-orig-file=\"https:\/\/i0.wp.com\/agrund.com\/wp-content\/uploads\/sites\/6\/2018\/04\/npes_v19_0013-e1524008033907.jpg?fit=600%2C900&amp;ssl=1\" data-orig-size=\"600,900\" data-comments-opened=\"1\" data-image-meta=\"{&quot;aperture&quot;:&quot;5.6&quot;,&quot;credit&quot;:&quot;Ze Takahashi \\\/  FOTOSITE&quot;,&quot;camera&quot;:&quot;NIKON D500&quot;,&quot;caption&quot;:&quot;Natalia Pessoa\\n\\nMinas Trend - Verao 2019\\n\\nFoto : Ze Takahashi \\\/  FOTOSITE&quot;,&quot;created_timestamp&quot;:&quot;1523993237&quot;,&quot;copyright&quot;:&quot;\\u00a9 FOTOSITE&quot;,&quot;focal_length&quot;:&quot;190&quot;,&quot;iso&quot;:&quot;800&quot;,&quot;shutter_speed&quot;:&quot;0.0015625&quot;,&quot;title&quot;:&quot;Natalia Pessoa&quot;,&quot;orientation&quot;:&quot;0&quot;}\" data-image-title=\"Minas Trend Ver\u00e3o 2019 :: As cores e estampas de Natalia Pessoa\" data-image-description=\"\" data-image-caption=\"&lt;p&gt;Minas Trend Ver\u00e3o 2019 :: As cores e estampas de Natalia Pessoa &lt;\/p&gt;\n\" data-medium-file=\"https:\/\/i0.wp.com\/agrund.com\/wp-content\/uploads\/sites\/6\/2018\/04\/npes_v19_0013-e1524008033907.jpg?fit=200%2C300&amp;ssl=1\" data-large-file=\"https:\/\/i0.wp.com\/agrund.com\/wp-content\/uploads\/sites\/6\/2018\/04\/npes_v19_0013-e1524008033907.jpg?fit=683%2C1024&amp;ssl=1\" decoding=\"async\" loading=\"lazy\" class=\"size-full wp-image-180868\" src=\"https:\/\/i0.wp.com\/www.agrund.com\/wp-content\/uploads\/sites\/6\/2018\/04\/npes_v19_0013-e1524008033907.jpg?resize=600%2C900\" alt=\"\" width=\"600\" height=\"900\" data-recalc-dims=\"1\" \/><p id=\"caption-attachment-180868\" class=\"wp-caption-text\">Minas Trend Ver\u00e3o 2019 :: As cores e estampas de Natalia Pessoa<\/p><\/div>\n<div id=\"attachment_180869\" style=\"width: 610px\" class=\"wp-caption aligncenter\"><img aria-describedby=\"caption-attachment-180869\" data-attachment-id=\"180869\" data-permalink=\"https:\/\/agrund.com\/index.php\/minas-trend-verao-2019-as-cores-e-estampas-de-natalia-pessoa\/natalia-pessoa-24\/\" data-orig-file=\"https:\/\/i0.wp.com\/agrund.com\/wp-content\/uploads\/sites\/6\/2018\/04\/npes_v19_0015-e1524008058643.jpg?fit=600%2C900&amp;ssl=1\" data-orig-size=\"600,900\" data-comments-opened=\"1\" data-image-meta=\"{&quot;aperture&quot;:&quot;5.6&quot;,&quot;credit&quot;:&quot;Ze Takahashi \\\/  FOTOSITE&quot;,&quot;camera&quot;:&quot;NIKON D500&quot;,&quot;caption&quot;:&quot;Natalia Pessoa\\n\\nMinas Trend - Verao 2019\\n\\nFoto : Ze Takahashi \\\/  FOTOSITE&quot;,&quot;created_timestamp&quot;:&quot;1523993251&quot;,&quot;copyright&quot;:&quot;\\u00a9 FOTOSITE&quot;,&quot;focal_length&quot;:&quot;195&quot;,&quot;iso&quot;:&quot;800&quot;,&quot;shutter_speed&quot;:&quot;0.0015625&quot;,&quot;title&quot;:&quot;Natalia Pessoa&quot;,&quot;orientation&quot;:&quot;0&quot;}\" data-image-title=\"Minas Trend Ver\u00e3o 2019 :: As cores e estampas de Natalia Pessoa\" data-image-description=\"\" data-image-caption=\"&lt;p&gt;Minas Trend Ver\u00e3o 2019 :: As cores e estampas de Natalia Pessoa &lt;\/p&gt;\n\" data-medium-file=\"https:\/\/i0.wp.com\/agrund.com\/wp-content\/uploads\/sites\/6\/2018\/04\/npes_v19_0015-e1524008058643.jpg?fit=200%2C300&amp;ssl=1\" data-large-file=\"https:\/\/i0.wp.com\/agrund.com\/wp-content\/uploads\/sites\/6\/2018\/04\/npes_v19_0015-e1524008058643.jpg?fit=683%2C1024&amp;ssl=1\" decoding=\"async\" loading=\"lazy\" class=\"size-full wp-image-180869\" src=\"https:\/\/i0.wp.com\/www.agrund.com\/wp-content\/uploads\/sites\/6\/2018\/04\/npes_v19_0015-e1524008058643.jpg?resize=600%2C900\" alt=\"\" width=\"600\" height=\"900\" data-recalc-dims=\"1\" \/><p id=\"caption-attachment-180869\" class=\"wp-caption-text\">Minas Trend Ver\u00e3o 2019 :: As cores e estampas de Natalia Pessoa<\/p><\/div>\n<div id=\"attachment_180870\" style=\"width: 610px\" class=\"wp-caption aligncenter\"><img aria-describedby=\"caption-attachment-180870\" data-attachment-id=\"180870\" data-permalink=\"https:\/\/agrund.com\/index.php\/minas-trend-verao-2019-as-cores-e-estampas-de-natalia-pessoa\/npes_v19_0019\/\" data-orig-file=\"https:\/\/i0.wp.com\/agrund.com\/wp-content\/uploads\/sites\/6\/2018\/04\/npes_v19_0019-e1524008070991.jpg?fit=600%2C900&amp;ssl=1\" data-orig-size=\"600,900\" data-comments-opened=\"1\" data-image-meta=\"{&quot;aperture&quot;:&quot;5.6&quot;,&quot;credit&quot;:&quot;&quot;,&quot;camera&quot;:&quot;NIKON D500&quot;,&quot;caption&quot;:&quot;&quot;,&quot;created_timestamp&quot;:&quot;1523993280&quot;,&quot;copyright&quot;:&quot;&quot;,&quot;focal_length&quot;:&quot;190&quot;,&quot;iso&quot;:&quot;800&quot;,&quot;shutter_speed&quot;:&quot;0.00125&quot;,&quot;title&quot;:&quot;&quot;,&quot;orientation&quot;:&quot;0&quot;}\" data-image-title=\"Minas Trend Ver\u00e3o 2019 :: As cores e estampas de Natalia Pessoa\" data-image-description=\"\" data-image-caption=\"&lt;p&gt;Minas Trend Ver\u00e3o 2019 :: As cores e estampas de Natalia Pessoa&lt;\/p&gt;\n\" data-medium-file=\"https:\/\/i0.wp.com\/agrund.com\/wp-content\/uploads\/sites\/6\/2018\/04\/npes_v19_0019-e1524008070991.jpg?fit=200%2C300&amp;ssl=1\" data-large-file=\"https:\/\/i0.wp.com\/agrund.com\/wp-content\/uploads\/sites\/6\/2018\/04\/npes_v19_0019-e1524008070991.jpg?fit=683%2C1024&amp;ssl=1\" decoding=\"async\" loading=\"lazy\" class=\"size-full wp-image-180870\" src=\"https:\/\/i0.wp.com\/www.agrund.com\/wp-content\/uploads\/sites\/6\/2018\/04\/npes_v19_0019-e1524008070991.jpg?resize=600%2C900\" alt=\"\" width=\"600\" height=\"900\" data-recalc-dims=\"1\" \/><p id=\"caption-attachment-180870\" class=\"wp-caption-text\">Minas Trend Ver\u00e3o 2019 :: As cores e estampas de Natalia Pessoa<\/p><\/div>\n<div id=\"attachment_180871\" style=\"width: 610px\" class=\"wp-caption aligncenter\"><img aria-describedby=\"caption-attachment-180871\" data-attachment-id=\"180871\" data-permalink=\"https:\/\/agrund.com\/index.php\/minas-trend-verao-2019-as-cores-e-estampas-de-natalia-pessoa\/natalia-pessoa-25\/\" data-orig-file=\"https:\/\/i0.wp.com\/agrund.com\/wp-content\/uploads\/sites\/6\/2018\/04\/npes_v19_0021-e1524008086624.jpg?fit=600%2C900&amp;ssl=1\" data-orig-size=\"600,900\" data-comments-opened=\"1\" data-image-meta=\"{&quot;aperture&quot;:&quot;5.6&quot;,&quot;credit&quot;:&quot;Ze Takahashi \\\/  FOTOSITE&quot;,&quot;camera&quot;:&quot;NIKON D500&quot;,&quot;caption&quot;:&quot;Natalia Pessoa\\n\\nMinas Trend - Verao 2019\\n\\nFoto : Ze Takahashi \\\/  FOTOSITE&quot;,&quot;created_timestamp&quot;:&quot;1523993295&quot;,&quot;copyright&quot;:&quot;\\u00a9 FOTOSITE&quot;,&quot;focal_length&quot;:&quot;190&quot;,&quot;iso&quot;:&quot;800&quot;,&quot;shutter_speed&quot;:&quot;0.00125&quot;,&quot;title&quot;:&quot;Natalia Pessoa&quot;,&quot;orientation&quot;:&quot;0&quot;}\" data-image-title=\"Minas Trend Ver\u00e3o 2019 :: As cores e estampas de Natalia Pessoa\" data-image-description=\"\" data-image-caption=\"&lt;p&gt;Minas Trend Ver\u00e3o 2019 :: As cores e estampas de Natalia Pessoa &lt;\/p&gt;\n\" data-medium-file=\"https:\/\/i0.wp.com\/agrund.com\/wp-content\/uploads\/sites\/6\/2018\/04\/npes_v19_0021-e1524008086624.jpg?fit=200%2C300&amp;ssl=1\" data-large-file=\"https:\/\/i0.wp.com\/agrund.com\/wp-content\/uploads\/sites\/6\/2018\/04\/npes_v19_0021-e1524008086624.jpg?fit=683%2C1024&amp;ssl=1\" decoding=\"async\" loading=\"lazy\" class=\"size-full wp-image-180871\" src=\"https:\/\/i0.wp.com\/www.agrund.com\/wp-content\/uploads\/sites\/6\/2018\/04\/npes_v19_0021-e1524008086624.jpg?resize=600%2C900\" alt=\"\" width=\"600\" height=\"900\" data-recalc-dims=\"1\" \/><p id=\"caption-attachment-180871\" class=\"wp-caption-text\">Minas Trend Ver\u00e3o 2019 :: As cores e estampas de Natalia Pessoa<\/p><\/div>\n<div id=\"attachment_180872\" style=\"width: 610px\" class=\"wp-caption aligncenter\"><img aria-describedby=\"caption-attachment-180872\" data-attachment-id=\"180872\" data-permalink=\"https:\/\/agrund.com\/index.php\/minas-trend-verao-2019-as-cores-e-estampas-de-natalia-pessoa\/natalia-pessoa-26\/\" data-orig-file=\"https:\/\/i0.wp.com\/agrund.com\/wp-content\/uploads\/sites\/6\/2018\/04\/npes_v19_0023-e1524008104175.jpg?fit=600%2C900&amp;ssl=1\" data-orig-size=\"600,900\" data-comments-opened=\"1\" data-image-meta=\"{&quot;aperture&quot;:&quot;5.6&quot;,&quot;credit&quot;:&quot;Ze Takahashi \\\/  FOTOSITE&quot;,&quot;camera&quot;:&quot;NIKON D500&quot;,&quot;caption&quot;:&quot;Natalia Pessoa\\n\\nMinas Trend - Verao 2019\\n\\nFoto : Ze Takahashi \\\/  FOTOSITE&quot;,&quot;created_timestamp&quot;:&quot;1523993306&quot;,&quot;copyright&quot;:&quot;\\u00a9 FOTOSITE&quot;,&quot;focal_length&quot;:&quot;195&quot;,&quot;iso&quot;:&quot;800&quot;,&quot;shutter_speed&quot;:&quot;0.00125&quot;,&quot;title&quot;:&quot;Natalia Pessoa&quot;,&quot;orientation&quot;:&quot;0&quot;}\" data-image-title=\"Minas Trend Ver\u00e3o 2019 :: As cores e estampas de Natalia Pessoa\" data-image-description=\"\" data-image-caption=\"&lt;p&gt;Minas Trend Ver\u00e3o 2019 :: As cores e estampas de Natalia Pessoa &lt;\/p&gt;\n\" data-medium-file=\"https:\/\/i0.wp.com\/agrund.com\/wp-content\/uploads\/sites\/6\/2018\/04\/npes_v19_0023-e1524008104175.jpg?fit=200%2C300&amp;ssl=1\" data-large-file=\"https:\/\/i0.wp.com\/agrund.com\/wp-content\/uploads\/sites\/6\/2018\/04\/npes_v19_0023-e1524008104175.jpg?fit=683%2C1024&amp;ssl=1\" decoding=\"async\" loading=\"lazy\" class=\"size-full wp-image-180872\" src=\"https:\/\/i0.wp.com\/www.agrund.com\/wp-content\/uploads\/sites\/6\/2018\/04\/npes_v19_0023-e1524008104175.jpg?resize=600%2C900\" alt=\"\" width=\"600\" height=\"900\" data-recalc-dims=\"1\" \/><p id=\"caption-attachment-180872\" class=\"wp-caption-text\">Minas Trend Ver\u00e3o 2019 :: As cores e estampas de Natalia Pessoa<\/p><\/div>\n<div id=\"attachment_180873\" style=\"width: 610px\" class=\"wp-caption aligncenter\"><img aria-describedby=\"caption-attachment-180873\" data-attachment-id=\"180873\" data-permalink=\"https:\/\/agrund.com\/index.php\/minas-trend-verao-2019-as-cores-e-estampas-de-natalia-pessoa\/natalia-pessoa-27\/\" data-orig-file=\"https:\/\/i0.wp.com\/agrund.com\/wp-content\/uploads\/sites\/6\/2018\/04\/npes_v19_0029-e1524008121685.jpg?fit=600%2C900&amp;ssl=1\" data-orig-size=\"600,900\" data-comments-opened=\"1\" data-image-meta=\"{&quot;aperture&quot;:&quot;5.6&quot;,&quot;credit&quot;:&quot;Ze Takahashi \\\/  FOTOSITE&quot;,&quot;camera&quot;:&quot;NIKON D500&quot;,&quot;caption&quot;:&quot;Natalia Pessoa\\n\\nMinas Trend - Verao 2019\\n\\nFoto : Ze Takahashi \\\/  FOTOSITE&quot;,&quot;created_timestamp&quot;:&quot;1523993349&quot;,&quot;copyright&quot;:&quot;\\u00a9 FOTOSITE&quot;,&quot;focal_length&quot;:&quot;195&quot;,&quot;iso&quot;:&quot;800&quot;,&quot;shutter_speed&quot;:&quot;0.00125&quot;,&quot;title&quot;:&quot;Natalia Pessoa&quot;,&quot;orientation&quot;:&quot;0&quot;}\" data-image-title=\"Minas Trend Ver\u00e3o 2019 :: As cores e estampas de Natalia Pessoa\" data-image-description=\"\" data-image-caption=\"&lt;p&gt;Minas Trend Ver\u00e3o 2019 :: As cores e estampas de Natalia Pessoa&lt;\/p&gt;\n\" data-medium-file=\"https:\/\/i0.wp.com\/agrund.com\/wp-content\/uploads\/sites\/6\/2018\/04\/npes_v19_0029-e1524008121685.jpg?fit=200%2C300&amp;ssl=1\" data-large-file=\"https:\/\/i0.wp.com\/agrund.com\/wp-content\/uploads\/sites\/6\/2018\/04\/npes_v19_0029-e1524008121685.jpg?fit=683%2C1024&amp;ssl=1\" decoding=\"async\" loading=\"lazy\" class=\"size-full wp-image-180873\" src=\"https:\/\/i0.wp.com\/www.agrund.com\/wp-content\/uploads\/sites\/6\/2018\/04\/npes_v19_0029-e1524008121685.jpg?resize=600%2C900\" alt=\"\" width=\"600\" height=\"900\" data-recalc-dims=\"1\" \/><p id=\"caption-attachment-180873\" class=\"wp-caption-text\">Minas Trend Ver\u00e3o 2019 :: As cores e estampas de Natalia Pessoa<\/p><\/div>\n<div id=\"attachment_180874\" style=\"width: 610px\" class=\"wp-caption aligncenter\"><img aria-describedby=\"caption-attachment-180874\" data-attachment-id=\"180874\" data-permalink=\"https:\/\/agrund.com\/index.php\/minas-trend-verao-2019-as-cores-e-estampas-de-natalia-pessoa\/natalia-pessoa-28\/\" data-orig-file=\"https:\/\/i0.wp.com\/agrund.com\/wp-content\/uploads\/sites\/6\/2018\/04\/npes_v19_0031-e1524008135166.jpg?fit=600%2C900&amp;ssl=1\" data-orig-size=\"600,900\" data-comments-opened=\"1\" data-image-meta=\"{&quot;aperture&quot;:&quot;5.6&quot;,&quot;credit&quot;:&quot;Ze Takahashi \\\/  FOTOSITE&quot;,&quot;camera&quot;:&quot;NIKON D500&quot;,&quot;caption&quot;:&quot;Natalia Pessoa\\n\\nMinas Trend - Verao 2019\\n\\nFoto : Ze Takahashi \\\/  FOTOSITE&quot;,&quot;created_timestamp&quot;:&quot;1523993361&quot;,&quot;copyright&quot;:&quot;\\u00a9 FOTOSITE&quot;,&quot;focal_length&quot;:&quot;200&quot;,&quot;iso&quot;:&quot;800&quot;,&quot;shutter_speed&quot;:&quot;0.00125&quot;,&quot;title&quot;:&quot;Natalia Pessoa&quot;,&quot;orientation&quot;:&quot;0&quot;}\" data-image-title=\"Minas Trend Ver\u00e3o 2019 :: As cores e estampas de Natalia Pessoa\" data-image-description=\"\" data-image-caption=\"&lt;p&gt;Minas Trend Ver\u00e3o 2019 :: As cores e estampas de Natalia Pessoa&lt;\/p&gt;\n\" data-medium-file=\"https:\/\/i0.wp.com\/agrund.com\/wp-content\/uploads\/sites\/6\/2018\/04\/npes_v19_0031-e1524008135166.jpg?fit=200%2C300&amp;ssl=1\" data-large-file=\"https:\/\/i0.wp.com\/agrund.com\/wp-content\/uploads\/sites\/6\/2018\/04\/npes_v19_0031-e1524008135166.jpg?fit=683%2C1024&amp;ssl=1\" decoding=\"async\" loading=\"lazy\" class=\"size-full wp-image-180874\" src=\"https:\/\/i0.wp.com\/www.agrund.com\/wp-content\/uploads\/sites\/6\/2018\/04\/npes_v19_0031-e1524008135166.jpg?resize=600%2C900\" alt=\"\" width=\"600\" height=\"900\" data-recalc-dims=\"1\" \/><p id=\"caption-attachment-180874\" class=\"wp-caption-text\">Minas Trend Ver\u00e3o 2019 :: As cores e estampas de Natalia Pessoa<\/p><\/div>\n<div id=\"attachment_180876\" style=\"width: 610px\" class=\"wp-caption aligncenter\"><img aria-describedby=\"caption-attachment-180876\" data-attachment-id=\"180876\" data-permalink=\"https:\/\/agrund.com\/index.php\/minas-trend-verao-2019-as-cores-e-estampas-de-natalia-pessoa\/npes_v19_0043\/\" data-orig-file=\"https:\/\/i0.wp.com\/agrund.com\/wp-content\/uploads\/sites\/6\/2018\/04\/npes_v19_0043-e1524008153154.jpg?fit=600%2C900&amp;ssl=1\" data-orig-size=\"600,900\" data-comments-opened=\"1\" data-image-meta=\"{&quot;aperture&quot;:&quot;5.6&quot;,&quot;credit&quot;:&quot;&quot;,&quot;camera&quot;:&quot;NIKON D500&quot;,&quot;caption&quot;:&quot;&quot;,&quot;created_timestamp&quot;:&quot;1523993438&quot;,&quot;copyright&quot;:&quot;&quot;,&quot;focal_length&quot;:&quot;200&quot;,&quot;iso&quot;:&quot;800&quot;,&quot;shutter_speed&quot;:&quot;0.00125&quot;,&quot;title&quot;:&quot;&quot;,&quot;orientation&quot;:&quot;0&quot;}\" data-image-title=\"Minas Trend Ver\u00e3o 2019 :: As cores e estampas de Natalia Pessoa\" data-image-description=\"\" data-image-caption=\"&lt;p&gt;Minas Trend Ver\u00e3o 2019 :: As cores e estampas de Natalia Pessoa&lt;\/p&gt;\n\" data-medium-file=\"https:\/\/i0.wp.com\/agrund.com\/wp-content\/uploads\/sites\/6\/2018\/04\/npes_v19_0043-e1524008153154.jpg?fit=200%2C300&amp;ssl=1\" data-large-file=\"https:\/\/i0.wp.com\/agrund.com\/wp-content\/uploads\/sites\/6\/2018\/04\/npes_v19_0043-e1524008153154.jpg?fit=683%2C1024&amp;ssl=1\" decoding=\"async\" loading=\"lazy\" class=\"size-full wp-image-180876\" src=\"https:\/\/i0.wp.com\/www.agrund.com\/wp-content\/uploads\/sites\/6\/2018\/04\/npes_v19_0043-e1524008153154.jpg?resize=600%2C900\" alt=\"\" width=\"600\" height=\"900\" data-recalc-dims=\"1\" \/><p id=\"caption-attachment-180876\" class=\"wp-caption-text\">Minas Trend Ver\u00e3o 2019 :: As cores e estampas de Natalia Pessoa<\/p><\/div>\n<p>Fotos: Divulga\u00e7\u00e3o\/ Ag\u00eancia Fotosite.<\/p>\n","protected":false},"excerpt":{"rendered":"<p>Texto por Thay Sanqueta Edi\u00e7\u00e3o por Rafaela Piovezani Veterana nos desfiles da Minas Trend, Natalia Pessoa apresentou sua cole\u00e7\u00e3o primavera\/ver\u00e3o 2019 neste primeiro dia de evento. Sua mulher feminina e chique foi para a passarela com vestidos assim\u00e9tricos e macac\u00f5es pantalona. As listras percorreram por toda a cole\u00e7\u00e3o, \u00e0s vezes em degrad\u00eas bem discretos feitos [&hellip;]<\/p>\n","protected":false},"author":8,"featured_media":180865,"comment_status":"open","ping_status":"open","sticky":false,"template":"","format":"standard","meta":{"jetpack_post_was_ever_published":false,"_jetpack_newsletter_access":"","jetpack_publicize_message":"","jetpack_is_tweetstorm":false,"jetpack_publicize_feature_enabled":true,"jetpack_social_post_already_shared":true,"jetpack_social_options":{"image_generator_settings":{"template":"highway","enabled":false}}},"categories":[9,2],"tags":[],"jetpack_publicize_connections":[],"jetpack_featured_media_url":"https:\/\/i0.wp.com\/agrund.com\/wp-content\/uploads\/sites\/6\/2018\/04\/sn.jpg?fit=960%2C300&ssl=1","jetpack_sharing_enabled":true,"jetpack_shortlink":"https:\/\/wp.me\/p3Hz0n-L3a","jetpack_likes_enabled":true,"_links":{"self":[{"href":"https:\/\/agrund.com\/index.php\/wp-json\/wp\/v2\/posts\/180864"}],"collection":[{"href":"https:\/\/agrund.com\/index.php\/wp-json\/wp\/v2\/posts"}],"about":[{"href":"https:\/\/agrund.com\/index.php\/wp-json\/wp\/v2\/types\/post"}],"author":[{"embeddable":true,"href":"https:\/\/agrund.com\/index.php\/wp-json\/wp\/v2\/users\/8"}],"replies":[{"embeddable":true,"href":"https:\/\/agrund.com\/index.php\/wp-json\/wp\/v2\/comments?post=180864"}],"version-history":[{"count":0,"href":"https:\/\/agrund.com\/index.php\/wp-json\/wp\/v2\/posts\/180864\/revisions"}],"wp:featuredmedia":[{"embeddable":true,"href":"https:\/\/agrund.com\/index.php\/wp-json\/wp\/v2\/media\/180865"}],"wp:attachment":[{"href":"https:\/\/agrund.com\/index.php\/wp-json\/wp\/v2\/media?parent=180864"}],"wp:term":[{"taxonomy":"category","embeddable":true,"href":"https:\/\/agrund.com\/index.php\/wp-json\/wp\/v2\/categories?post=180864"},{"taxonomy":"post_tag","embeddable":true,"href":"https:\/\/agrund.com\/index.php\/wp-json\/wp\/v2\/tags?post=180864"}],"curies":[{"name":"wp","href":"https:\/\/api.w.org\/{rel}","templated":true}]}}