{"id":180851,"date":"2018-04-17T20:00:24","date_gmt":"2018-04-17T23:00:24","guid":{"rendered":"http:\/\/www.agrund.com\/?p=180851"},"modified":"2018-04-17T20:16:23","modified_gmt":"2018-04-17T23:16:23","slug":"os-novos-acessorios-da-ermenegildo-zegna","status":"publish","type":"post","link":"https:\/\/agrund.com\/index.php\/os-novos-acessorios-da-ermenegildo-zegna\/","title":{"rendered":"Os novos acess\u00f3rios da Ermenegildo Zegna"},"content":{"rendered":"<p>A Ermenegildo Zegna apresentou novidades incr\u00edveis durante o &#8220;UOMINI ALL&#8217;ITALIANA: from Textile to Lifestyle&#8221;, que aconteceu ontem (16) na Milan Global Store na Via Montenapoleone, em Mil\u00e3o.<\/p>\n<p>Sua nova cole\u00e7\u00e3o, chamada Pelle Tessuta TM Collection of Zegna Toyz, conta com acess\u00f3rios, gadgets e produtos para casa inspirados nos ternos confeccionados no Lanif\u00edcio Ermenegildo Zegna em 1968, al\u00e9m de celebrar o anivers\u00e1rio de 50 anos da marca no ready to wear com uma padronagem exclusiva.<\/p>\n<p>As pe\u00e7as da linha chegam em lojas selecionadas ao redor do mundo somente em novembro deste ano, mas haver\u00e1 uma pr\u00e9-venda de alguns \u00edtens na loja da Via Montenapoleone, em Mil\u00e3o, durante o Salone Del Mobile &#8211; 17 a 22 de abril. Ainda durante este evento, a loja exibir\u00e1 uma tape\u00e7aria handmade exclusiva feita em parceria com o Atelier Altai, galeria especializada em arte primitiva de culturas n\u00f4mades.<\/p>\n<div id=\"attachment_180860\" style=\"width: 610px\" class=\"wp-caption aligncenter\"><img aria-describedby=\"caption-attachment-180860\" data-attachment-id=\"180860\" data-permalink=\"https:\/\/agrund.com\/index.php\/os-novos-acessorios-da-ermenegildo-zegna\/zegna-fuorisalone-2018-7\/\" data-orig-file=\"https:\/\/i0.wp.com\/agrund.com\/wp-content\/uploads\/sites\/6\/2018\/04\/9-7.jpg?fit=600%2C900&amp;ssl=1\" data-orig-size=\"600,900\" data-comments-opened=\"1\" data-image-meta=\"{&quot;aperture&quot;:&quot;11&quot;,&quot;credit&quot;:&quot;Andrea Pisapia\\\/spazioorti14.it&quot;,&quot;camera&quot;:&quot;Canon EOS-1D X&quot;,&quot;caption&quot;:&quot;Interiors ZEGNA Fuorisalone - Photo: \\u00a9 Andrea Pisapia \\\/ Spazio Orti 14&quot;,&quot;created_timestamp&quot;:&quot;1523896949&quot;,&quot;copyright&quot;:&quot;Photo: \\u00a9 Andrea Pisapia\\\/SpazioOrt14&quot;,&quot;focal_length&quot;:&quot;42&quot;,&quot;iso&quot;:&quot;500&quot;,&quot;shutter_speed&quot;:&quot;0.0666666666667&quot;,&quot;title&quot;:&quot;ZEGNA Fuorisalone 2018&quot;,&quot;orientation&quot;:&quot;1&quot;}\" data-image-title=\"Os novos acess\u00f3rios da Ermenegildo Zegna\" data-image-description=\"\" data-image-caption=\"&lt;p&gt;Os novos acess\u00f3rios da Ermenegildo Zegna &lt;\/p&gt;\n\" data-medium-file=\"https:\/\/i0.wp.com\/agrund.com\/wp-content\/uploads\/sites\/6\/2018\/04\/9-7.jpg?fit=200%2C300&amp;ssl=1\" data-large-file=\"https:\/\/i0.wp.com\/agrund.com\/wp-content\/uploads\/sites\/6\/2018\/04\/9-7.jpg?fit=600%2C900&amp;ssl=1\" decoding=\"async\" loading=\"lazy\" class=\"size-full wp-image-180860\" src=\"https:\/\/i0.wp.com\/www.agrund.com\/wp-content\/uploads\/sites\/6\/2018\/04\/9-7.jpg?resize=600%2C900\" alt=\"\" width=\"600\" height=\"900\" srcset=\"https:\/\/i0.wp.com\/agrund.com\/wp-content\/uploads\/sites\/6\/2018\/04\/9-7.jpg?w=600&amp;ssl=1 600w, https:\/\/i0.wp.com\/agrund.com\/wp-content\/uploads\/sites\/6\/2018\/04\/9-7.jpg?resize=200%2C300&amp;ssl=1 200w\" sizes=\"(max-width: 600px) 100vw, 600px\" data-recalc-dims=\"1\" \/><p id=\"caption-attachment-180860\" class=\"wp-caption-text\">Os novos acess\u00f3rios da Ermenegildo Zegna<\/p><\/div>\n<div id=\"attachment_180856\" style=\"width: 610px\" class=\"wp-caption aligncenter\"><img aria-describedby=\"caption-attachment-180856\" data-attachment-id=\"180856\" data-permalink=\"https:\/\/agrund.com\/index.php\/os-novos-acessorios-da-ermenegildo-zegna\/zegna-fuorisalone-2018-3\/\" data-orig-file=\"https:\/\/i0.wp.com\/agrund.com\/wp-content\/uploads\/sites\/6\/2018\/04\/5-21.jpg?fit=600%2C400&amp;ssl=1\" data-orig-size=\"600,400\" data-comments-opened=\"1\" data-image-meta=\"{&quot;aperture&quot;:&quot;16&quot;,&quot;credit&quot;:&quot;Andrea Pisapia\\\/spazioorti14.it&quot;,&quot;camera&quot;:&quot;Canon EOS-1D X&quot;,&quot;caption&quot;:&quot;Interiors ZEGNA Fuorisalone - Photo: \\u00a9 Andrea Pisapia \\\/ Spazio Orti 14&quot;,&quot;created_timestamp&quot;:&quot;1523908139&quot;,&quot;copyright&quot;:&quot;Photo: \\u00a9 Andrea Pisapia\\\/SpazioOrt14&quot;,&quot;focal_length&quot;:&quot;35&quot;,&quot;iso&quot;:&quot;400&quot;,&quot;shutter_speed&quot;:&quot;0.5&quot;,&quot;title&quot;:&quot;ZEGNA Fuorisalone 2018&quot;,&quot;orientation&quot;:&quot;1&quot;}\" data-image-title=\"Os novos acess\u00f3rios da Ermenegildo Zegna\" data-image-description=\"\" data-image-caption=\"&lt;p&gt;Os novos acess\u00f3rios da Ermenegildo Zegna &lt;\/p&gt;\n\" data-medium-file=\"https:\/\/i0.wp.com\/agrund.com\/wp-content\/uploads\/sites\/6\/2018\/04\/5-21.jpg?fit=300%2C200&amp;ssl=1\" data-large-file=\"https:\/\/i0.wp.com\/agrund.com\/wp-content\/uploads\/sites\/6\/2018\/04\/5-21.jpg?fit=600%2C400&amp;ssl=1\" decoding=\"async\" loading=\"lazy\" class=\"size-full wp-image-180856\" src=\"https:\/\/i0.wp.com\/www.agrund.com\/wp-content\/uploads\/sites\/6\/2018\/04\/5-21.jpg?resize=600%2C400\" alt=\"\" width=\"600\" height=\"400\" srcset=\"https:\/\/i0.wp.com\/agrund.com\/wp-content\/uploads\/sites\/6\/2018\/04\/5-21.jpg?w=600&amp;ssl=1 600w, https:\/\/i0.wp.com\/agrund.com\/wp-content\/uploads\/sites\/6\/2018\/04\/5-21.jpg?resize=300%2C200&amp;ssl=1 300w\" sizes=\"(max-width: 600px) 100vw, 600px\" data-recalc-dims=\"1\" \/><p id=\"caption-attachment-180856\" class=\"wp-caption-text\">Os novos acess\u00f3rios da Ermenegildo Zegna<\/p><\/div>\n<div id=\"attachment_180857\" style=\"width: 610px\" class=\"wp-caption aligncenter\"><img aria-describedby=\"caption-attachment-180857\" data-attachment-id=\"180857\" data-permalink=\"https:\/\/agrund.com\/index.php\/os-novos-acessorios-da-ermenegildo-zegna\/zegna-fuorisalone-2018-4\/\" data-orig-file=\"https:\/\/i0.wp.com\/agrund.com\/wp-content\/uploads\/sites\/6\/2018\/04\/6-15.jpg?fit=600%2C900&amp;ssl=1\" data-orig-size=\"600,900\" data-comments-opened=\"1\" data-image-meta=\"{&quot;aperture&quot;:&quot;9&quot;,&quot;credit&quot;:&quot;Andrea Pisapia\\\/spazioorti14.it&quot;,&quot;camera&quot;:&quot;Canon EOS-1D X&quot;,&quot;caption&quot;:&quot;Interiors ZEGNA Fuorisalone - Photo: \\u00a9 Andrea Pisapia \\\/ Spazio Orti 14&quot;,&quot;created_timestamp&quot;:&quot;1523906448&quot;,&quot;copyright&quot;:&quot;Photo: \\u00a9 Andrea Pisapia\\\/SpazioOrt14&quot;,&quot;focal_length&quot;:&quot;85&quot;,&quot;iso&quot;:&quot;5000&quot;,&quot;shutter_speed&quot;:&quot;0.025&quot;,&quot;title&quot;:&quot;ZEGNA Fuorisalone 2018&quot;,&quot;orientation&quot;:&quot;1&quot;}\" data-image-title=\"Os novos acess\u00f3rios da Ermenegildo Zegna\" data-image-description=\"\" data-image-caption=\"&lt;p&gt;Os novos acess\u00f3rios da Ermenegildo Zegna &lt;\/p&gt;\n\" data-medium-file=\"https:\/\/i0.wp.com\/agrund.com\/wp-content\/uploads\/sites\/6\/2018\/04\/6-15.jpg?fit=200%2C300&amp;ssl=1\" data-large-file=\"https:\/\/i0.wp.com\/agrund.com\/wp-content\/uploads\/sites\/6\/2018\/04\/6-15.jpg?fit=600%2C900&amp;ssl=1\" decoding=\"async\" loading=\"lazy\" class=\"size-full wp-image-180857\" src=\"https:\/\/i0.wp.com\/www.agrund.com\/wp-content\/uploads\/sites\/6\/2018\/04\/6-15.jpg?resize=600%2C900\" alt=\"\" width=\"600\" height=\"900\" srcset=\"https:\/\/i0.wp.com\/agrund.com\/wp-content\/uploads\/sites\/6\/2018\/04\/6-15.jpg?w=600&amp;ssl=1 600w, https:\/\/i0.wp.com\/agrund.com\/wp-content\/uploads\/sites\/6\/2018\/04\/6-15.jpg?resize=200%2C300&amp;ssl=1 200w\" sizes=\"(max-width: 600px) 100vw, 600px\" data-recalc-dims=\"1\" \/><p id=\"caption-attachment-180857\" class=\"wp-caption-text\">Os novos acess\u00f3rios da Ermenegildo Zegna<\/p><\/div>\n<div id=\"attachment_180858\" style=\"width: 610px\" class=\"wp-caption aligncenter\"><img aria-describedby=\"caption-attachment-180858\" data-attachment-id=\"180858\" data-permalink=\"https:\/\/agrund.com\/index.php\/os-novos-acessorios-da-ermenegildo-zegna\/zegna-fuorisalone-2018-5\/\" data-orig-file=\"https:\/\/i0.wp.com\/agrund.com\/wp-content\/uploads\/sites\/6\/2018\/04\/7-12.jpg?fit=600%2C400&amp;ssl=1\" data-orig-size=\"600,400\" data-comments-opened=\"1\" data-image-meta=\"{&quot;aperture&quot;:&quot;9&quot;,&quot;credit&quot;:&quot;Andrea Pisapia\\\/spazioorti14.it&quot;,&quot;camera&quot;:&quot;Canon EOS-1D X&quot;,&quot;caption&quot;:&quot;Interiors ZEGNA Fuorisalone - Photo: \\u00a9 Andrea Pisapia \\\/ Spazio Orti 14&quot;,&quot;created_timestamp&quot;:&quot;1523906379&quot;,&quot;copyright&quot;:&quot;Photo: \\u00a9 Andrea Pisapia\\\/SpazioOrt14&quot;,&quot;focal_length&quot;:&quot;85&quot;,&quot;iso&quot;:&quot;2500&quot;,&quot;shutter_speed&quot;:&quot;0.025&quot;,&quot;title&quot;:&quot;ZEGNA Fuorisalone 2018&quot;,&quot;orientation&quot;:&quot;1&quot;}\" data-image-title=\"Os novos acess\u00f3rios da Ermenegildo Zegna\" data-image-description=\"\" data-image-caption=\"&lt;p&gt;Os novos acess\u00f3rios da Ermenegildo Zegna &lt;\/p&gt;\n\" data-medium-file=\"https:\/\/i0.wp.com\/agrund.com\/wp-content\/uploads\/sites\/6\/2018\/04\/7-12.jpg?fit=300%2C200&amp;ssl=1\" data-large-file=\"https:\/\/i0.wp.com\/agrund.com\/wp-content\/uploads\/sites\/6\/2018\/04\/7-12.jpg?fit=600%2C400&amp;ssl=1\" decoding=\"async\" loading=\"lazy\" class=\"size-full wp-image-180858\" src=\"https:\/\/i0.wp.com\/www.agrund.com\/wp-content\/uploads\/sites\/6\/2018\/04\/7-12.jpg?resize=600%2C400\" alt=\"\" width=\"600\" height=\"400\" srcset=\"https:\/\/i0.wp.com\/agrund.com\/wp-content\/uploads\/sites\/6\/2018\/04\/7-12.jpg?w=600&amp;ssl=1 600w, https:\/\/i0.wp.com\/agrund.com\/wp-content\/uploads\/sites\/6\/2018\/04\/7-12.jpg?resize=300%2C200&amp;ssl=1 300w\" sizes=\"(max-width: 600px) 100vw, 600px\" data-recalc-dims=\"1\" \/><p id=\"caption-attachment-180858\" class=\"wp-caption-text\">Os novos acess\u00f3rios da Ermenegildo Zegna<\/p><\/div>\n<div id=\"attachment_180859\" style=\"width: 610px\" class=\"wp-caption aligncenter\"><img aria-describedby=\"caption-attachment-180859\" data-attachment-id=\"180859\" data-permalink=\"https:\/\/agrund.com\/index.php\/os-novos-acessorios-da-ermenegildo-zegna\/zegna-fuorisalone-2018-6\/\" data-orig-file=\"https:\/\/i0.wp.com\/agrund.com\/wp-content\/uploads\/sites\/6\/2018\/04\/8-9.jpg?fit=600%2C400&amp;ssl=1\" data-orig-size=\"600,400\" data-comments-opened=\"1\" data-image-meta=\"{&quot;aperture&quot;:&quot;8&quot;,&quot;credit&quot;:&quot;Andrea Pisapia\\\/spazioorti14.it&quot;,&quot;camera&quot;:&quot;Canon EOS-1D X&quot;,&quot;caption&quot;:&quot;Interiors ZEGNA Fuorisalone - Photo: \\u00a9 Andrea Pisapia \\\/ Spazio Orti 14&quot;,&quot;created_timestamp&quot;:&quot;1523906334&quot;,&quot;copyright&quot;:&quot;Photo: \\u00a9 Andrea Pisapia\\\/SpazioOrt14&quot;,&quot;focal_length&quot;:&quot;50&quot;,&quot;iso&quot;:&quot;4000&quot;,&quot;shutter_speed&quot;:&quot;0.02&quot;,&quot;title&quot;:&quot;ZEGNA Fuorisalone 2018&quot;,&quot;orientation&quot;:&quot;1&quot;}\" data-image-title=\"Os novos acess\u00f3rios da Ermenegildo Zegna\" data-image-description=\"\" data-image-caption=\"&lt;p&gt;Os novos acess\u00f3rios da Ermenegildo Zegna &lt;\/p&gt;\n\" data-medium-file=\"https:\/\/i0.wp.com\/agrund.com\/wp-content\/uploads\/sites\/6\/2018\/04\/8-9.jpg?fit=300%2C200&amp;ssl=1\" data-large-file=\"https:\/\/i0.wp.com\/agrund.com\/wp-content\/uploads\/sites\/6\/2018\/04\/8-9.jpg?fit=600%2C400&amp;ssl=1\" decoding=\"async\" loading=\"lazy\" class=\"size-full wp-image-180859\" src=\"https:\/\/i0.wp.com\/www.agrund.com\/wp-content\/uploads\/sites\/6\/2018\/04\/8-9.jpg?resize=600%2C400\" alt=\"\" width=\"600\" height=\"400\" srcset=\"https:\/\/i0.wp.com\/agrund.com\/wp-content\/uploads\/sites\/6\/2018\/04\/8-9.jpg?w=600&amp;ssl=1 600w, https:\/\/i0.wp.com\/agrund.com\/wp-content\/uploads\/sites\/6\/2018\/04\/8-9.jpg?resize=300%2C200&amp;ssl=1 300w\" sizes=\"(max-width: 600px) 100vw, 600px\" data-recalc-dims=\"1\" \/><p id=\"caption-attachment-180859\" class=\"wp-caption-text\">Os novos acess\u00f3rios da Ermenegildo Zegna<\/p><\/div>\n<div id=\"attachment_180861\" style=\"width: 610px\" class=\"wp-caption aligncenter\"><img aria-describedby=\"caption-attachment-180861\" data-attachment-id=\"180861\" data-permalink=\"https:\/\/agrund.com\/index.php\/os-novos-acessorios-da-ermenegildo-zegna\/zegna-fuorisalone-2018-8\/\" data-orig-file=\"https:\/\/i0.wp.com\/agrund.com\/wp-content\/uploads\/sites\/6\/2018\/04\/10-5.jpg?fit=600%2C400&amp;ssl=1\" data-orig-size=\"600,400\" data-comments-opened=\"1\" data-image-meta=\"{&quot;aperture&quot;:&quot;5.6&quot;,&quot;credit&quot;:&quot;Andrea Pisapia\\\/spazioorti14.it&quot;,&quot;camera&quot;:&quot;Canon EOS-1D X&quot;,&quot;caption&quot;:&quot;Interiors ZEGNA Fuorisalone - Photo: \\u00a9 Andrea Pisapia \\\/ Spazio Orti 14&quot;,&quot;created_timestamp&quot;:&quot;1523896628&quot;,&quot;copyright&quot;:&quot;Photo: \\u00a9 Andrea Pisapia\\\/SpazioOrt14&quot;,&quot;focal_length&quot;:&quot;57&quot;,&quot;iso&quot;:&quot;2500&quot;,&quot;shutter_speed&quot;:&quot;0.0125&quot;,&quot;title&quot;:&quot;ZEGNA Fuorisalone 2018&quot;,&quot;orientation&quot;:&quot;1&quot;}\" data-image-title=\"Os novos acess\u00f3rios da Ermenegildo Zegna\" data-image-description=\"\" data-image-caption=\"&lt;p&gt;Os novos acess\u00f3rios da Ermenegildo Zegna &lt;\/p&gt;\n\" data-medium-file=\"https:\/\/i0.wp.com\/agrund.com\/wp-content\/uploads\/sites\/6\/2018\/04\/10-5.jpg?fit=300%2C200&amp;ssl=1\" data-large-file=\"https:\/\/i0.wp.com\/agrund.com\/wp-content\/uploads\/sites\/6\/2018\/04\/10-5.jpg?fit=600%2C400&amp;ssl=1\" decoding=\"async\" loading=\"lazy\" class=\"size-full wp-image-180861\" src=\"https:\/\/i0.wp.com\/www.agrund.com\/wp-content\/uploads\/sites\/6\/2018\/04\/10-5.jpg?resize=600%2C400\" alt=\"\" width=\"600\" height=\"400\" srcset=\"https:\/\/i0.wp.com\/agrund.com\/wp-content\/uploads\/sites\/6\/2018\/04\/10-5.jpg?w=600&amp;ssl=1 600w, https:\/\/i0.wp.com\/agrund.com\/wp-content\/uploads\/sites\/6\/2018\/04\/10-5.jpg?resize=300%2C200&amp;ssl=1 300w\" sizes=\"(max-width: 600px) 100vw, 600px\" data-recalc-dims=\"1\" \/><p id=\"caption-attachment-180861\" class=\"wp-caption-text\">Os novos acess\u00f3rios da Ermenegildo Zegna<\/p><\/div>\n<div id=\"attachment_180854\" style=\"width: 610px\" class=\"wp-caption aligncenter\"><img aria-describedby=\"caption-attachment-180854\" data-attachment-id=\"180854\" data-permalink=\"https:\/\/agrund.com\/index.php\/os-novos-acessorios-da-ermenegildo-zegna\/3-1289\/\" data-orig-file=\"https:\/\/i0.wp.com\/agrund.com\/wp-content\/uploads\/sites\/6\/2018\/04\/3-36.jpg?fit=600%2C448&amp;ssl=1\" data-orig-size=\"600,448\" data-comments-opened=\"1\" data-image-meta=\"{&quot;aperture&quot;:&quot;0&quot;,&quot;credit&quot;:&quot;&quot;,&quot;camera&quot;:&quot;&quot;,&quot;caption&quot;:&quot;&quot;,&quot;created_timestamp&quot;:&quot;0&quot;,&quot;copyright&quot;:&quot;&quot;,&quot;focal_length&quot;:&quot;0&quot;,&quot;iso&quot;:&quot;0&quot;,&quot;shutter_speed&quot;:&quot;0&quot;,&quot;title&quot;:&quot;&quot;,&quot;orientation&quot;:&quot;1&quot;}\" data-image-title=\"Os novos acess\u00f3rios da Ermenegildo Zegna\" data-image-description=\"\" data-image-caption=\"&lt;p&gt;Os novos acess\u00f3rios da Ermenegildo Zegna &lt;\/p&gt;\n\" data-medium-file=\"https:\/\/i0.wp.com\/agrund.com\/wp-content\/uploads\/sites\/6\/2018\/04\/3-36.jpg?fit=300%2C224&amp;ssl=1\" data-large-file=\"https:\/\/i0.wp.com\/agrund.com\/wp-content\/uploads\/sites\/6\/2018\/04\/3-36.jpg?fit=600%2C448&amp;ssl=1\" decoding=\"async\" loading=\"lazy\" class=\"size-full wp-image-180854\" src=\"https:\/\/i0.wp.com\/www.agrund.com\/wp-content\/uploads\/sites\/6\/2018\/04\/3-36.jpg?resize=600%2C448\" alt=\"\" width=\"600\" height=\"448\" srcset=\"https:\/\/i0.wp.com\/agrund.com\/wp-content\/uploads\/sites\/6\/2018\/04\/3-36.jpg?w=600&amp;ssl=1 600w, https:\/\/i0.wp.com\/agrund.com\/wp-content\/uploads\/sites\/6\/2018\/04\/3-36.jpg?resize=300%2C224&amp;ssl=1 300w\" sizes=\"(max-width: 600px) 100vw, 600px\" data-recalc-dims=\"1\" \/><p id=\"caption-attachment-180854\" class=\"wp-caption-text\">Os novos acess\u00f3rios da Ermenegildo Zegna<\/p><\/div>\n<div id=\"attachment_180853\" style=\"width: 610px\" class=\"wp-caption aligncenter\"><img aria-describedby=\"caption-attachment-180853\" data-attachment-id=\"180853\" data-permalink=\"https:\/\/agrund.com\/index.php\/os-novos-acessorios-da-ermenegildo-zegna\/2-1387\/\" data-orig-file=\"https:\/\/i0.wp.com\/agrund.com\/wp-content\/uploads\/sites\/6\/2018\/04\/2-41.jpg?fit=600%2C450&amp;ssl=1\" data-orig-size=\"600,450\" data-comments-opened=\"1\" data-image-meta=\"{&quot;aperture&quot;:&quot;0&quot;,&quot;credit&quot;:&quot;&quot;,&quot;camera&quot;:&quot;&quot;,&quot;caption&quot;:&quot;&quot;,&quot;created_timestamp&quot;:&quot;0&quot;,&quot;copyright&quot;:&quot;&quot;,&quot;focal_length&quot;:&quot;0&quot;,&quot;iso&quot;:&quot;0&quot;,&quot;shutter_speed&quot;:&quot;0&quot;,&quot;title&quot;:&quot;&quot;,&quot;orientation&quot;:&quot;1&quot;}\" data-image-title=\"Os novos acess\u00f3rios da Ermenegildo Zegna\" data-image-description=\"\" data-image-caption=\"&lt;p&gt;Os novos acess\u00f3rios da Ermenegildo Zegna &lt;\/p&gt;\n\" data-medium-file=\"https:\/\/i0.wp.com\/agrund.com\/wp-content\/uploads\/sites\/6\/2018\/04\/2-41.jpg?fit=300%2C225&amp;ssl=1\" data-large-file=\"https:\/\/i0.wp.com\/agrund.com\/wp-content\/uploads\/sites\/6\/2018\/04\/2-41.jpg?fit=600%2C450&amp;ssl=1\" decoding=\"async\" loading=\"lazy\" class=\"size-full wp-image-180853\" src=\"https:\/\/i0.wp.com\/www.agrund.com\/wp-content\/uploads\/sites\/6\/2018\/04\/2-41.jpg?resize=600%2C450\" alt=\"\" width=\"600\" height=\"450\" srcset=\"https:\/\/i0.wp.com\/agrund.com\/wp-content\/uploads\/sites\/6\/2018\/04\/2-41.jpg?w=600&amp;ssl=1 600w, https:\/\/i0.wp.com\/agrund.com\/wp-content\/uploads\/sites\/6\/2018\/04\/2-41.jpg?resize=300%2C225&amp;ssl=1 300w\" sizes=\"(max-width: 600px) 100vw, 600px\" data-recalc-dims=\"1\" \/><p id=\"caption-attachment-180853\" class=\"wp-caption-text\">Os novos acess\u00f3rios da Ermenegildo Zegna<\/p><\/div>\n<div id=\"attachment_180852\" style=\"width: 610px\" class=\"wp-caption aligncenter\"><img aria-describedby=\"caption-attachment-180852\" data-attachment-id=\"180852\" data-permalink=\"https:\/\/agrund.com\/index.php\/os-novos-acessorios-da-ermenegildo-zegna\/zegna-fuorisalone-2018\/\" data-orig-file=\"https:\/\/i0.wp.com\/agrund.com\/wp-content\/uploads\/sites\/6\/2018\/04\/1-46.jpg?fit=600%2C732&amp;ssl=1\" data-orig-size=\"600,732\" data-comments-opened=\"1\" data-image-meta=\"{&quot;aperture&quot;:&quot;5.6&quot;,&quot;credit&quot;:&quot;Andrea Pisapia\\\/spazioorti14.it&quot;,&quot;camera&quot;:&quot;Canon EOS-1D X&quot;,&quot;caption&quot;:&quot;Interiors ZEGNA Fuorisalone - Photo: \\u00a9 Andrea Pisapia \\\/ Spazio Orti 14&quot;,&quot;created_timestamp&quot;:&quot;1523897530&quot;,&quot;copyright&quot;:&quot;Photo: \\u00a9 Andrea Pisapia\\\/SpazioOrt14&quot;,&quot;focal_length&quot;:&quot;24&quot;,&quot;iso&quot;:&quot;640&quot;,&quot;shutter_speed&quot;:&quot;0.04&quot;,&quot;title&quot;:&quot;ZEGNA Fuorisalone 2018&quot;,&quot;orientation&quot;:&quot;1&quot;}\" data-image-title=\"Os novos acess\u00f3rios da Ermenegildo Zegna\" data-image-description=\"\" data-image-caption=\"&lt;p&gt;Os novos acess\u00f3rios da Ermenegildo Zegna &lt;\/p&gt;\n\" data-medium-file=\"https:\/\/i0.wp.com\/agrund.com\/wp-content\/uploads\/sites\/6\/2018\/04\/1-46.jpg?fit=246%2C300&amp;ssl=1\" data-large-file=\"https:\/\/i0.wp.com\/agrund.com\/wp-content\/uploads\/sites\/6\/2018\/04\/1-46.jpg?fit=600%2C732&amp;ssl=1\" decoding=\"async\" loading=\"lazy\" class=\"size-full wp-image-180852\" src=\"https:\/\/i0.wp.com\/www.agrund.com\/wp-content\/uploads\/sites\/6\/2018\/04\/1-46.jpg?resize=600%2C732\" alt=\"\" width=\"600\" height=\"732\" srcset=\"https:\/\/i0.wp.com\/agrund.com\/wp-content\/uploads\/sites\/6\/2018\/04\/1-46.jpg?w=600&amp;ssl=1 600w, https:\/\/i0.wp.com\/agrund.com\/wp-content\/uploads\/sites\/6\/2018\/04\/1-46.jpg?resize=246%2C300&amp;ssl=1 246w\" sizes=\"(max-width: 600px) 100vw, 600px\" data-recalc-dims=\"1\" \/><p id=\"caption-attachment-180852\" class=\"wp-caption-text\">Os novos acess\u00f3rios da Ermenegildo Zegna<\/p><\/div>\n<p>Fotos: Divulga\u00e7\u00e3o.<\/p>\n","protected":false},"excerpt":{"rendered":"<p>A Ermenegildo Zegna apresentou novidades incr\u00edveis durante o &#8220;UOMINI ALL&#8217;ITALIANA: from Textile to Lifestyle&#8221;, que aconteceu ontem (16) na Milan Global Store na Via Montenapoleone, em Mil\u00e3o. Sua nova cole\u00e7\u00e3o, chamada Pelle Tessuta TM Collection of Zegna Toyz, conta com acess\u00f3rios, gadgets e produtos para casa inspirados nos ternos confeccionados no Lanif\u00edcio Ermenegildo Zegna em [&hellip;]<\/p>\n","protected":false},"author":8,"featured_media":180862,"comment_status":"open","ping_status":"open","sticky":false,"template":"","format":"standard","meta":{"jetpack_post_was_ever_published":false,"_jetpack_newsletter_access":"","jetpack_publicize_message":"","jetpack_is_tweetstorm":false,"jetpack_publicize_feature_enabled":true,"jetpack_social_post_already_shared":true,"jetpack_social_options":{"image_generator_settings":{"template":"highway","enabled":false}}},"categories":[2],"tags":[],"jetpack_publicize_connections":[],"jetpack_featured_media_url":"https:\/\/i0.wp.com\/agrund.com\/wp-content\/uploads\/sites\/6\/2018\/04\/se.jpg?fit=960%2C300&ssl=1","jetpack_sharing_enabled":true,"jetpack_shortlink":"https:\/\/wp.me\/p3Hz0n-L2X","jetpack_likes_enabled":true,"_links":{"self":[{"href":"https:\/\/agrund.com\/index.php\/wp-json\/wp\/v2\/posts\/180851"}],"collection":[{"href":"https:\/\/agrund.com\/index.php\/wp-json\/wp\/v2\/posts"}],"about":[{"href":"https:\/\/agrund.com\/index.php\/wp-json\/wp\/v2\/types\/post"}],"author":[{"embeddable":true,"href":"https:\/\/agrund.com\/index.php\/wp-json\/wp\/v2\/users\/8"}],"replies":[{"embeddable":true,"href":"https:\/\/agrund.com\/index.php\/wp-json\/wp\/v2\/comments?post=180851"}],"version-history":[{"count":0,"href":"https:\/\/agrund.com\/index.php\/wp-json\/wp\/v2\/posts\/180851\/revisions"}],"wp:featuredmedia":[{"embeddable":true,"href":"https:\/\/agrund.com\/index.php\/wp-json\/wp\/v2\/media\/180862"}],"wp:attachment":[{"href":"https:\/\/agrund.com\/index.php\/wp-json\/wp\/v2\/media?parent=180851"}],"wp:term":[{"taxonomy":"category","embeddable":true,"href":"https:\/\/agrund.com\/index.php\/wp-json\/wp\/v2\/categories?post=180851"},{"taxonomy":"post_tag","embeddable":true,"href":"https:\/\/agrund.com\/index.php\/wp-json\/wp\/v2\/tags?post=180851"}],"curies":[{"name":"wp","href":"https:\/\/api.w.org\/{rel}","templated":true}]}}