{"id":180838,"date":"2018-04-17T19:30:58","date_gmt":"2018-04-17T22:30:58","guid":{"rendered":"http:\/\/www.agrund.com\/?p=180838"},"modified":"2018-04-18T10:45:31","modified_gmt":"2018-04-18T13:45:31","slug":"minas-trend-verao-2019-a-fluidez-de-fatima-scofield","status":"publish","type":"post","link":"https:\/\/agrund.com\/index.php\/minas-trend-verao-2019-a-fluidez-de-fatima-scofield\/","title":{"rendered":"Minas Trend Ver\u00e3o 2019 :: A fluidez de Fatima Scofield"},"content":{"rendered":"<p>Texto por Thay Sanqueta<br \/>\nEdi\u00e7\u00e3o por Rafaela Piovezani<\/p>\n<p>Fatima Scofield comemora seus 30 anos com a sua estreia no Minas Trend, sendo a primeira marca a apresentar a cole\u00e7\u00e3o de primavera\/ver\u00e3o 2019 nesta temporada.<\/p>\n<p>O que vi na passarela foi muito al\u00e9m da \u201cpoesia\u201d que estava no release. A marca apostou em muita fluidez, trazendo vestidos com babados e fendas duplas frontais.<\/p>\n<p>A cartela de cores come\u00e7ou com tons de amarelo, mas logo vimos um laranja a\u00e7ucarado e um calmo azul. Isso sem esquecer das delicadas estampas de florais que mesclavam esses tons.<\/p>\n<p>Sobre os vestidos floridos, fiquei apaixonada pelo trabalho da styling Renata Corr\u00eaa, que combinou com clutches da mesma estampa (desenvolvidas pela Isla). Ainda caminhando pelos prinsts, Fatima levou uma do\u00e7ura \u00e0 passarela com um conjunto estampado inspirado em pijamas, que me deixou desejando estar dentro dele!<\/p>\n<p>Vale destacar tamb\u00e9m os acess\u00f3rios, que apesar de serem compostos por p\u00e9rolas eram chokers e ear cuff super modernos.<\/p>\n<div id=\"attachment_180840\" style=\"width: 610px\" class=\"wp-caption aligncenter\"><img aria-describedby=\"caption-attachment-180840\" data-attachment-id=\"180840\" data-permalink=\"https:\/\/agrund.com\/index.php\/minas-trend-verao-2019-a-fluidez-de-fatima-scofield\/fsco_v19_0005\/\" data-orig-file=\"https:\/\/i0.wp.com\/agrund.com\/wp-content\/uploads\/sites\/6\/2018\/04\/fsco_v19_0005-e1524003782680.jpg?fit=600%2C900&amp;ssl=1\" data-orig-size=\"600,900\" data-comments-opened=\"1\" data-image-meta=\"{&quot;aperture&quot;:&quot;5&quot;,&quot;credit&quot;:&quot;&quot;,&quot;camera&quot;:&quot;NIKON D500&quot;,&quot;caption&quot;:&quot;&quot;,&quot;created_timestamp&quot;:&quot;1523986000&quot;,&quot;copyright&quot;:&quot;&quot;,&quot;focal_length&quot;:&quot;160&quot;,&quot;iso&quot;:&quot;800&quot;,&quot;shutter_speed&quot;:&quot;0.00125&quot;,&quot;title&quot;:&quot;&quot;,&quot;orientation&quot;:&quot;0&quot;}\" data-image-title=\"Minas Trend Ver\u00e3o 2019 :: A fluidez de Fatima Scofield\" data-image-description=\"\" data-image-caption=\"&lt;p&gt;Minas Trend Ver\u00e3o 2019 :: A fluidez de Fatima Scofield&lt;\/p&gt;\n\" data-medium-file=\"https:\/\/i0.wp.com\/agrund.com\/wp-content\/uploads\/sites\/6\/2018\/04\/fsco_v19_0005-e1524003782680.jpg?fit=200%2C300&amp;ssl=1\" data-large-file=\"https:\/\/i0.wp.com\/agrund.com\/wp-content\/uploads\/sites\/6\/2018\/04\/fsco_v19_0005-e1524003782680.jpg?fit=683%2C1024&amp;ssl=1\" decoding=\"async\" loading=\"lazy\" class=\"size-full wp-image-180840\" src=\"https:\/\/i0.wp.com\/www.agrund.com\/wp-content\/uploads\/sites\/6\/2018\/04\/fsco_v19_0005-e1524003782680.jpg?resize=600%2C900\" alt=\"\" width=\"600\" height=\"900\" data-recalc-dims=\"1\" \/><p id=\"caption-attachment-180840\" class=\"wp-caption-text\">Minas Trend Ver\u00e3o 2019 :: A fluidez de Fatima Scofield<\/p><\/div>\n<div id=\"attachment_180841\" style=\"width: 610px\" class=\"wp-caption aligncenter\"><img aria-describedby=\"caption-attachment-180841\" data-attachment-id=\"180841\" data-permalink=\"https:\/\/agrund.com\/index.php\/minas-trend-verao-2019-a-fluidez-de-fatima-scofield\/fatima-scofield\/\" data-orig-file=\"https:\/\/i0.wp.com\/agrund.com\/wp-content\/uploads\/sites\/6\/2018\/04\/fsco_v19_0014-e1524003804167.jpg?fit=600%2C900&amp;ssl=1\" data-orig-size=\"600,900\" data-comments-opened=\"1\" data-image-meta=\"{&quot;aperture&quot;:&quot;5&quot;,&quot;credit&quot;:&quot;Ze Takahashi \\\/  FOTOSITE&quot;,&quot;camera&quot;:&quot;NIKON D500&quot;,&quot;caption&quot;:&quot;Fatima Scofield\\n\\nMinas Trend - Verao 2019\\n\\nFoto : Ze Takahashi \\\/  FOTOSITE&quot;,&quot;created_timestamp&quot;:&quot;1523986046&quot;,&quot;copyright&quot;:&quot;\\u00a9 FOTOSITE&quot;,&quot;focal_length&quot;:&quot;185&quot;,&quot;iso&quot;:&quot;800&quot;,&quot;shutter_speed&quot;:&quot;0.00125&quot;,&quot;title&quot;:&quot;Fatima Scofield&quot;,&quot;orientation&quot;:&quot;0&quot;}\" data-image-title=\"Minas Trend Ver\u00e3o 2019 :: A fluidez de Fatima Scofield\" data-image-description=\"\" data-image-caption=\"&lt;p&gt;Minas Trend Ver\u00e3o 2019 :: A fluidez de Fatima Scofield &lt;\/p&gt;\n\" data-medium-file=\"https:\/\/i0.wp.com\/agrund.com\/wp-content\/uploads\/sites\/6\/2018\/04\/fsco_v19_0014-e1524003804167.jpg?fit=200%2C300&amp;ssl=1\" data-large-file=\"https:\/\/i0.wp.com\/agrund.com\/wp-content\/uploads\/sites\/6\/2018\/04\/fsco_v19_0014-e1524003804167.jpg?fit=683%2C1024&amp;ssl=1\" decoding=\"async\" loading=\"lazy\" class=\"size-full wp-image-180841\" src=\"https:\/\/i0.wp.com\/www.agrund.com\/wp-content\/uploads\/sites\/6\/2018\/04\/fsco_v19_0014-e1524003804167.jpg?resize=600%2C900\" alt=\"\" width=\"600\" height=\"900\" data-recalc-dims=\"1\" \/><p id=\"caption-attachment-180841\" class=\"wp-caption-text\">Minas Trend Ver\u00e3o 2019 :: A fluidez de Fatima Scofield<\/p><\/div>\n<div id=\"attachment_180842\" style=\"width: 610px\" class=\"wp-caption aligncenter\"><img aria-describedby=\"caption-attachment-180842\" data-attachment-id=\"180842\" data-permalink=\"https:\/\/agrund.com\/index.php\/minas-trend-verao-2019-a-fluidez-de-fatima-scofield\/fatima-scofield-2\/\" data-orig-file=\"https:\/\/i0.wp.com\/agrund.com\/wp-content\/uploads\/sites\/6\/2018\/04\/fsco_v19_0017-e1524003822737.jpg?fit=600%2C900&amp;ssl=1\" data-orig-size=\"600,900\" data-comments-opened=\"1\" data-image-meta=\"{&quot;aperture&quot;:&quot;5&quot;,&quot;credit&quot;:&quot;Ze Takahashi \\\/  FOTOSITE&quot;,&quot;camera&quot;:&quot;NIKON D500&quot;,&quot;caption&quot;:&quot;Fatima Scofield\\n\\nMinas Trend - Verao 2019\\n\\nFoto : Ze Takahashi \\\/  FOTOSITE&quot;,&quot;created_timestamp&quot;:&quot;1523986057&quot;,&quot;copyright&quot;:&quot;\\u00a9 FOTOSITE&quot;,&quot;focal_length&quot;:&quot;200&quot;,&quot;iso&quot;:&quot;800&quot;,&quot;shutter_speed&quot;:&quot;0.00125&quot;,&quot;title&quot;:&quot;Fatima Scofield&quot;,&quot;orientation&quot;:&quot;0&quot;}\" data-image-title=\"Minas Trend Ver\u00e3o 2019 :: A fluidez de Fatima Scofield\" data-image-description=\"\" data-image-caption=\"&lt;p&gt;Minas Trend Ver\u00e3o 2019 :: A fluidez de Fatima Scofield &lt;\/p&gt;\n\" data-medium-file=\"https:\/\/i0.wp.com\/agrund.com\/wp-content\/uploads\/sites\/6\/2018\/04\/fsco_v19_0017-e1524003822737.jpg?fit=200%2C300&amp;ssl=1\" data-large-file=\"https:\/\/i0.wp.com\/agrund.com\/wp-content\/uploads\/sites\/6\/2018\/04\/fsco_v19_0017-e1524003822737.jpg?fit=683%2C1024&amp;ssl=1\" decoding=\"async\" loading=\"lazy\" class=\"size-full wp-image-180842\" src=\"https:\/\/i0.wp.com\/www.agrund.com\/wp-content\/uploads\/sites\/6\/2018\/04\/fsco_v19_0017-e1524003822737.jpg?resize=600%2C900\" alt=\"\" width=\"600\" height=\"900\" data-recalc-dims=\"1\" \/><p id=\"caption-attachment-180842\" class=\"wp-caption-text\">Minas Trend Ver\u00e3o 2019 :: A fluidez de Fatima Scofield<\/p><\/div>\n<div id=\"attachment_180843\" style=\"width: 610px\" class=\"wp-caption aligncenter\"><img aria-describedby=\"caption-attachment-180843\" data-attachment-id=\"180843\" data-permalink=\"https:\/\/agrund.com\/index.php\/minas-trend-verao-2019-a-fluidez-de-fatima-scofield\/fatima-scofield-3\/\" data-orig-file=\"https:\/\/i0.wp.com\/agrund.com\/wp-content\/uploads\/sites\/6\/2018\/04\/fsco_v19_0026-e1524003838787.jpg?fit=600%2C900&amp;ssl=1\" data-orig-size=\"600,900\" data-comments-opened=\"1\" data-image-meta=\"{&quot;aperture&quot;:&quot;5&quot;,&quot;credit&quot;:&quot;Ze Takahashi \\\/  FOTOSITE&quot;,&quot;camera&quot;:&quot;NIKON D500&quot;,&quot;caption&quot;:&quot;Fatima Scofield\\n\\nMinas Trend - Verao 2019\\n\\nFoto : Ze Takahashi \\\/  FOTOSITE&quot;,&quot;created_timestamp&quot;:&quot;1523986104&quot;,&quot;copyright&quot;:&quot;\\u00a9 FOTOSITE&quot;,&quot;focal_length&quot;:&quot;200&quot;,&quot;iso&quot;:&quot;800&quot;,&quot;shutter_speed&quot;:&quot;0.00125&quot;,&quot;title&quot;:&quot;Fatima Scofield&quot;,&quot;orientation&quot;:&quot;0&quot;}\" data-image-title=\"Minas Trend Ver\u00e3o 2019 :: A fluidez de Fatima Scofield\" data-image-description=\"\" data-image-caption=\"&lt;p&gt;Minas Trend Ver\u00e3o 2019 :: A fluidez de Fatima Scofield&lt;\/p&gt;\n\" data-medium-file=\"https:\/\/i0.wp.com\/agrund.com\/wp-content\/uploads\/sites\/6\/2018\/04\/fsco_v19_0026-e1524003838787.jpg?fit=200%2C300&amp;ssl=1\" data-large-file=\"https:\/\/i0.wp.com\/agrund.com\/wp-content\/uploads\/sites\/6\/2018\/04\/fsco_v19_0026-e1524003838787.jpg?fit=683%2C1024&amp;ssl=1\" decoding=\"async\" loading=\"lazy\" class=\"size-full wp-image-180843\" src=\"https:\/\/i0.wp.com\/www.agrund.com\/wp-content\/uploads\/sites\/6\/2018\/04\/fsco_v19_0026-e1524003838787.jpg?resize=600%2C900\" alt=\"\" width=\"600\" height=\"900\" data-recalc-dims=\"1\" \/><p id=\"caption-attachment-180843\" class=\"wp-caption-text\">Minas Trend Ver\u00e3o 2019 :: A fluidez de Fatima Scofield<\/p><\/div>\n<div id=\"attachment_180848\" style=\"width: 610px\" class=\"wp-caption aligncenter\"><img aria-describedby=\"caption-attachment-180848\" data-attachment-id=\"180848\" data-permalink=\"https:\/\/agrund.com\/index.php\/minas-trend-verao-2019-a-fluidez-de-fatima-scofield\/fsco_v19_0029\/\" data-orig-file=\"https:\/\/i0.wp.com\/agrund.com\/wp-content\/uploads\/sites\/6\/2018\/04\/fsco_v19_0029-e1524003975544.jpg?fit=600%2C900&amp;ssl=1\" data-orig-size=\"600,900\" data-comments-opened=\"1\" data-image-meta=\"{&quot;aperture&quot;:&quot;5&quot;,&quot;credit&quot;:&quot;&quot;,&quot;camera&quot;:&quot;NIKON D500&quot;,&quot;caption&quot;:&quot;&quot;,&quot;created_timestamp&quot;:&quot;1523986123&quot;,&quot;copyright&quot;:&quot;&quot;,&quot;focal_length&quot;:&quot;190&quot;,&quot;iso&quot;:&quot;800&quot;,&quot;shutter_speed&quot;:&quot;0.00125&quot;,&quot;title&quot;:&quot;&quot;,&quot;orientation&quot;:&quot;0&quot;}\" data-image-title=\"Minas Trend Ver\u00e3o 2019 :: A fluidez de Fatima Scofield\" data-image-description=\"\" data-image-caption=\"&lt;p&gt;Minas Trend Ver\u00e3o 2019 :: A fluidez de Fatima Scofield&lt;\/p&gt;\n\" data-medium-file=\"https:\/\/i0.wp.com\/agrund.com\/wp-content\/uploads\/sites\/6\/2018\/04\/fsco_v19_0029-e1524003975544.jpg?fit=200%2C300&amp;ssl=1\" data-large-file=\"https:\/\/i0.wp.com\/agrund.com\/wp-content\/uploads\/sites\/6\/2018\/04\/fsco_v19_0029-e1524003975544.jpg?fit=683%2C1024&amp;ssl=1\" decoding=\"async\" loading=\"lazy\" class=\"size-full wp-image-180848\" src=\"https:\/\/i0.wp.com\/www.agrund.com\/wp-content\/uploads\/sites\/6\/2018\/04\/fsco_v19_0029-e1524003975544.jpg?resize=600%2C900\" alt=\"\" width=\"600\" height=\"900\" data-recalc-dims=\"1\" \/><p id=\"caption-attachment-180848\" class=\"wp-caption-text\">Minas Trend Ver\u00e3o 2019 :: A fluidez de Fatima Scofield<\/p><\/div>\n<div id=\"attachment_180844\" style=\"width: 610px\" class=\"wp-caption aligncenter\"><img aria-describedby=\"caption-attachment-180844\" data-attachment-id=\"180844\" data-permalink=\"https:\/\/agrund.com\/index.php\/minas-trend-verao-2019-a-fluidez-de-fatima-scofield\/fatima-scofield-4\/\" data-orig-file=\"https:\/\/i0.wp.com\/agrund.com\/wp-content\/uploads\/sites\/6\/2018\/04\/fsco_v19_0032-e1524003860718.jpg?fit=600%2C900&amp;ssl=1\" data-orig-size=\"600,900\" data-comments-opened=\"1\" data-image-meta=\"{&quot;aperture&quot;:&quot;5&quot;,&quot;credit&quot;:&quot;Ze Takahashi \\\/  FOTOSITE&quot;,&quot;camera&quot;:&quot;NIKON D500&quot;,&quot;caption&quot;:&quot;Fatima Scofield\\n\\nMinas Trend - Verao 2019\\n\\nFoto : Ze Takahashi \\\/  FOTOSITE&quot;,&quot;created_timestamp&quot;:&quot;1523986137&quot;,&quot;copyright&quot;:&quot;\\u00a9 FOTOSITE&quot;,&quot;focal_length&quot;:&quot;200&quot;,&quot;iso&quot;:&quot;800&quot;,&quot;shutter_speed&quot;:&quot;0.001&quot;,&quot;title&quot;:&quot;Fatima Scofield&quot;,&quot;orientation&quot;:&quot;0&quot;}\" data-image-title=\"Minas Trend Ver\u00e3o 2019 :: A fluidez de Fatima Scofield\" data-image-description=\"\" data-image-caption=\"&lt;p&gt;Minas Trend Ver\u00e3o 2019 :: A fluidez de Fatima Scofield &lt;\/p&gt;\n\" data-medium-file=\"https:\/\/i0.wp.com\/agrund.com\/wp-content\/uploads\/sites\/6\/2018\/04\/fsco_v19_0032-e1524003860718.jpg?fit=200%2C300&amp;ssl=1\" data-large-file=\"https:\/\/i0.wp.com\/agrund.com\/wp-content\/uploads\/sites\/6\/2018\/04\/fsco_v19_0032-e1524003860718.jpg?fit=683%2C1024&amp;ssl=1\" decoding=\"async\" loading=\"lazy\" class=\"size-full wp-image-180844\" src=\"https:\/\/i0.wp.com\/www.agrund.com\/wp-content\/uploads\/sites\/6\/2018\/04\/fsco_v19_0032-e1524003860718.jpg?resize=600%2C900\" alt=\"\" width=\"600\" height=\"900\" data-recalc-dims=\"1\" \/><p id=\"caption-attachment-180844\" class=\"wp-caption-text\">Minas Trend Ver\u00e3o 2019 :: A fluidez de Fatima Scofield<\/p><\/div>\n<div id=\"attachment_180845\" style=\"width: 610px\" class=\"wp-caption aligncenter\"><img aria-describedby=\"caption-attachment-180845\" data-attachment-id=\"180845\" data-permalink=\"https:\/\/agrund.com\/index.php\/minas-trend-verao-2019-a-fluidez-de-fatima-scofield\/fatima-scofield-5\/\" data-orig-file=\"https:\/\/i0.wp.com\/agrund.com\/wp-content\/uploads\/sites\/6\/2018\/04\/fsco_v19_0041-e1524003876418.jpg?fit=600%2C900&amp;ssl=1\" data-orig-size=\"600,900\" data-comments-opened=\"1\" data-image-meta=\"{&quot;aperture&quot;:&quot;5&quot;,&quot;credit&quot;:&quot;Ze Takahashi \\\/  FOTOSITE&quot;,&quot;camera&quot;:&quot;NIKON D500&quot;,&quot;caption&quot;:&quot;Fatima Scofield\\n\\nMinas Trend - Verao 2019\\n\\nFoto : Ze Takahashi \\\/  FOTOSITE&quot;,&quot;created_timestamp&quot;:&quot;1523986184&quot;,&quot;copyright&quot;:&quot;\\u00a9 FOTOSITE&quot;,&quot;focal_length&quot;:&quot;195&quot;,&quot;iso&quot;:&quot;800&quot;,&quot;shutter_speed&quot;:&quot;0.00125&quot;,&quot;title&quot;:&quot;Fatima Scofield&quot;,&quot;orientation&quot;:&quot;0&quot;}\" data-image-title=\"Minas Trend Ver\u00e3o 2019 :: A fluidez de Fatima Scofield\" data-image-description=\"\" data-image-caption=\"&lt;p&gt;Minas Trend Ver\u00e3o 2019 :: A fluidez de Fatima Scofield &lt;\/p&gt;\n\" data-medium-file=\"https:\/\/i0.wp.com\/agrund.com\/wp-content\/uploads\/sites\/6\/2018\/04\/fsco_v19_0041-e1524003876418.jpg?fit=200%2C300&amp;ssl=1\" data-large-file=\"https:\/\/i0.wp.com\/agrund.com\/wp-content\/uploads\/sites\/6\/2018\/04\/fsco_v19_0041-e1524003876418.jpg?fit=683%2C1024&amp;ssl=1\" decoding=\"async\" loading=\"lazy\" class=\"size-full wp-image-180845\" src=\"https:\/\/i0.wp.com\/www.agrund.com\/wp-content\/uploads\/sites\/6\/2018\/04\/fsco_v19_0041-e1524003876418.jpg?resize=600%2C900\" alt=\"\" width=\"600\" height=\"900\" data-recalc-dims=\"1\" \/><p id=\"caption-attachment-180845\" class=\"wp-caption-text\">Minas Trend Ver\u00e3o 2019 :: A fluidez de Fatima Scofield<\/p><\/div>\n<div id=\"attachment_180846\" style=\"width: 610px\" class=\"wp-caption aligncenter\"><img aria-describedby=\"caption-attachment-180846\" data-attachment-id=\"180846\" data-permalink=\"https:\/\/agrund.com\/index.php\/minas-trend-verao-2019-a-fluidez-de-fatima-scofield\/fsco_v19_0047\/\" data-orig-file=\"https:\/\/i0.wp.com\/agrund.com\/wp-content\/uploads\/sites\/6\/2018\/04\/fsco_v19_0047-e1524003896284.jpg?fit=600%2C900&amp;ssl=1\" data-orig-size=\"600,900\" data-comments-opened=\"1\" data-image-meta=\"{&quot;aperture&quot;:&quot;5&quot;,&quot;credit&quot;:&quot;&quot;,&quot;camera&quot;:&quot;NIKON D500&quot;,&quot;caption&quot;:&quot;&quot;,&quot;created_timestamp&quot;:&quot;1523986220&quot;,&quot;copyright&quot;:&quot;&quot;,&quot;focal_length&quot;:&quot;140&quot;,&quot;iso&quot;:&quot;800&quot;,&quot;shutter_speed&quot;:&quot;0.00125&quot;,&quot;title&quot;:&quot;&quot;,&quot;orientation&quot;:&quot;0&quot;}\" data-image-title=\"Minas Trend Ver\u00e3o 2019 :: A fluidez de Fatima Scofield\" data-image-description=\"\" data-image-caption=\"&lt;p&gt;Minas Trend Ver\u00e3o 2019 :: A fluidez de Fatima Scofield&lt;\/p&gt;\n\" data-medium-file=\"https:\/\/i0.wp.com\/agrund.com\/wp-content\/uploads\/sites\/6\/2018\/04\/fsco_v19_0047-e1524003896284.jpg?fit=200%2C300&amp;ssl=1\" data-large-file=\"https:\/\/i0.wp.com\/agrund.com\/wp-content\/uploads\/sites\/6\/2018\/04\/fsco_v19_0047-e1524003896284.jpg?fit=683%2C1024&amp;ssl=1\" decoding=\"async\" loading=\"lazy\" class=\"size-full wp-image-180846\" src=\"https:\/\/i0.wp.com\/www.agrund.com\/wp-content\/uploads\/sites\/6\/2018\/04\/fsco_v19_0047-e1524003896284.jpg?resize=600%2C900\" alt=\"\" width=\"600\" height=\"900\" data-recalc-dims=\"1\" \/><p id=\"caption-attachment-180846\" class=\"wp-caption-text\">Minas Trend Ver\u00e3o 2019 :: A fluidez de Fatima Scofield<\/p><\/div>\n<div id=\"attachment_180847\" style=\"width: 610px\" class=\"wp-caption aligncenter\"><img aria-describedby=\"caption-attachment-180847\" data-attachment-id=\"180847\" data-permalink=\"https:\/\/agrund.com\/index.php\/minas-trend-verao-2019-a-fluidez-de-fatima-scofield\/fatima-scofield-6\/\" data-orig-file=\"https:\/\/i0.wp.com\/agrund.com\/wp-content\/uploads\/sites\/6\/2018\/04\/fsco_v19_0059-e1524003922984.jpg?fit=600%2C900&amp;ssl=1\" data-orig-size=\"600,900\" data-comments-opened=\"1\" data-image-meta=\"{&quot;aperture&quot;:&quot;5&quot;,&quot;credit&quot;:&quot;Ze Takahashi \\\/  FOTOSITE&quot;,&quot;camera&quot;:&quot;NIKON D500&quot;,&quot;caption&quot;:&quot;Fatima Scofield\\n\\nMinas Trend - Verao 2019\\n\\nFoto : Ze Takahashi \\\/  FOTOSITE&quot;,&quot;created_timestamp&quot;:&quot;1523986289&quot;,&quot;copyright&quot;:&quot;\\u00a9 FOTOSITE&quot;,&quot;focal_length&quot;:&quot;160&quot;,&quot;iso&quot;:&quot;800&quot;,&quot;shutter_speed&quot;:&quot;0.001&quot;,&quot;title&quot;:&quot;Fatima Scofield&quot;,&quot;orientation&quot;:&quot;0&quot;}\" data-image-title=\"Minas Trend Ver\u00e3o 2019 :: A fluidez de Fatima Scofield\" data-image-description=\"\" data-image-caption=\"&lt;p&gt;Minas Trend Ver\u00e3o 2019 :: A fluidez de Fatima Scofield &lt;\/p&gt;\n\" data-medium-file=\"https:\/\/i0.wp.com\/agrund.com\/wp-content\/uploads\/sites\/6\/2018\/04\/fsco_v19_0059-e1524003922984.jpg?fit=200%2C300&amp;ssl=1\" data-large-file=\"https:\/\/i0.wp.com\/agrund.com\/wp-content\/uploads\/sites\/6\/2018\/04\/fsco_v19_0059-e1524003922984.jpg?fit=683%2C1024&amp;ssl=1\" decoding=\"async\" loading=\"lazy\" class=\"size-full wp-image-180847\" src=\"https:\/\/i0.wp.com\/www.agrund.com\/wp-content\/uploads\/sites\/6\/2018\/04\/fsco_v19_0059-e1524003922984.jpg?resize=600%2C900\" alt=\"\" width=\"600\" height=\"900\" data-recalc-dims=\"1\" \/><p id=\"caption-attachment-180847\" class=\"wp-caption-text\">Minas Trend Ver\u00e3o 2019 :: A fluidez de Fatima Scofield<\/p><\/div>\n<p>Fotos: Divulga\u00e7\u00e3o\/ Ag\u00eancia Fotosite.<\/p>\n","protected":false},"excerpt":{"rendered":"<p>Texto por Thay Sanqueta Edi\u00e7\u00e3o por Rafaela Piovezani Fatima Scofield comemora seus 30 anos com a sua estreia no Minas Trend, sendo a primeira marca a apresentar a cole\u00e7\u00e3o de primavera\/ver\u00e3o 2019 nesta temporada. O que vi na passarela foi muito al\u00e9m da \u201cpoesia\u201d que estava no release. A marca apostou em muita fluidez, trazendo [&hellip;]<\/p>\n","protected":false},"author":8,"featured_media":180849,"comment_status":"open","ping_status":"open","sticky":false,"template":"","format":"standard","meta":{"jetpack_post_was_ever_published":false,"_jetpack_newsletter_access":"","jetpack_publicize_message":"","jetpack_is_tweetstorm":false,"jetpack_publicize_feature_enabled":true,"jetpack_social_post_already_shared":true,"jetpack_social_options":{"image_generator_settings":{"template":"highway","enabled":false}}},"categories":[9,2],"tags":[],"jetpack_publicize_connections":[],"jetpack_featured_media_url":"https:\/\/i0.wp.com\/agrund.com\/wp-content\/uploads\/sites\/6\/2018\/04\/sf.jpg?fit=960%2C300&ssl=1","jetpack_sharing_enabled":true,"jetpack_shortlink":"https:\/\/wp.me\/p3Hz0n-L2K","jetpack_likes_enabled":true,"_links":{"self":[{"href":"https:\/\/agrund.com\/index.php\/wp-json\/wp\/v2\/posts\/180838"}],"collection":[{"href":"https:\/\/agrund.com\/index.php\/wp-json\/wp\/v2\/posts"}],"about":[{"href":"https:\/\/agrund.com\/index.php\/wp-json\/wp\/v2\/types\/post"}],"author":[{"embeddable":true,"href":"https:\/\/agrund.com\/index.php\/wp-json\/wp\/v2\/users\/8"}],"replies":[{"embeddable":true,"href":"https:\/\/agrund.com\/index.php\/wp-json\/wp\/v2\/comments?post=180838"}],"version-history":[{"count":0,"href":"https:\/\/agrund.com\/index.php\/wp-json\/wp\/v2\/posts\/180838\/revisions"}],"wp:featuredmedia":[{"embeddable":true,"href":"https:\/\/agrund.com\/index.php\/wp-json\/wp\/v2\/media\/180849"}],"wp:attachment":[{"href":"https:\/\/agrund.com\/index.php\/wp-json\/wp\/v2\/media?parent=180838"}],"wp:term":[{"taxonomy":"category","embeddable":true,"href":"https:\/\/agrund.com\/index.php\/wp-json\/wp\/v2\/categories?post=180838"},{"taxonomy":"post_tag","embeddable":true,"href":"https:\/\/agrund.com\/index.php\/wp-json\/wp\/v2\/tags?post=180838"}],"curies":[{"name":"wp","href":"https:\/\/api.w.org\/{rel}","templated":true}]}}