{"id":180812,"date":"2018-04-17T16:52:20","date_gmt":"2018-04-17T19:52:20","guid":{"rendered":"http:\/\/www.agrund.com\/?p=180812"},"modified":"2018-04-17T16:52:20","modified_gmt":"2018-04-17T19:52:20","slug":"minas-trend-verao-2019-nosso-lugar-somos-nos","status":"publish","type":"post","link":"https:\/\/agrund.com\/index.php\/minas-trend-verao-2019-nosso-lugar-somos-nos\/","title":{"rendered":"Minas Trend Ver\u00e3o 2019 :: &#8216;Nosso Lugar Somos N\u00f3s&#8217;"},"content":{"rendered":"<p>Texto por Rafaela Piovezani<\/p>\n<p>Voc\u00eas est\u00e3o prontos para acompanhar mais uma semana de moda aqui no Agrund.com? Hoje acontece o primeiro dia de desfiles do Minas Trend, mas antes de qualquer coisa, queremos contar para voc\u00eas qual o tema desta edi\u00e7\u00e3o primavera\/ver\u00e3o 2019.<\/p>\n<p>Mergulhando nas riquezas hist\u00f3ricas, culturais e geogr\u00e1ficas de Minas Gerais, principalmente no sert\u00e3o mineiro, suas paisagens e habitantes, o evento chegou ao \u2019Nosso Lugar Somos N\u00f3s\u2019.<\/p>\n<p>\u201cEssas pessoas desenvolveram uma rela\u00e7\u00e3o afetiva com o meio ambiente, com o espa\u00e7o onde vivem, e s\u00e3o capazes de entender que fazem parte, mas n\u00e3o dominam esse lugar. O tema \u2018Nosso Lugar Somos N\u00f3s\u2019 n\u00e3o \u00e9 um alerta, mas, sim, uma abordagem po\u00e9tica sobre a necessidade do retorno dessa rela\u00e7\u00e3o espont\u00e2nea e interativa com a natureza\u201d, contou Pedro L\u00e1zaro, diretor criativo do evento.<\/p>\n<p>S\u00e3o essas refer\u00eancias est\u00e9ticas que adentraram a passarela no desfile de abertura desta 22\u00aa edi\u00e7\u00e3o do Minas Trend. Uma celebra\u00e7\u00e3o do sert\u00e3o e da natureza!<\/p>\n<p>Outro detalhe muito importante \u00e9 a obra de Liliane Dardot &#8211; artista pl\u00e1stica contempor\u00e2nea -, muito conhecida por suas instala\u00e7\u00f5es com areia do Rio das Velhas. Aqui somos recepcionadas logo na entrada com um ch\u00e3o de areia com os nomes populares das plantas do Cerrado mineiro, o que nos remete aos tradicionais tapetes de rua das prociss\u00f5es de Corpus Christi.<\/p>\n<p>\u201cNormalmente, damos apelidos a pessoas queridas e a instala\u00e7\u00e3o de Liliane simboliza a afetividade com a natureza e o local onde vivem. Nomes populares de plantas &#8211; como \u2018carrancuda\u2019, \u2018triste flor\u2019, \u2018\u00e1rvore de vaca\u2019 ou \u2018Jo\u00e3o Leite\u2019-, entre outros, surgem para evidenciar essa rela\u00e7\u00e3o afetiva e respeitosa com o meio ambiente\u201d, explicou Pedro L\u00e1zaro.<\/p>\n<div id=\"attachment_180813\" style=\"width: 610px\" class=\"wp-caption aligncenter\"><img aria-describedby=\"caption-attachment-180813\" data-attachment-id=\"180813\" data-permalink=\"https:\/\/agrund.com\/index.php\/minas-trend-verao-2019-nosso-lugar-somos-nos\/abet_v19_0007\/\" data-orig-file=\"https:\/\/i0.wp.com\/agrund.com\/wp-content\/uploads\/sites\/6\/2018\/04\/abet_v19_0007-e1523994350237.jpg?fit=600%2C900&amp;ssl=1\" data-orig-size=\"600,900\" data-comments-opened=\"1\" data-image-meta=\"{&quot;aperture&quot;:&quot;5.6&quot;,&quot;credit&quot;:&quot;&quot;,&quot;camera&quot;:&quot;NIKON D500&quot;,&quot;caption&quot;:&quot;&quot;,&quot;created_timestamp&quot;:&quot;1523919126&quot;,&quot;copyright&quot;:&quot;&quot;,&quot;focal_length&quot;:&quot;200&quot;,&quot;iso&quot;:&quot;800&quot;,&quot;shutter_speed&quot;:&quot;0.00125&quot;,&quot;title&quot;:&quot;&quot;,&quot;orientation&quot;:&quot;0&quot;}\" data-image-title=\"Minas Trend Ver\u00e3o 2019 :: &#8216;Nosso Lugar Somos N\u00f3s&#8217;\" data-image-description=\"\" data-image-caption=\"&lt;p&gt;Minas Trend Ver\u00e3o 2019 :: &#8216;Nosso Lugar Somos N\u00f3s&#8217;&lt;\/p&gt;\n\" data-medium-file=\"https:\/\/i0.wp.com\/agrund.com\/wp-content\/uploads\/sites\/6\/2018\/04\/abet_v19_0007-e1523994350237.jpg?fit=200%2C300&amp;ssl=1\" data-large-file=\"https:\/\/i0.wp.com\/agrund.com\/wp-content\/uploads\/sites\/6\/2018\/04\/abet_v19_0007-e1523994350237.jpg?fit=683%2C1024&amp;ssl=1\" decoding=\"async\" loading=\"lazy\" class=\"size-full wp-image-180813\" src=\"https:\/\/i0.wp.com\/www.agrund.com\/wp-content\/uploads\/sites\/6\/2018\/04\/abet_v19_0007-e1523994350237.jpg?resize=600%2C900\" alt=\"\" width=\"600\" height=\"900\" data-recalc-dims=\"1\" \/><p id=\"caption-attachment-180813\" class=\"wp-caption-text\">Minas Trend Ver\u00e3o 2019 :: &#8216;Nosso Lugar Somos N\u00f3s&#8217;<\/p><\/div>\n<div id=\"attachment_180814\" style=\"width: 610px\" class=\"wp-caption aligncenter\"><img aria-describedby=\"caption-attachment-180814\" data-attachment-id=\"180814\" data-permalink=\"https:\/\/agrund.com\/index.php\/minas-trend-verao-2019-nosso-lugar-somos-nos\/abertura-35\/\" data-orig-file=\"https:\/\/i0.wp.com\/agrund.com\/wp-content\/uploads\/sites\/6\/2018\/04\/abet_v19_0019.jpg?fit=800%2C1200&amp;ssl=1\" data-orig-size=\"800,1200\" data-comments-opened=\"1\" data-image-meta=\"{&quot;aperture&quot;:&quot;5.6&quot;,&quot;credit&quot;:&quot;Ze Takahashi \\\/  FOTOSITE&quot;,&quot;camera&quot;:&quot;NIKON D500&quot;,&quot;caption&quot;:&quot;Abertura\\n\\nMinas Trend - Verao 2019\\n\\nFoto : Ze Takahashi \\\/  FOTOSITE&quot;,&quot;created_timestamp&quot;:&quot;1523919166&quot;,&quot;copyright&quot;:&quot;\\u00a9 FOTOSITE&quot;,&quot;focal_length&quot;:&quot;135&quot;,&quot;iso&quot;:&quot;800&quot;,&quot;shutter_speed&quot;:&quot;0.00125&quot;,&quot;title&quot;:&quot;Abertura&quot;,&quot;orientation&quot;:&quot;0&quot;}\" data-image-title=\"Minas Trend Ver\u00e3o 2019 :: &#8216;Nosso Lugar Somos N\u00f3s&#8217;\" data-image-description=\"\" data-image-caption=\"&lt;p&gt;Minas Trend Ver\u00e3o 2019 :: &#8216;Nosso Lugar Somos N\u00f3s&#8217;&lt;\/p&gt;\n\" data-medium-file=\"https:\/\/i0.wp.com\/agrund.com\/wp-content\/uploads\/sites\/6\/2018\/04\/abet_v19_0019.jpg?fit=200%2C300&amp;ssl=1\" data-large-file=\"https:\/\/i0.wp.com\/agrund.com\/wp-content\/uploads\/sites\/6\/2018\/04\/abet_v19_0019.jpg?fit=683%2C1024&amp;ssl=1\" decoding=\"async\" loading=\"lazy\" class=\"wp-image-180814\" src=\"https:\/\/i0.wp.com\/www.agrund.com\/wp-content\/uploads\/sites\/6\/2018\/04\/abet_v19_0019.jpg?resize=600%2C900\" alt=\"\" width=\"600\" height=\"900\" srcset=\"https:\/\/i0.wp.com\/agrund.com\/wp-content\/uploads\/sites\/6\/2018\/04\/abet_v19_0019.jpg?w=800&amp;ssl=1 800w, https:\/\/i0.wp.com\/agrund.com\/wp-content\/uploads\/sites\/6\/2018\/04\/abet_v19_0019.jpg?resize=200%2C300&amp;ssl=1 200w, https:\/\/i0.wp.com\/agrund.com\/wp-content\/uploads\/sites\/6\/2018\/04\/abet_v19_0019.jpg?resize=683%2C1024&amp;ssl=1 683w\" sizes=\"(max-width: 600px) 100vw, 600px\" data-recalc-dims=\"1\" \/><p id=\"caption-attachment-180814\" class=\"wp-caption-text\">Minas Trend Ver\u00e3o 2019 :: &#8216;Nosso Lugar Somos N\u00f3s&#8217;<\/p><\/div>\n<div id=\"attachment_180815\" style=\"width: 610px\" class=\"wp-caption aligncenter\"><img aria-describedby=\"caption-attachment-180815\" data-attachment-id=\"180815\" data-permalink=\"https:\/\/agrund.com\/index.php\/minas-trend-verao-2019-nosso-lugar-somos-nos\/abertura-36\/\" data-orig-file=\"https:\/\/i0.wp.com\/agrund.com\/wp-content\/uploads\/sites\/6\/2018\/04\/abet_v19_0025-e1523994430327.jpg?fit=600%2C900&amp;ssl=1\" data-orig-size=\"600,900\" data-comments-opened=\"1\" data-image-meta=\"{&quot;aperture&quot;:&quot;5.6&quot;,&quot;credit&quot;:&quot;Ze Takahashi \\\/  FOTOSITE&quot;,&quot;camera&quot;:&quot;NIKON D500&quot;,&quot;caption&quot;:&quot;Abertura\\n\\nMinas Trend - Verao 2019\\n\\nFoto : Ze Takahashi \\\/  FOTOSITE&quot;,&quot;created_timestamp&quot;:&quot;1523919181&quot;,&quot;copyright&quot;:&quot;\\u00a9 FOTOSITE&quot;,&quot;focal_length&quot;:&quot;92&quot;,&quot;iso&quot;:&quot;800&quot;,&quot;shutter_speed&quot;:&quot;0.00125&quot;,&quot;title&quot;:&quot;Abertura&quot;,&quot;orientation&quot;:&quot;0&quot;}\" data-image-title=\"Minas Trend Ver\u00e3o 2019 :: &#8216;Nosso Lugar Somos N\u00f3s&#8217;\" data-image-description=\"\" data-image-caption=\"&lt;p&gt;Minas Trend Ver\u00e3o 2019 :: &#8216;Nosso Lugar Somos N\u00f3s&#8217; &lt;\/p&gt;\n\" data-medium-file=\"https:\/\/i0.wp.com\/agrund.com\/wp-content\/uploads\/sites\/6\/2018\/04\/abet_v19_0025-e1523994430327.jpg?fit=200%2C300&amp;ssl=1\" data-large-file=\"https:\/\/i0.wp.com\/agrund.com\/wp-content\/uploads\/sites\/6\/2018\/04\/abet_v19_0025-e1523994430327.jpg?fit=683%2C1024&amp;ssl=1\" decoding=\"async\" loading=\"lazy\" class=\"size-full wp-image-180815\" src=\"https:\/\/i0.wp.com\/www.agrund.com\/wp-content\/uploads\/sites\/6\/2018\/04\/abet_v19_0025-e1523994430327.jpg?resize=600%2C900\" alt=\"\" width=\"600\" height=\"900\" data-recalc-dims=\"1\" \/><p id=\"caption-attachment-180815\" class=\"wp-caption-text\">Minas Trend Ver\u00e3o 2019 :: &#8216;Nosso Lugar Somos N\u00f3s&#8217;<\/p><\/div>\n<div id=\"attachment_180816\" style=\"width: 610px\" class=\"wp-caption aligncenter\"><img aria-describedby=\"caption-attachment-180816\" data-attachment-id=\"180816\" data-permalink=\"https:\/\/agrund.com\/index.php\/minas-trend-verao-2019-nosso-lugar-somos-nos\/abertura-37\/\" data-orig-file=\"https:\/\/i0.wp.com\/agrund.com\/wp-content\/uploads\/sites\/6\/2018\/04\/abet_v19_0037-e1523994454920.jpg?fit=600%2C900&amp;ssl=1\" data-orig-size=\"600,900\" data-comments-opened=\"1\" data-image-meta=\"{&quot;aperture&quot;:&quot;5.6&quot;,&quot;credit&quot;:&quot;Ze Takahashi \\\/  FOTOSITE&quot;,&quot;camera&quot;:&quot;NIKON D500&quot;,&quot;caption&quot;:&quot;Abertura\\n\\nMinas Trend - Verao 2019\\n\\nFoto : Ze Takahashi \\\/  FOTOSITE&quot;,&quot;created_timestamp&quot;:&quot;1523919217&quot;,&quot;copyright&quot;:&quot;\\u00a9 FOTOSITE&quot;,&quot;focal_length&quot;:&quot;120&quot;,&quot;iso&quot;:&quot;800&quot;,&quot;shutter_speed&quot;:&quot;0.00125&quot;,&quot;title&quot;:&quot;Abertura&quot;,&quot;orientation&quot;:&quot;0&quot;}\" data-image-title=\"Minas Trend Ver\u00e3o 2019 :: &#8216;Nosso Lugar Somos N\u00f3s&#8217;\" data-image-description=\"\" data-image-caption=\"&lt;p&gt;Minas Trend Ver\u00e3o 2019 :: &#8216;Nosso Lugar Somos N\u00f3s&#8217; &lt;\/p&gt;\n\" data-medium-file=\"https:\/\/i0.wp.com\/agrund.com\/wp-content\/uploads\/sites\/6\/2018\/04\/abet_v19_0037-e1523994454920.jpg?fit=200%2C300&amp;ssl=1\" data-large-file=\"https:\/\/i0.wp.com\/agrund.com\/wp-content\/uploads\/sites\/6\/2018\/04\/abet_v19_0037-e1523994454920.jpg?fit=683%2C1024&amp;ssl=1\" decoding=\"async\" loading=\"lazy\" class=\"size-full wp-image-180816\" src=\"https:\/\/i0.wp.com\/www.agrund.com\/wp-content\/uploads\/sites\/6\/2018\/04\/abet_v19_0037-e1523994454920.jpg?resize=600%2C900\" alt=\"\" width=\"600\" height=\"900\" data-recalc-dims=\"1\" \/><p id=\"caption-attachment-180816\" class=\"wp-caption-text\">Minas Trend Ver\u00e3o 2019 :: &#8216;Nosso Lugar Somos N\u00f3s&#8217;<\/p><\/div>\n<div id=\"attachment_180817\" style=\"width: 610px\" class=\"wp-caption aligncenter\"><img aria-describedby=\"caption-attachment-180817\" data-attachment-id=\"180817\" data-permalink=\"https:\/\/agrund.com\/index.php\/minas-trend-verao-2019-nosso-lugar-somos-nos\/abertura-38\/\" data-orig-file=\"https:\/\/i0.wp.com\/agrund.com\/wp-content\/uploads\/sites\/6\/2018\/04\/abet_v19_0079-e1523994472870.jpg?fit=600%2C900&amp;ssl=1\" data-orig-size=\"600,900\" data-comments-opened=\"1\" data-image-meta=\"{&quot;aperture&quot;:&quot;5.6&quot;,&quot;credit&quot;:&quot;Ze Takahashi \\\/  FOTOSITE&quot;,&quot;camera&quot;:&quot;NIKON D500&quot;,&quot;caption&quot;:&quot;Abertura\\n\\nMinas Trend - Verao 2019\\n\\nFoto : Ze Takahashi \\\/  FOTOSITE&quot;,&quot;created_timestamp&quot;:&quot;1523919335&quot;,&quot;copyright&quot;:&quot;\\u00a9 FOTOSITE&quot;,&quot;focal_length&quot;:&quot;175&quot;,&quot;iso&quot;:&quot;800&quot;,&quot;shutter_speed&quot;:&quot;0.00125&quot;,&quot;title&quot;:&quot;Abertura&quot;,&quot;orientation&quot;:&quot;0&quot;}\" data-image-title=\"Minas Trend Ver\u00e3o 2019 :: &#8216;Nosso Lugar Somos N\u00f3s&#8217;\" data-image-description=\"\" data-image-caption=\"&lt;p&gt;Minas Trend Ver\u00e3o 2019 :: &#8216;Nosso Lugar Somos N\u00f3s&#8217; &lt;\/p&gt;\n\" data-medium-file=\"https:\/\/i0.wp.com\/agrund.com\/wp-content\/uploads\/sites\/6\/2018\/04\/abet_v19_0079-e1523994472870.jpg?fit=200%2C300&amp;ssl=1\" data-large-file=\"https:\/\/i0.wp.com\/agrund.com\/wp-content\/uploads\/sites\/6\/2018\/04\/abet_v19_0079-e1523994472870.jpg?fit=683%2C1024&amp;ssl=1\" decoding=\"async\" loading=\"lazy\" class=\"size-full wp-image-180817\" src=\"https:\/\/i0.wp.com\/www.agrund.com\/wp-content\/uploads\/sites\/6\/2018\/04\/abet_v19_0079-e1523994472870.jpg?resize=600%2C900\" alt=\"\" width=\"600\" height=\"900\" data-recalc-dims=\"1\" \/><p id=\"caption-attachment-180817\" class=\"wp-caption-text\">Minas Trend Ver\u00e3o 2019 :: &#8216;Nosso Lugar Somos N\u00f3s&#8217;<\/p><\/div>\n<div id=\"attachment_180820\" style=\"width: 610px\" class=\"wp-caption aligncenter\"><img aria-describedby=\"caption-attachment-180820\" data-attachment-id=\"180820\" data-permalink=\"https:\/\/agrund.com\/index.php\/minas-trend-verao-2019-nosso-lugar-somos-nos\/abertura-41\/\" data-orig-file=\"https:\/\/i0.wp.com\/agrund.com\/wp-content\/uploads\/sites\/6\/2018\/04\/abet_v19_0181-e1523994489269.jpg?fit=600%2C900&amp;ssl=1\" data-orig-size=\"600,900\" data-comments-opened=\"1\" data-image-meta=\"{&quot;aperture&quot;:&quot;5.6&quot;,&quot;credit&quot;:&quot;Ze Takahashi \\\/  FOTOSITE&quot;,&quot;camera&quot;:&quot;NIKON D500&quot;,&quot;caption&quot;:&quot;Abertura\\n\\nMinas Trend - Verao 2019\\n\\nFoto : Ze Takahashi \\\/  FOTOSITE&quot;,&quot;created_timestamp&quot;:&quot;1523919629&quot;,&quot;copyright&quot;:&quot;\\u00a9 FOTOSITE&quot;,&quot;focal_length&quot;:&quot;120&quot;,&quot;iso&quot;:&quot;800&quot;,&quot;shutter_speed&quot;:&quot;0.00125&quot;,&quot;title&quot;:&quot;Abertura&quot;,&quot;orientation&quot;:&quot;0&quot;}\" data-image-title=\"Minas Trend Ver\u00e3o 2019 :: &#8216;Nosso Lugar Somos N\u00f3s&#8217;\" data-image-description=\"\" data-image-caption=\"&lt;p&gt;Minas Trend Ver\u00e3o 2019 :: &#8216;Nosso Lugar Somos N\u00f3s&#8217; &lt;\/p&gt;\n\" data-medium-file=\"https:\/\/i0.wp.com\/agrund.com\/wp-content\/uploads\/sites\/6\/2018\/04\/abet_v19_0181-e1523994489269.jpg?fit=200%2C300&amp;ssl=1\" data-large-file=\"https:\/\/i0.wp.com\/agrund.com\/wp-content\/uploads\/sites\/6\/2018\/04\/abet_v19_0181-e1523994489269.jpg?fit=683%2C1024&amp;ssl=1\" decoding=\"async\" loading=\"lazy\" class=\"size-full wp-image-180820\" src=\"https:\/\/i0.wp.com\/www.agrund.com\/wp-content\/uploads\/sites\/6\/2018\/04\/abet_v19_0181-e1523994489269.jpg?resize=600%2C900\" alt=\"\" width=\"600\" height=\"900\" data-recalc-dims=\"1\" \/><p id=\"caption-attachment-180820\" class=\"wp-caption-text\">Minas Trend Ver\u00e3o 2019 :: &#8216;Nosso Lugar Somos N\u00f3s&#8217;<\/p><\/div>\n<div id=\"attachment_180821\" style=\"width: 610px\" class=\"wp-caption aligncenter\"><img aria-describedby=\"caption-attachment-180821\" data-attachment-id=\"180821\" data-permalink=\"https:\/\/agrund.com\/index.php\/minas-trend-verao-2019-nosso-lugar-somos-nos\/abertura-42\/\" data-orig-file=\"https:\/\/i0.wp.com\/agrund.com\/wp-content\/uploads\/sites\/6\/2018\/04\/abet_v19_0184-e1523994505498.jpg?fit=600%2C900&amp;ssl=1\" data-orig-size=\"600,900\" data-comments-opened=\"1\" data-image-meta=\"{&quot;aperture&quot;:&quot;5.6&quot;,&quot;credit&quot;:&quot;Ze Takahashi \\\/  FOTOSITE&quot;,&quot;camera&quot;:&quot;NIKON D500&quot;,&quot;caption&quot;:&quot;Abertura\\n\\nMinas Trend - Verao 2019\\n\\nFoto : Ze Takahashi \\\/  FOTOSITE&quot;,&quot;created_timestamp&quot;:&quot;1523919636&quot;,&quot;copyright&quot;:&quot;\\u00a9 FOTOSITE&quot;,&quot;focal_length&quot;:&quot;145&quot;,&quot;iso&quot;:&quot;800&quot;,&quot;shutter_speed&quot;:&quot;0.00125&quot;,&quot;title&quot;:&quot;Abertura&quot;,&quot;orientation&quot;:&quot;0&quot;}\" data-image-title=\"Minas Trend Ver\u00e3o 2019 :: &#8216;Nosso Lugar Somos N\u00f3s&#8217;\" data-image-description=\"\" data-image-caption=\"&lt;p&gt;Minas Trend Ver\u00e3o 2019 :: &#8216;Nosso Lugar Somos N\u00f3s&#8217; &lt;\/p&gt;\n\" data-medium-file=\"https:\/\/i0.wp.com\/agrund.com\/wp-content\/uploads\/sites\/6\/2018\/04\/abet_v19_0184-e1523994505498.jpg?fit=200%2C300&amp;ssl=1\" data-large-file=\"https:\/\/i0.wp.com\/agrund.com\/wp-content\/uploads\/sites\/6\/2018\/04\/abet_v19_0184-e1523994505498.jpg?fit=683%2C1024&amp;ssl=1\" decoding=\"async\" loading=\"lazy\" class=\"size-full wp-image-180821\" src=\"https:\/\/i0.wp.com\/www.agrund.com\/wp-content\/uploads\/sites\/6\/2018\/04\/abet_v19_0184-e1523994505498.jpg?resize=600%2C900\" alt=\"\" width=\"600\" height=\"900\" data-recalc-dims=\"1\" \/><p id=\"caption-attachment-180821\" class=\"wp-caption-text\">Minas Trend Ver\u00e3o 2019 :: &#8216;Nosso Lugar Somos N\u00f3s&#8217;<\/p><\/div>\n<div id=\"attachment_180819\" style=\"width: 610px\" class=\"wp-caption aligncenter\"><img aria-describedby=\"caption-attachment-180819\" data-attachment-id=\"180819\" data-permalink=\"https:\/\/agrund.com\/index.php\/minas-trend-verao-2019-nosso-lugar-somos-nos\/abertura-40\/\" data-orig-file=\"https:\/\/i0.wp.com\/agrund.com\/wp-content\/uploads\/sites\/6\/2018\/04\/abet_v19_0115-e1523994529562.jpg?fit=600%2C900&amp;ssl=1\" data-orig-size=\"600,900\" data-comments-opened=\"1\" data-image-meta=\"{&quot;aperture&quot;:&quot;5.6&quot;,&quot;credit&quot;:&quot;Ze Takahashi \\\/  FOTOSITE&quot;,&quot;camera&quot;:&quot;NIKON D500&quot;,&quot;caption&quot;:&quot;Abertura\\n\\nMinas Trend - Verao 2019\\n\\nFoto : Ze Takahashi \\\/  FOTOSITE&quot;,&quot;created_timestamp&quot;:&quot;1523919439&quot;,&quot;copyright&quot;:&quot;\\u00a9 FOTOSITE&quot;,&quot;focal_length&quot;:&quot;190&quot;,&quot;iso&quot;:&quot;800&quot;,&quot;shutter_speed&quot;:&quot;0.00125&quot;,&quot;title&quot;:&quot;Abertura&quot;,&quot;orientation&quot;:&quot;0&quot;}\" data-image-title=\"Abertura\" data-image-description=\"\" data-image-caption=\"&lt;p&gt;Minas Trend Ver\u00e3o 2019 :: &#8216;Nosso Lugar Somos N\u00f3s&#8217;&lt;\/p&gt;\n\" data-medium-file=\"https:\/\/i0.wp.com\/agrund.com\/wp-content\/uploads\/sites\/6\/2018\/04\/abet_v19_0115-e1523994529562.jpg?fit=200%2C300&amp;ssl=1\" data-large-file=\"https:\/\/i0.wp.com\/agrund.com\/wp-content\/uploads\/sites\/6\/2018\/04\/abet_v19_0115-e1523994529562.jpg?fit=683%2C1024&amp;ssl=1\" decoding=\"async\" loading=\"lazy\" class=\"size-full wp-image-180819\" src=\"https:\/\/i0.wp.com\/www.agrund.com\/wp-content\/uploads\/sites\/6\/2018\/04\/abet_v19_0115-e1523994529562.jpg?resize=600%2C900\" alt=\"\" width=\"600\" height=\"900\" data-recalc-dims=\"1\" \/><p id=\"caption-attachment-180819\" class=\"wp-caption-text\">Minas Trend Ver\u00e3o 2019 :: &#8216;Nosso Lugar Somos N\u00f3s&#8217;<\/p><\/div>\n<div id=\"attachment_180818\" style=\"width: 610px\" class=\"wp-caption aligncenter\"><img aria-describedby=\"caption-attachment-180818\" data-attachment-id=\"180818\" data-permalink=\"https:\/\/agrund.com\/index.php\/minas-trend-verao-2019-nosso-lugar-somos-nos\/abertura-39\/\" data-orig-file=\"https:\/\/i0.wp.com\/agrund.com\/wp-content\/uploads\/sites\/6\/2018\/04\/abet_v19_0085-e1523994548873.jpg?fit=600%2C900&amp;ssl=1\" data-orig-size=\"600,900\" data-comments-opened=\"1\" data-image-meta=\"{&quot;aperture&quot;:&quot;5.6&quot;,&quot;credit&quot;:&quot;Ze Takahashi \\\/  FOTOSITE&quot;,&quot;camera&quot;:&quot;NIKON D500&quot;,&quot;caption&quot;:&quot;Abertura\\n\\nMinas Trend - Verao 2019\\n\\nFoto : Ze Takahashi \\\/  FOTOSITE&quot;,&quot;created_timestamp&quot;:&quot;1523919350&quot;,&quot;copyright&quot;:&quot;\\u00a9 FOTOSITE&quot;,&quot;focal_length&quot;:&quot;130&quot;,&quot;iso&quot;:&quot;800&quot;,&quot;shutter_speed&quot;:&quot;0.00125&quot;,&quot;title&quot;:&quot;Abertura&quot;,&quot;orientation&quot;:&quot;0&quot;}\" data-image-title=\"Minas Trend Ver\u00e3o 2019 :: &#8216;Nosso Lugar Somos N\u00f3s&#8217;\" data-image-description=\"\" data-image-caption=\"&lt;p&gt;Minas Trend Ver\u00e3o 2019 :: &#8216;Nosso Lugar Somos N\u00f3s&#8217; Abertura&lt;\/p&gt;\n&lt;p&gt;Minas Trend &#8211; Verao 2019&lt;\/p&gt;\n&lt;p&gt;Foto : Ze Takahashi \/  FOTOSITE&lt;\/p&gt;\n\" data-medium-file=\"https:\/\/i0.wp.com\/agrund.com\/wp-content\/uploads\/sites\/6\/2018\/04\/abet_v19_0085-e1523994548873.jpg?fit=200%2C300&amp;ssl=1\" data-large-file=\"https:\/\/i0.wp.com\/agrund.com\/wp-content\/uploads\/sites\/6\/2018\/04\/abet_v19_0085-e1523994548873.jpg?fit=683%2C1024&amp;ssl=1\" decoding=\"async\" loading=\"lazy\" class=\"size-full wp-image-180818\" src=\"https:\/\/i0.wp.com\/www.agrund.com\/wp-content\/uploads\/sites\/6\/2018\/04\/abet_v19_0085-e1523994548873.jpg?resize=600%2C900\" alt=\"\" width=\"600\" height=\"900\" data-recalc-dims=\"1\" \/><p id=\"caption-attachment-180818\" class=\"wp-caption-text\">Minas Trend Ver\u00e3o 2019 :: &#8216;Nosso Lugar Somos N\u00f3s&#8217;<\/p><\/div>\n<div id=\"attachment_180822\" style=\"width: 610px\" class=\"wp-caption aligncenter\"><img aria-describedby=\"caption-attachment-180822\" data-attachment-id=\"180822\" data-permalink=\"https:\/\/agrund.com\/index.php\/minas-trend-verao-2019-nosso-lugar-somos-nos\/img_3349\/\" data-orig-file=\"https:\/\/i0.wp.com\/agrund.com\/wp-content\/uploads\/sites\/6\/2018\/04\/IMG_3349.jpg?fit=600%2C400&amp;ssl=1\" data-orig-size=\"600,400\" data-comments-opened=\"1\" data-image-meta=\"{&quot;aperture&quot;:&quot;4&quot;,&quot;credit&quot;:&quot;&quot;,&quot;camera&quot;:&quot;Canon EOS REBEL T3i&quot;,&quot;caption&quot;:&quot;&quot;,&quot;created_timestamp&quot;:&quot;1523980585&quot;,&quot;copyright&quot;:&quot;&quot;,&quot;focal_length&quot;:&quot;18&quot;,&quot;iso&quot;:&quot;400&quot;,&quot;shutter_speed&quot;:&quot;0.0166666666667&quot;,&quot;title&quot;:&quot;&quot;,&quot;orientation&quot;:&quot;1&quot;}\" data-image-title=\"Minas Trend Ver\u00e3o 2019 :: &#8216;Nosso Lugar Somos N\u00f3s&#8217;\" data-image-description=\"\" data-image-caption=\"&lt;p&gt;Minas Trend Ver\u00e3o 2019 :: &#8216;Nosso Lugar Somos N\u00f3s&#8217;&lt;\/p&gt;\n\" data-medium-file=\"https:\/\/i0.wp.com\/agrund.com\/wp-content\/uploads\/sites\/6\/2018\/04\/IMG_3349.jpg?fit=300%2C200&amp;ssl=1\" data-large-file=\"https:\/\/i0.wp.com\/agrund.com\/wp-content\/uploads\/sites\/6\/2018\/04\/IMG_3349.jpg?fit=600%2C400&amp;ssl=1\" decoding=\"async\" loading=\"lazy\" class=\"size-full wp-image-180822\" src=\"https:\/\/i0.wp.com\/www.agrund.com\/wp-content\/uploads\/sites\/6\/2018\/04\/IMG_3349.jpg?resize=600%2C400\" alt=\"\" width=\"600\" height=\"400\" srcset=\"https:\/\/i0.wp.com\/agrund.com\/wp-content\/uploads\/sites\/6\/2018\/04\/IMG_3349.jpg?w=600&amp;ssl=1 600w, https:\/\/i0.wp.com\/agrund.com\/wp-content\/uploads\/sites\/6\/2018\/04\/IMG_3349.jpg?resize=300%2C200&amp;ssl=1 300w\" sizes=\"(max-width: 600px) 100vw, 600px\" data-recalc-dims=\"1\" \/><p id=\"caption-attachment-180822\" class=\"wp-caption-text\">Minas Trend Ver\u00e3o 2019 :: &#8216;Nosso Lugar Somos N\u00f3s&#8217;<\/p><\/div>\n<div id=\"attachment_180823\" style=\"width: 610px\" class=\"wp-caption aligncenter\"><img aria-describedby=\"caption-attachment-180823\" data-attachment-id=\"180823\" data-permalink=\"https:\/\/agrund.com\/index.php\/minas-trend-verao-2019-nosso-lugar-somos-nos\/img_3355-2\/\" data-orig-file=\"https:\/\/i0.wp.com\/agrund.com\/wp-content\/uploads\/sites\/6\/2018\/04\/IMG_3355.jpg?fit=600%2C400&amp;ssl=1\" data-orig-size=\"600,400\" data-comments-opened=\"1\" data-image-meta=\"{&quot;aperture&quot;:&quot;3.5&quot;,&quot;credit&quot;:&quot;&quot;,&quot;camera&quot;:&quot;Canon EOS REBEL T3i&quot;,&quot;caption&quot;:&quot;&quot;,&quot;created_timestamp&quot;:&quot;1523980619&quot;,&quot;copyright&quot;:&quot;&quot;,&quot;focal_length&quot;:&quot;18&quot;,&quot;iso&quot;:&quot;250&quot;,&quot;shutter_speed&quot;:&quot;0.0333333333333&quot;,&quot;title&quot;:&quot;&quot;,&quot;orientation&quot;:&quot;1&quot;}\" data-image-title=\"Minas Trend Ver\u00e3o 2019 :: &#8216;Nosso Lugar Somos N\u00f3s&#8217;\" data-image-description=\"\" data-image-caption=\"&lt;p&gt;Minas Trend Ver\u00e3o 2019 :: &#8216;Nosso Lugar Somos N\u00f3s&#8217;&lt;\/p&gt;\n\" data-medium-file=\"https:\/\/i0.wp.com\/agrund.com\/wp-content\/uploads\/sites\/6\/2018\/04\/IMG_3355.jpg?fit=300%2C200&amp;ssl=1\" data-large-file=\"https:\/\/i0.wp.com\/agrund.com\/wp-content\/uploads\/sites\/6\/2018\/04\/IMG_3355.jpg?fit=600%2C400&amp;ssl=1\" decoding=\"async\" loading=\"lazy\" class=\"size-full wp-image-180823\" src=\"https:\/\/i0.wp.com\/www.agrund.com\/wp-content\/uploads\/sites\/6\/2018\/04\/IMG_3355.jpg?resize=600%2C400\" alt=\"\" width=\"600\" height=\"400\" srcset=\"https:\/\/i0.wp.com\/agrund.com\/wp-content\/uploads\/sites\/6\/2018\/04\/IMG_3355.jpg?w=600&amp;ssl=1 600w, https:\/\/i0.wp.com\/agrund.com\/wp-content\/uploads\/sites\/6\/2018\/04\/IMG_3355.jpg?resize=300%2C200&amp;ssl=1 300w\" sizes=\"(max-width: 600px) 100vw, 600px\" data-recalc-dims=\"1\" \/><p id=\"caption-attachment-180823\" class=\"wp-caption-text\">Minas Trend Ver\u00e3o 2019 :: &#8216;Nosso Lugar Somos N\u00f3s&#8217;<\/p><\/div>\n<p>Fotos: Ag\u00eancia Fotosite e Thay Sanqueta.<\/p>\n","protected":false},"excerpt":{"rendered":"<p>Texto por Rafaela Piovezani Voc\u00eas est\u00e3o prontos para acompanhar mais uma semana de moda aqui no Agrund.com? Hoje acontece o primeiro dia de desfiles do Minas Trend, mas antes de qualquer coisa, queremos contar para voc\u00eas qual o tema desta edi\u00e7\u00e3o primavera\/ver\u00e3o 2019. Mergulhando nas riquezas hist\u00f3ricas, culturais e geogr\u00e1ficas de Minas Gerais, principalmente no [&hellip;]<\/p>\n","protected":false},"author":8,"featured_media":180825,"comment_status":"open","ping_status":"open","sticky":false,"template":"","format":"standard","meta":{"jetpack_post_was_ever_published":false,"_jetpack_newsletter_access":"","jetpack_publicize_message":"","jetpack_is_tweetstorm":false,"jetpack_publicize_feature_enabled":true,"jetpack_social_post_already_shared":true,"jetpack_social_options":{"image_generator_settings":{"template":"highway","enabled":false}}},"categories":[2],"tags":[],"jetpack_publicize_connections":[],"jetpack_featured_media_url":"https:\/\/i0.wp.com\/agrund.com\/wp-content\/uploads\/sites\/6\/2018\/04\/s-57.jpg?fit=960%2C300&ssl=1","jetpack_sharing_enabled":true,"jetpack_shortlink":"https:\/\/wp.me\/p3Hz0n-L2k","jetpack_likes_enabled":true,"_links":{"self":[{"href":"https:\/\/agrund.com\/index.php\/wp-json\/wp\/v2\/posts\/180812"}],"collection":[{"href":"https:\/\/agrund.com\/index.php\/wp-json\/wp\/v2\/posts"}],"about":[{"href":"https:\/\/agrund.com\/index.php\/wp-json\/wp\/v2\/types\/post"}],"author":[{"embeddable":true,"href":"https:\/\/agrund.com\/index.php\/wp-json\/wp\/v2\/users\/8"}],"replies":[{"embeddable":true,"href":"https:\/\/agrund.com\/index.php\/wp-json\/wp\/v2\/comments?post=180812"}],"version-history":[{"count":0,"href":"https:\/\/agrund.com\/index.php\/wp-json\/wp\/v2\/posts\/180812\/revisions"}],"wp:featuredmedia":[{"embeddable":true,"href":"https:\/\/agrund.com\/index.php\/wp-json\/wp\/v2\/media\/180825"}],"wp:attachment":[{"href":"https:\/\/agrund.com\/index.php\/wp-json\/wp\/v2\/media?parent=180812"}],"wp:term":[{"taxonomy":"category","embeddable":true,"href":"https:\/\/agrund.com\/index.php\/wp-json\/wp\/v2\/categories?post=180812"},{"taxonomy":"post_tag","embeddable":true,"href":"https:\/\/agrund.com\/index.php\/wp-json\/wp\/v2\/tags?post=180812"}],"curies":[{"name":"wp","href":"https:\/\/api.w.org\/{rel}","templated":true}]}}