{"id":180745,"date":"2018-04-16T11:00:31","date_gmt":"2018-04-16T14:00:31","guid":{"rendered":"http:\/\/www.agrund.com\/?p=180745"},"modified":"2018-04-16T11:32:06","modified_gmt":"2018-04-16T14:32:06","slug":"quem-assinou-os-looks-de-beyonce-no-coachella","status":"publish","type":"post","link":"https:\/\/agrund.com\/index.php\/quem-assinou-os-looks-de-beyonce-no-coachella\/","title":{"rendered":"Quem assinou os looks de Beyonc\u00e9 no Coachella?"},"content":{"rendered":"<p>Se voc\u00ea assistiu ao show de Beyonc\u00e9 no Coachella na internet ou acompanhou as redes sociais, percebeu que a cantora usou looks incr\u00edveis, n\u00e3o \u00e9 mesmo?<\/p>\n<p>Cada uma das pe\u00e7as foi criada especialmente para Bey por Olivier Rousteing, estilista da Balmain.<\/p>\n<p>De acordo com ele, a ideia da cantora era criar uma esp\u00e9cie de ex\u00e9rcito com seus 200 dan\u00e7arinos. Sim, Olivier criou os looks dos dan\u00e7arinos tamb\u00e9m!<\/p>\n<p>No show tamb\u00e9m vimos o reencontro do Destiny\u2019s Chil com Kelly Rowland e Michelle Williams, e o designer tamb\u00e9m criou os looks bordados que elas usaram.<\/p>\n<p>De acordo com as informa\u00e7\u00f5es divulgadas, o estilista viajou para Los Angeles e acompanhou de perto os ensaios para apresenta\u00e7\u00e3o a fim de encontrar o caimento perfeito para as pe\u00e7as e at\u00e9 a forma como a luz refletiria os bordados. Um trabalho primoroso!<\/p>\n<p>No total Beyonc\u00e9 fez cinco trocas de roupa e voc\u00ea confere os detalhes na galeria abaixo.<\/p>\n<div id=\"attachment_180756\" style=\"width: 610px\" class=\"wp-caption aligncenter\"><img aria-describedby=\"caption-attachment-180756\" data-attachment-id=\"180756\" data-permalink=\"https:\/\/agrund.com\/index.php\/quem-assinou-os-looks-de-beyonce-no-coachella\/11-166\/\" data-orig-file=\"https:\/\/i0.wp.com\/agrund.com\/wp-content\/uploads\/sites\/6\/2018\/04\/11-3.jpg?fit=600%2C597&amp;ssl=1\" data-orig-size=\"600,597\" data-comments-opened=\"1\" data-image-meta=\"{&quot;aperture&quot;:&quot;0&quot;,&quot;credit&quot;:&quot;&quot;,&quot;camera&quot;:&quot;&quot;,&quot;caption&quot;:&quot;&quot;,&quot;created_timestamp&quot;:&quot;0&quot;,&quot;copyright&quot;:&quot;&quot;,&quot;focal_length&quot;:&quot;0&quot;,&quot;iso&quot;:&quot;0&quot;,&quot;shutter_speed&quot;:&quot;0&quot;,&quot;title&quot;:&quot;&quot;,&quot;orientation&quot;:&quot;1&quot;}\" data-image-title=\"Quem assinou os looks de Beyonc\u00e9 no Coachella?\" data-image-description=\"\" data-image-caption=\"&lt;p&gt;Quem assinou os looks de Beyonc\u00e9 no Coachella?&lt;\/p&gt;\n\" data-medium-file=\"https:\/\/i0.wp.com\/agrund.com\/wp-content\/uploads\/sites\/6\/2018\/04\/11-3.jpg?fit=300%2C300&amp;ssl=1\" data-large-file=\"https:\/\/i0.wp.com\/agrund.com\/wp-content\/uploads\/sites\/6\/2018\/04\/11-3.jpg?fit=600%2C597&amp;ssl=1\" decoding=\"async\" loading=\"lazy\" class=\"size-full wp-image-180756\" src=\"https:\/\/i0.wp.com\/www.agrund.com\/wp-content\/uploads\/sites\/6\/2018\/04\/11-3.jpg?resize=600%2C597\" alt=\"\" width=\"600\" height=\"597\" srcset=\"https:\/\/i0.wp.com\/agrund.com\/wp-content\/uploads\/sites\/6\/2018\/04\/11-3.jpg?w=600&amp;ssl=1 600w, https:\/\/i0.wp.com\/agrund.com\/wp-content\/uploads\/sites\/6\/2018\/04\/11-3.jpg?resize=150%2C150&amp;ssl=1 150w, https:\/\/i0.wp.com\/agrund.com\/wp-content\/uploads\/sites\/6\/2018\/04\/11-3.jpg?resize=300%2C300&amp;ssl=1 300w\" sizes=\"(max-width: 600px) 100vw, 600px\" data-recalc-dims=\"1\" \/><p id=\"caption-attachment-180756\" class=\"wp-caption-text\">Quem assinou os looks de Beyonc\u00e9 no Coachella?<\/p><\/div>\n<div id=\"attachment_180752\" style=\"width: 610px\" class=\"wp-caption aligncenter\"><img aria-describedby=\"caption-attachment-180752\" data-attachment-id=\"180752\" data-permalink=\"https:\/\/agrund.com\/index.php\/quem-assinou-os-looks-de-beyonce-no-coachella\/7-828\/\" data-orig-file=\"https:\/\/i0.wp.com\/agrund.com\/wp-content\/uploads\/sites\/6\/2018\/04\/7-9.jpg?fit=600%2C754&amp;ssl=1\" data-orig-size=\"600,754\" data-comments-opened=\"1\" data-image-meta=\"{&quot;aperture&quot;:&quot;0&quot;,&quot;credit&quot;:&quot;&quot;,&quot;camera&quot;:&quot;&quot;,&quot;caption&quot;:&quot;&quot;,&quot;created_timestamp&quot;:&quot;0&quot;,&quot;copyright&quot;:&quot;&quot;,&quot;focal_length&quot;:&quot;0&quot;,&quot;iso&quot;:&quot;0&quot;,&quot;shutter_speed&quot;:&quot;0&quot;,&quot;title&quot;:&quot;&quot;,&quot;orientation&quot;:&quot;1&quot;}\" data-image-title=\"Quem assinou os looks de Beyonc\u00e9 no Coachella?\" data-image-description=\"\" data-image-caption=\"&lt;p&gt;Quem assinou os looks de Beyonc\u00e9 no Coachella?&lt;\/p&gt;\n\" data-medium-file=\"https:\/\/i0.wp.com\/agrund.com\/wp-content\/uploads\/sites\/6\/2018\/04\/7-9.jpg?fit=239%2C300&amp;ssl=1\" data-large-file=\"https:\/\/i0.wp.com\/agrund.com\/wp-content\/uploads\/sites\/6\/2018\/04\/7-9.jpg?fit=600%2C754&amp;ssl=1\" decoding=\"async\" loading=\"lazy\" class=\"size-full wp-image-180752\" src=\"https:\/\/i0.wp.com\/www.agrund.com\/wp-content\/uploads\/sites\/6\/2018\/04\/7-9.jpg?resize=600%2C754\" alt=\"\" width=\"600\" height=\"754\" srcset=\"https:\/\/i0.wp.com\/agrund.com\/wp-content\/uploads\/sites\/6\/2018\/04\/7-9.jpg?w=600&amp;ssl=1 600w, https:\/\/i0.wp.com\/agrund.com\/wp-content\/uploads\/sites\/6\/2018\/04\/7-9.jpg?resize=239%2C300&amp;ssl=1 239w\" sizes=\"(max-width: 600px) 100vw, 600px\" data-recalc-dims=\"1\" \/><p id=\"caption-attachment-180752\" class=\"wp-caption-text\">Quem assinou os looks de Beyonc\u00e9 no Coachella?<\/p><\/div>\n<div id=\"attachment_180751\" style=\"width: 610px\" class=\"wp-caption aligncenter\"><img aria-describedby=\"caption-attachment-180751\" data-attachment-id=\"180751\" data-permalink=\"https:\/\/agrund.com\/index.php\/quem-assinou-os-looks-de-beyonce-no-coachella\/6-952\/\" data-orig-file=\"https:\/\/i0.wp.com\/agrund.com\/wp-content\/uploads\/sites\/6\/2018\/04\/6-13.jpg?fit=600%2C747&amp;ssl=1\" data-orig-size=\"600,747\" data-comments-opened=\"1\" data-image-meta=\"{&quot;aperture&quot;:&quot;0&quot;,&quot;credit&quot;:&quot;&quot;,&quot;camera&quot;:&quot;&quot;,&quot;caption&quot;:&quot;&quot;,&quot;created_timestamp&quot;:&quot;0&quot;,&quot;copyright&quot;:&quot;&quot;,&quot;focal_length&quot;:&quot;0&quot;,&quot;iso&quot;:&quot;0&quot;,&quot;shutter_speed&quot;:&quot;0&quot;,&quot;title&quot;:&quot;&quot;,&quot;orientation&quot;:&quot;1&quot;}\" data-image-title=\"Quem assinou os looks de Beyonc\u00e9 no Coachella?\" data-image-description=\"\" data-image-caption=\"&lt;p&gt;Quem assinou os looks de Beyonc\u00e9 no Coachella?&lt;\/p&gt;\n\" data-medium-file=\"https:\/\/i0.wp.com\/agrund.com\/wp-content\/uploads\/sites\/6\/2018\/04\/6-13.jpg?fit=241%2C300&amp;ssl=1\" data-large-file=\"https:\/\/i0.wp.com\/agrund.com\/wp-content\/uploads\/sites\/6\/2018\/04\/6-13.jpg?fit=600%2C747&amp;ssl=1\" decoding=\"async\" loading=\"lazy\" class=\"size-full wp-image-180751\" src=\"https:\/\/i0.wp.com\/www.agrund.com\/wp-content\/uploads\/sites\/6\/2018\/04\/6-13.jpg?resize=600%2C747\" alt=\"\" width=\"600\" height=\"747\" srcset=\"https:\/\/i0.wp.com\/agrund.com\/wp-content\/uploads\/sites\/6\/2018\/04\/6-13.jpg?w=600&amp;ssl=1 600w, https:\/\/i0.wp.com\/agrund.com\/wp-content\/uploads\/sites\/6\/2018\/04\/6-13.jpg?resize=241%2C300&amp;ssl=1 241w\" sizes=\"(max-width: 600px) 100vw, 600px\" data-recalc-dims=\"1\" \/><p id=\"caption-attachment-180751\" class=\"wp-caption-text\">Quem assinou os looks de Beyonc\u00e9 no Coachella?<\/p><\/div>\n<div id=\"attachment_180755\" style=\"width: 610px\" class=\"wp-caption aligncenter\"><img aria-describedby=\"caption-attachment-180755\" data-attachment-id=\"180755\" data-permalink=\"https:\/\/agrund.com\/index.php\/quem-assinou-os-looks-de-beyonce-no-coachella\/10-387\/\" data-orig-file=\"https:\/\/i0.wp.com\/agrund.com\/wp-content\/uploads\/sites\/6\/2018\/04\/10-2.jpg?fit=600%2C597&amp;ssl=1\" data-orig-size=\"600,597\" data-comments-opened=\"1\" data-image-meta=\"{&quot;aperture&quot;:&quot;0&quot;,&quot;credit&quot;:&quot;&quot;,&quot;camera&quot;:&quot;&quot;,&quot;caption&quot;:&quot;&quot;,&quot;created_timestamp&quot;:&quot;0&quot;,&quot;copyright&quot;:&quot;&quot;,&quot;focal_length&quot;:&quot;0&quot;,&quot;iso&quot;:&quot;0&quot;,&quot;shutter_speed&quot;:&quot;0&quot;,&quot;title&quot;:&quot;&quot;,&quot;orientation&quot;:&quot;1&quot;}\" data-image-title=\"Quem assinou os looks de Beyonc\u00e9 no Coachella?\" data-image-description=\"\" data-image-caption=\"&lt;p&gt;Quem assinou os looks de Beyonc\u00e9 no Coachella?&lt;\/p&gt;\n\" data-medium-file=\"https:\/\/i0.wp.com\/agrund.com\/wp-content\/uploads\/sites\/6\/2018\/04\/10-2.jpg?fit=300%2C300&amp;ssl=1\" data-large-file=\"https:\/\/i0.wp.com\/agrund.com\/wp-content\/uploads\/sites\/6\/2018\/04\/10-2.jpg?fit=600%2C597&amp;ssl=1\" decoding=\"async\" loading=\"lazy\" class=\"size-full wp-image-180755\" src=\"https:\/\/i0.wp.com\/www.agrund.com\/wp-content\/uploads\/sites\/6\/2018\/04\/10-2.jpg?resize=600%2C597\" alt=\"\" width=\"600\" height=\"597\" srcset=\"https:\/\/i0.wp.com\/agrund.com\/wp-content\/uploads\/sites\/6\/2018\/04\/10-2.jpg?w=600&amp;ssl=1 600w, https:\/\/i0.wp.com\/agrund.com\/wp-content\/uploads\/sites\/6\/2018\/04\/10-2.jpg?resize=150%2C150&amp;ssl=1 150w, https:\/\/i0.wp.com\/agrund.com\/wp-content\/uploads\/sites\/6\/2018\/04\/10-2.jpg?resize=300%2C300&amp;ssl=1 300w\" sizes=\"(max-width: 600px) 100vw, 600px\" data-recalc-dims=\"1\" \/><p id=\"caption-attachment-180755\" class=\"wp-caption-text\">Quem assinou os looks de Beyonc\u00e9 no Coachella?<\/p><\/div>\n<div id=\"attachment_180754\" style=\"width: 610px\" class=\"wp-caption aligncenter\"><img aria-describedby=\"caption-attachment-180754\" data-attachment-id=\"180754\" data-permalink=\"https:\/\/agrund.com\/index.php\/quem-assinou-os-looks-de-beyonce-no-coachella\/9-409\/\" data-orig-file=\"https:\/\/i0.wp.com\/agrund.com\/wp-content\/uploads\/sites\/6\/2018\/04\/9-4.jpg?fit=600%2C752&amp;ssl=1\" data-orig-size=\"600,752\" data-comments-opened=\"1\" data-image-meta=\"{&quot;aperture&quot;:&quot;0&quot;,&quot;credit&quot;:&quot;&quot;,&quot;camera&quot;:&quot;&quot;,&quot;caption&quot;:&quot;&quot;,&quot;created_timestamp&quot;:&quot;0&quot;,&quot;copyright&quot;:&quot;&quot;,&quot;focal_length&quot;:&quot;0&quot;,&quot;iso&quot;:&quot;0&quot;,&quot;shutter_speed&quot;:&quot;0&quot;,&quot;title&quot;:&quot;&quot;,&quot;orientation&quot;:&quot;1&quot;}\" data-image-title=\"Quem assinou os looks de Beyonc\u00e9 no Coachella?\" data-image-description=\"\" data-image-caption=\"&lt;p&gt;Quem assinou os looks de Beyonc\u00e9 no Coachella?&lt;\/p&gt;\n\" data-medium-file=\"https:\/\/i0.wp.com\/agrund.com\/wp-content\/uploads\/sites\/6\/2018\/04\/9-4.jpg?fit=239%2C300&amp;ssl=1\" data-large-file=\"https:\/\/i0.wp.com\/agrund.com\/wp-content\/uploads\/sites\/6\/2018\/04\/9-4.jpg?fit=600%2C752&amp;ssl=1\" decoding=\"async\" loading=\"lazy\" class=\"size-full wp-image-180754\" src=\"https:\/\/i0.wp.com\/www.agrund.com\/wp-content\/uploads\/sites\/6\/2018\/04\/9-4.jpg?resize=600%2C752\" alt=\"\" width=\"600\" height=\"752\" srcset=\"https:\/\/i0.wp.com\/agrund.com\/wp-content\/uploads\/sites\/6\/2018\/04\/9-4.jpg?w=600&amp;ssl=1 600w, https:\/\/i0.wp.com\/agrund.com\/wp-content\/uploads\/sites\/6\/2018\/04\/9-4.jpg?resize=239%2C300&amp;ssl=1 239w\" sizes=\"(max-width: 600px) 100vw, 600px\" data-recalc-dims=\"1\" \/><p id=\"caption-attachment-180754\" class=\"wp-caption-text\">Quem assinou os looks de Beyonc\u00e9 no Coachella?<\/p><\/div>\n<div id=\"attachment_180750\" style=\"width: 610px\" class=\"wp-caption aligncenter\"><img aria-describedby=\"caption-attachment-180750\" data-attachment-id=\"180750\" data-permalink=\"https:\/\/agrund.com\/index.php\/quem-assinou-os-looks-de-beyonce-no-coachella\/5-1019\/\" data-orig-file=\"https:\/\/i0.wp.com\/agrund.com\/wp-content\/uploads\/sites\/6\/2018\/04\/5-17.jpg?fit=600%2C749&amp;ssl=1\" data-orig-size=\"600,749\" data-comments-opened=\"1\" data-image-meta=\"{&quot;aperture&quot;:&quot;0&quot;,&quot;credit&quot;:&quot;&quot;,&quot;camera&quot;:&quot;&quot;,&quot;caption&quot;:&quot;&quot;,&quot;created_timestamp&quot;:&quot;0&quot;,&quot;copyright&quot;:&quot;&quot;,&quot;focal_length&quot;:&quot;0&quot;,&quot;iso&quot;:&quot;0&quot;,&quot;shutter_speed&quot;:&quot;0&quot;,&quot;title&quot;:&quot;&quot;,&quot;orientation&quot;:&quot;1&quot;}\" data-image-title=\"Quem assinou os looks de Beyonc\u00e9 no Coachella?\" data-image-description=\"\" data-image-caption=\"&lt;p&gt;Quem assinou os looks de Beyonc\u00e9 no Coachella?&lt;\/p&gt;\n\" data-medium-file=\"https:\/\/i0.wp.com\/agrund.com\/wp-content\/uploads\/sites\/6\/2018\/04\/5-17.jpg?fit=240%2C300&amp;ssl=1\" data-large-file=\"https:\/\/i0.wp.com\/agrund.com\/wp-content\/uploads\/sites\/6\/2018\/04\/5-17.jpg?fit=600%2C749&amp;ssl=1\" decoding=\"async\" loading=\"lazy\" class=\"size-full wp-image-180750\" src=\"https:\/\/i0.wp.com\/www.agrund.com\/wp-content\/uploads\/sites\/6\/2018\/04\/5-17.jpg?resize=600%2C749\" alt=\"\" width=\"600\" height=\"749\" srcset=\"https:\/\/i0.wp.com\/agrund.com\/wp-content\/uploads\/sites\/6\/2018\/04\/5-17.jpg?w=600&amp;ssl=1 600w, https:\/\/i0.wp.com\/agrund.com\/wp-content\/uploads\/sites\/6\/2018\/04\/5-17.jpg?resize=240%2C300&amp;ssl=1 240w\" sizes=\"(max-width: 600px) 100vw, 600px\" data-recalc-dims=\"1\" \/><p id=\"caption-attachment-180750\" class=\"wp-caption-text\">Quem assinou os looks de Beyonc\u00e9 no Coachella?<\/p><\/div>\n<div id=\"attachment_180753\" style=\"width: 610px\" class=\"wp-caption aligncenter\"><img aria-describedby=\"caption-attachment-180753\" data-attachment-id=\"180753\" data-permalink=\"https:\/\/agrund.com\/index.php\/quem-assinou-os-looks-de-beyonce-no-coachella\/8-793\/\" data-orig-file=\"https:\/\/i0.wp.com\/agrund.com\/wp-content\/uploads\/sites\/6\/2018\/04\/8-6.jpg?fit=600%2C595&amp;ssl=1\" data-orig-size=\"600,595\" data-comments-opened=\"1\" data-image-meta=\"{&quot;aperture&quot;:&quot;0&quot;,&quot;credit&quot;:&quot;&quot;,&quot;camera&quot;:&quot;&quot;,&quot;caption&quot;:&quot;&quot;,&quot;created_timestamp&quot;:&quot;0&quot;,&quot;copyright&quot;:&quot;&quot;,&quot;focal_length&quot;:&quot;0&quot;,&quot;iso&quot;:&quot;0&quot;,&quot;shutter_speed&quot;:&quot;0&quot;,&quot;title&quot;:&quot;&quot;,&quot;orientation&quot;:&quot;1&quot;}\" data-image-title=\"Quem assinou os looks de Beyonc\u00e9 no Coachella?\" data-image-description=\"\" data-image-caption=\"&lt;p&gt;Quem assinou os looks de Beyonc\u00e9 no Coachella?&lt;\/p&gt;\n\" data-medium-file=\"https:\/\/i0.wp.com\/agrund.com\/wp-content\/uploads\/sites\/6\/2018\/04\/8-6.jpg?fit=300%2C298&amp;ssl=1\" data-large-file=\"https:\/\/i0.wp.com\/agrund.com\/wp-content\/uploads\/sites\/6\/2018\/04\/8-6.jpg?fit=600%2C595&amp;ssl=1\" decoding=\"async\" loading=\"lazy\" class=\"size-full wp-image-180753\" src=\"https:\/\/i0.wp.com\/www.agrund.com\/wp-content\/uploads\/sites\/6\/2018\/04\/8-6.jpg?resize=600%2C595\" alt=\"\" width=\"600\" height=\"595\" srcset=\"https:\/\/i0.wp.com\/agrund.com\/wp-content\/uploads\/sites\/6\/2018\/04\/8-6.jpg?w=600&amp;ssl=1 600w, https:\/\/i0.wp.com\/agrund.com\/wp-content\/uploads\/sites\/6\/2018\/04\/8-6.jpg?resize=150%2C150&amp;ssl=1 150w, https:\/\/i0.wp.com\/agrund.com\/wp-content\/uploads\/sites\/6\/2018\/04\/8-6.jpg?resize=300%2C298&amp;ssl=1 300w\" sizes=\"(max-width: 600px) 100vw, 600px\" data-recalc-dims=\"1\" \/><p id=\"caption-attachment-180753\" class=\"wp-caption-text\">Quem assinou os looks de Beyonc\u00e9 no Coachella?<\/p><\/div>\n<div id=\"attachment_180749\" style=\"width: 610px\" class=\"wp-caption aligncenter\"><img aria-describedby=\"caption-attachment-180749\" data-attachment-id=\"180749\" data-permalink=\"https:\/\/agrund.com\/index.php\/quem-assinou-os-looks-de-beyonce-no-coachella\/4-1180\/\" data-orig-file=\"https:\/\/i0.wp.com\/agrund.com\/wp-content\/uploads\/sites\/6\/2018\/04\/4-31.jpg?fit=600%2C412&amp;ssl=1\" data-orig-size=\"600,412\" data-comments-opened=\"1\" data-image-meta=\"{&quot;aperture&quot;:&quot;0&quot;,&quot;credit&quot;:&quot;&quot;,&quot;camera&quot;:&quot;&quot;,&quot;caption&quot;:&quot;&quot;,&quot;created_timestamp&quot;:&quot;0&quot;,&quot;copyright&quot;:&quot;&quot;,&quot;focal_length&quot;:&quot;0&quot;,&quot;iso&quot;:&quot;0&quot;,&quot;shutter_speed&quot;:&quot;0&quot;,&quot;title&quot;:&quot;&quot;,&quot;orientation&quot;:&quot;1&quot;}\" data-image-title=\"Quem assinou os looks de Beyonc\u00e9 no Coachella?\" data-image-description=\"\" data-image-caption=\"&lt;p&gt;Quem assinou os looks de Beyonc\u00e9 no Coachella?&lt;\/p&gt;\n\" data-medium-file=\"https:\/\/i0.wp.com\/agrund.com\/wp-content\/uploads\/sites\/6\/2018\/04\/4-31.jpg?fit=300%2C206&amp;ssl=1\" data-large-file=\"https:\/\/i0.wp.com\/agrund.com\/wp-content\/uploads\/sites\/6\/2018\/04\/4-31.jpg?fit=600%2C412&amp;ssl=1\" decoding=\"async\" loading=\"lazy\" class=\"size-full wp-image-180749\" src=\"https:\/\/i0.wp.com\/www.agrund.com\/wp-content\/uploads\/sites\/6\/2018\/04\/4-31.jpg?resize=600%2C412\" alt=\"\" width=\"600\" height=\"412\" srcset=\"https:\/\/i0.wp.com\/agrund.com\/wp-content\/uploads\/sites\/6\/2018\/04\/4-31.jpg?w=600&amp;ssl=1 600w, https:\/\/i0.wp.com\/agrund.com\/wp-content\/uploads\/sites\/6\/2018\/04\/4-31.jpg?resize=300%2C206&amp;ssl=1 300w\" sizes=\"(max-width: 600px) 100vw, 600px\" data-recalc-dims=\"1\" \/><p id=\"caption-attachment-180749\" class=\"wp-caption-text\">Quem assinou os looks de Beyonc\u00e9 no Coachella?<\/p><\/div>\n<div id=\"attachment_180748\" style=\"width: 610px\" class=\"wp-caption aligncenter\"><img aria-describedby=\"caption-attachment-180748\" data-attachment-id=\"180748\" data-permalink=\"https:\/\/agrund.com\/index.php\/quem-assinou-os-looks-de-beyonce-no-coachella\/3-1286\/\" data-orig-file=\"https:\/\/i0.wp.com\/agrund.com\/wp-content\/uploads\/sites\/6\/2018\/04\/3-33.jpg?fit=600%2C750&amp;ssl=1\" data-orig-size=\"600,750\" data-comments-opened=\"1\" data-image-meta=\"{&quot;aperture&quot;:&quot;0&quot;,&quot;credit&quot;:&quot;&quot;,&quot;camera&quot;:&quot;&quot;,&quot;caption&quot;:&quot;&quot;,&quot;created_timestamp&quot;:&quot;0&quot;,&quot;copyright&quot;:&quot;&quot;,&quot;focal_length&quot;:&quot;0&quot;,&quot;iso&quot;:&quot;0&quot;,&quot;shutter_speed&quot;:&quot;0&quot;,&quot;title&quot;:&quot;&quot;,&quot;orientation&quot;:&quot;1&quot;}\" data-image-title=\"Quem assinou os looks de Beyonc\u00e9 no Coachella?\" data-image-description=\"\" data-image-caption=\"&lt;p&gt;Quem assinou os looks de Beyonc\u00e9 no Coachella?&lt;\/p&gt;\n\" data-medium-file=\"https:\/\/i0.wp.com\/agrund.com\/wp-content\/uploads\/sites\/6\/2018\/04\/3-33.jpg?fit=240%2C300&amp;ssl=1\" data-large-file=\"https:\/\/i0.wp.com\/agrund.com\/wp-content\/uploads\/sites\/6\/2018\/04\/3-33.jpg?fit=600%2C750&amp;ssl=1\" decoding=\"async\" loading=\"lazy\" class=\"size-full wp-image-180748\" src=\"https:\/\/i0.wp.com\/www.agrund.com\/wp-content\/uploads\/sites\/6\/2018\/04\/3-33.jpg?resize=600%2C750\" alt=\"\" width=\"600\" height=\"750\" srcset=\"https:\/\/i0.wp.com\/agrund.com\/wp-content\/uploads\/sites\/6\/2018\/04\/3-33.jpg?w=600&amp;ssl=1 600w, https:\/\/i0.wp.com\/agrund.com\/wp-content\/uploads\/sites\/6\/2018\/04\/3-33.jpg?resize=240%2C300&amp;ssl=1 240w\" sizes=\"(max-width: 600px) 100vw, 600px\" data-recalc-dims=\"1\" \/><p id=\"caption-attachment-180748\" class=\"wp-caption-text\">Quem assinou os looks de Beyonc\u00e9 no Coachella?<\/p><\/div>\n<div id=\"attachment_180747\" style=\"width: 610px\" class=\"wp-caption aligncenter\"><img aria-describedby=\"caption-attachment-180747\" data-attachment-id=\"180747\" data-permalink=\"https:\/\/agrund.com\/index.php\/quem-assinou-os-looks-de-beyonce-no-coachella\/2-1383\/\" data-orig-file=\"https:\/\/i0.wp.com\/agrund.com\/wp-content\/uploads\/sites\/6\/2018\/04\/2-37.jpg?fit=600%2C750&amp;ssl=1\" data-orig-size=\"600,750\" data-comments-opened=\"1\" data-image-meta=\"{&quot;aperture&quot;:&quot;0&quot;,&quot;credit&quot;:&quot;&quot;,&quot;camera&quot;:&quot;&quot;,&quot;caption&quot;:&quot;&quot;,&quot;created_timestamp&quot;:&quot;0&quot;,&quot;copyright&quot;:&quot;&quot;,&quot;focal_length&quot;:&quot;0&quot;,&quot;iso&quot;:&quot;0&quot;,&quot;shutter_speed&quot;:&quot;0&quot;,&quot;title&quot;:&quot;&quot;,&quot;orientation&quot;:&quot;1&quot;}\" data-image-title=\"Quem assinou os looks de Beyonc\u00e9 no Coachella?\" data-image-description=\"\" data-image-caption=\"&lt;p&gt;Quem assinou os looks de Beyonc\u00e9 no Coachella?&lt;\/p&gt;\n\" data-medium-file=\"https:\/\/i0.wp.com\/agrund.com\/wp-content\/uploads\/sites\/6\/2018\/04\/2-37.jpg?fit=240%2C300&amp;ssl=1\" data-large-file=\"https:\/\/i0.wp.com\/agrund.com\/wp-content\/uploads\/sites\/6\/2018\/04\/2-37.jpg?fit=600%2C750&amp;ssl=1\" decoding=\"async\" loading=\"lazy\" class=\"size-full wp-image-180747\" src=\"https:\/\/i0.wp.com\/www.agrund.com\/wp-content\/uploads\/sites\/6\/2018\/04\/2-37.jpg?resize=600%2C750\" alt=\"\" width=\"600\" height=\"750\" srcset=\"https:\/\/i0.wp.com\/agrund.com\/wp-content\/uploads\/sites\/6\/2018\/04\/2-37.jpg?w=600&amp;ssl=1 600w, https:\/\/i0.wp.com\/agrund.com\/wp-content\/uploads\/sites\/6\/2018\/04\/2-37.jpg?resize=240%2C300&amp;ssl=1 240w\" sizes=\"(max-width: 600px) 100vw, 600px\" data-recalc-dims=\"1\" \/><p id=\"caption-attachment-180747\" class=\"wp-caption-text\">Quem assinou os looks de Beyonc\u00e9 no Coachella?<\/p><\/div>\n<div id=\"attachment_180746\" style=\"width: 610px\" class=\"wp-caption aligncenter\"><img aria-describedby=\"caption-attachment-180746\" data-attachment-id=\"180746\" data-permalink=\"https:\/\/agrund.com\/index.php\/quem-assinou-os-looks-de-beyonce-no-coachella\/1-1448\/\" data-orig-file=\"https:\/\/i0.wp.com\/agrund.com\/wp-content\/uploads\/sites\/6\/2018\/04\/1-43.jpg?fit=600%2C597&amp;ssl=1\" data-orig-size=\"600,597\" data-comments-opened=\"1\" data-image-meta=\"{&quot;aperture&quot;:&quot;0&quot;,&quot;credit&quot;:&quot;&quot;,&quot;camera&quot;:&quot;&quot;,&quot;caption&quot;:&quot;&quot;,&quot;created_timestamp&quot;:&quot;0&quot;,&quot;copyright&quot;:&quot;&quot;,&quot;focal_length&quot;:&quot;0&quot;,&quot;iso&quot;:&quot;0&quot;,&quot;shutter_speed&quot;:&quot;0&quot;,&quot;title&quot;:&quot;&quot;,&quot;orientation&quot;:&quot;1&quot;}\" data-image-title=\"Quem assinou os looks de Beyonc\u00e9 no Coachella?\" data-image-description=\"\" data-image-caption=\"&lt;p&gt;Quem assinou os looks de Beyonc\u00e9 no Coachella?&lt;\/p&gt;\n\" data-medium-file=\"https:\/\/i0.wp.com\/agrund.com\/wp-content\/uploads\/sites\/6\/2018\/04\/1-43.jpg?fit=300%2C300&amp;ssl=1\" data-large-file=\"https:\/\/i0.wp.com\/agrund.com\/wp-content\/uploads\/sites\/6\/2018\/04\/1-43.jpg?fit=600%2C597&amp;ssl=1\" decoding=\"async\" loading=\"lazy\" class=\"size-full wp-image-180746\" src=\"https:\/\/i0.wp.com\/www.agrund.com\/wp-content\/uploads\/sites\/6\/2018\/04\/1-43.jpg?resize=600%2C597\" alt=\"\" width=\"600\" height=\"597\" srcset=\"https:\/\/i0.wp.com\/agrund.com\/wp-content\/uploads\/sites\/6\/2018\/04\/1-43.jpg?w=600&amp;ssl=1 600w, https:\/\/i0.wp.com\/agrund.com\/wp-content\/uploads\/sites\/6\/2018\/04\/1-43.jpg?resize=150%2C150&amp;ssl=1 150w, https:\/\/i0.wp.com\/agrund.com\/wp-content\/uploads\/sites\/6\/2018\/04\/1-43.jpg?resize=300%2C300&amp;ssl=1 300w\" sizes=\"(max-width: 600px) 100vw, 600px\" data-recalc-dims=\"1\" \/><p id=\"caption-attachment-180746\" class=\"wp-caption-text\">Quem assinou os looks de Beyonc\u00e9 no Coachella?<\/p><\/div>\n<p>Fotos: Reprodu\u00e7\u00e3o.<\/p>\n","protected":false},"excerpt":{"rendered":"<p>Se voc\u00ea assistiu ao show de Beyonc\u00e9 no Coachella na internet ou acompanhou as redes sociais, percebeu que a cantora usou looks incr\u00edveis, n\u00e3o \u00e9 mesmo? Cada uma das pe\u00e7as foi criada especialmente para Bey por Olivier Rousteing, estilista da Balmain. De acordo com ele, a ideia da cantora era criar uma esp\u00e9cie de ex\u00e9rcito [&hellip;]<\/p>\n","protected":false},"author":8,"featured_media":180757,"comment_status":"open","ping_status":"open","sticky":false,"template":"","format":"standard","meta":{"jetpack_post_was_ever_published":false,"_jetpack_newsletter_access":"","jetpack_publicize_message":"","jetpack_is_tweetstorm":false,"jetpack_publicize_feature_enabled":true,"jetpack_social_post_already_shared":true,"jetpack_social_options":{"image_generator_settings":{"template":"highway","enabled":false}}},"categories":[2],"tags":[],"jetpack_publicize_connections":[],"jetpack_featured_media_url":"https:\/\/i0.wp.com\/agrund.com\/wp-content\/uploads\/sites\/6\/2018\/04\/s-52.jpg?fit=960%2C300&ssl=1","jetpack_sharing_enabled":true,"jetpack_shortlink":"https:\/\/wp.me\/p3Hz0n-L1f","jetpack_likes_enabled":true,"_links":{"self":[{"href":"https:\/\/agrund.com\/index.php\/wp-json\/wp\/v2\/posts\/180745"}],"collection":[{"href":"https:\/\/agrund.com\/index.php\/wp-json\/wp\/v2\/posts"}],"about":[{"href":"https:\/\/agrund.com\/index.php\/wp-json\/wp\/v2\/types\/post"}],"author":[{"embeddable":true,"href":"https:\/\/agrund.com\/index.php\/wp-json\/wp\/v2\/users\/8"}],"replies":[{"embeddable":true,"href":"https:\/\/agrund.com\/index.php\/wp-json\/wp\/v2\/comments?post=180745"}],"version-history":[{"count":0,"href":"https:\/\/agrund.com\/index.php\/wp-json\/wp\/v2\/posts\/180745\/revisions"}],"wp:featuredmedia":[{"embeddable":true,"href":"https:\/\/agrund.com\/index.php\/wp-json\/wp\/v2\/media\/180757"}],"wp:attachment":[{"href":"https:\/\/agrund.com\/index.php\/wp-json\/wp\/v2\/media?parent=180745"}],"wp:term":[{"taxonomy":"category","embeddable":true,"href":"https:\/\/agrund.com\/index.php\/wp-json\/wp\/v2\/categories?post=180745"},{"taxonomy":"post_tag","embeddable":true,"href":"https:\/\/agrund.com\/index.php\/wp-json\/wp\/v2\/tags?post=180745"}],"curies":[{"name":"wp","href":"https:\/\/api.w.org\/{rel}","templated":true}]}}