{"id":180702,"date":"2018-04-13T17:00:40","date_gmt":"2018-04-13T20:00:40","guid":{"rendered":"http:\/\/www.agrund.com\/?p=180702"},"modified":"2018-04-13T15:41:14","modified_gmt":"2018-04-13T18:41:14","slug":"o-desfile-de-alta-moda-verao-2018-da-dolce-gabbana","status":"publish","type":"post","link":"https:\/\/agrund.com\/index.php\/o-desfile-de-alta-moda-verao-2018-da-dolce-gabbana\/","title":{"rendered":"O desfile de Alta Moda Ver\u00e3o 2018 da Dolce &amp; Gabbana"},"content":{"rendered":"<p>Por Let\u00edcia Santana<\/p>\n<p>Na Era Informacional, surge uma busca por passarelas que sigam formatos interativos e que fortale\u00e7am o relacionamento entre marca e consumidor. O \u201cReady to Instagram\u201d, por exemplo, rende likes, stories e lives, sendo um fator imprescind\u00edvel para que as fronteiras sejam quebradas e o evento seja acompanhado pelo n\u00famero m\u00e1ximo de pessoas. Mas, para que a apresenta\u00e7\u00e3o alcance tamanha dimens\u00e3o, o desfile convencional j\u00e1 n\u00e3o \u00e9 mais o suficiente. As marcas precisam proporcionar uma verdadeira experi\u00eancia \u00e0 imprensa, celebridades e aos clientes mais ass\u00edduos.<\/p>\n<div id=\"attachment_180703\" style=\"width: 610px\" class=\"wp-caption aligncenter\"><img aria-describedby=\"caption-attachment-180703\" data-attachment-id=\"180703\" data-permalink=\"https:\/\/agrund.com\/index.php\/o-desfile-de-alta-moda-verao-2018-da-dolce-gabbana\/img_2650\/\" data-orig-file=\"https:\/\/i0.wp.com\/agrund.com\/wp-content\/uploads\/sites\/6\/2018\/04\/IMG_2650.jpg?fit=600%2C799&amp;ssl=1\" data-orig-size=\"600,799\" data-comments-opened=\"1\" data-image-meta=\"{&quot;aperture&quot;:&quot;0&quot;,&quot;credit&quot;:&quot;lelesantana2011&quot;,&quot;camera&quot;:&quot;&quot;,&quot;caption&quot;:&quot;&quot;,&quot;created_timestamp&quot;:&quot;1523531540&quot;,&quot;copyright&quot;:&quot;&quot;,&quot;focal_length&quot;:&quot;0&quot;,&quot;iso&quot;:&quot;0&quot;,&quot;shutter_speed&quot;:&quot;0&quot;,&quot;title&quot;:&quot;&quot;,&quot;orientation&quot;:&quot;1&quot;}\" data-image-title=\"O desfile de Alta Moda Ver\u00e3o 2018 da Dolce &amp;amp; Gabbana\" data-image-description=\"\" data-image-caption=\"&lt;p&gt;O desfile de Alta Moda Ver\u00e3o 2018 da Dolce &amp;amp; Gabbana&lt;\/p&gt;\n\" data-medium-file=\"https:\/\/i0.wp.com\/agrund.com\/wp-content\/uploads\/sites\/6\/2018\/04\/IMG_2650.jpg?fit=225%2C300&amp;ssl=1\" data-large-file=\"https:\/\/i0.wp.com\/agrund.com\/wp-content\/uploads\/sites\/6\/2018\/04\/IMG_2650.jpg?fit=600%2C799&amp;ssl=1\" decoding=\"async\" loading=\"lazy\" class=\"size-full wp-image-180703\" src=\"https:\/\/i0.wp.com\/www.agrund.com\/wp-content\/uploads\/sites\/6\/2018\/04\/IMG_2650.jpg?resize=600%2C799\" alt=\"\" width=\"600\" height=\"799\" srcset=\"https:\/\/i0.wp.com\/agrund.com\/wp-content\/uploads\/sites\/6\/2018\/04\/IMG_2650.jpg?w=600&amp;ssl=1 600w, https:\/\/i0.wp.com\/agrund.com\/wp-content\/uploads\/sites\/6\/2018\/04\/IMG_2650.jpg?resize=225%2C300&amp;ssl=1 225w\" sizes=\"(max-width: 600px) 100vw, 600px\" data-recalc-dims=\"1\" \/><p id=\"caption-attachment-180703\" class=\"wp-caption-text\">O desfile de Alta Moda Ver\u00e3o 2018 da Dolce &amp; Gabbana<\/p><\/div>\n<p>Seguindo essa tentativa de manter a relev\u00e2ncia e status em alta, a Dolce &amp; Gabbana ocupou o Metropolitan Opera de Nova York no \u00faltimo domingo (08) para exibir a cole\u00e7\u00e3o de Ver\u00e3o 2018. Depois de dispensar modelos e apostar em drones para apresentar as bolsas de Inverno 2019, a marca n\u00e3o cansa de se reinventar e resolveu fechar o teatro para receber convidados de todas as partes do mundo: China, R\u00fassia e Oriente M\u00e9dio tiveram seus representantes. Diane Kruger, Dakota Fanning, Jamie Foxx, Catherine Zeta-Jones e Sarah Jessica Parker foram algumas das celebs que marcaram presen\u00e7a no desfile.<\/p>\n<div id=\"attachment_180704\" style=\"width: 610px\" class=\"wp-caption aligncenter\"><img aria-describedby=\"caption-attachment-180704\" data-attachment-id=\"180704\" data-permalink=\"https:\/\/agrund.com\/index.php\/o-desfile-de-alta-moda-verao-2018-da-dolce-gabbana\/img_2651\/\" data-orig-file=\"https:\/\/i0.wp.com\/agrund.com\/wp-content\/uploads\/sites\/6\/2018\/04\/IMG_2651.jpg?fit=600%2C799&amp;ssl=1\" data-orig-size=\"600,799\" data-comments-opened=\"1\" data-image-meta=\"{&quot;aperture&quot;:&quot;0&quot;,&quot;credit&quot;:&quot;lelesantana2011&quot;,&quot;camera&quot;:&quot;&quot;,&quot;caption&quot;:&quot;&quot;,&quot;created_timestamp&quot;:&quot;1523531891&quot;,&quot;copyright&quot;:&quot;&quot;,&quot;focal_length&quot;:&quot;0&quot;,&quot;iso&quot;:&quot;0&quot;,&quot;shutter_speed&quot;:&quot;0&quot;,&quot;title&quot;:&quot;&quot;,&quot;orientation&quot;:&quot;1&quot;}\" data-image-title=\"O desfile de Alta Moda Ver\u00e3o 2018 da Dolce &amp;amp; Gabbana\" data-image-description=\"\" data-image-caption=\"&lt;p&gt;O desfile de Alta Moda Ver\u00e3o 2018 da Dolce &amp;amp; Gabbana&lt;\/p&gt;\n\" data-medium-file=\"https:\/\/i0.wp.com\/agrund.com\/wp-content\/uploads\/sites\/6\/2018\/04\/IMG_2651.jpg?fit=225%2C300&amp;ssl=1\" data-large-file=\"https:\/\/i0.wp.com\/agrund.com\/wp-content\/uploads\/sites\/6\/2018\/04\/IMG_2651.jpg?fit=600%2C799&amp;ssl=1\" decoding=\"async\" loading=\"lazy\" class=\"size-full wp-image-180704\" src=\"https:\/\/i0.wp.com\/www.agrund.com\/wp-content\/uploads\/sites\/6\/2018\/04\/IMG_2651.jpg?resize=600%2C799\" alt=\"\" width=\"600\" height=\"799\" srcset=\"https:\/\/i0.wp.com\/agrund.com\/wp-content\/uploads\/sites\/6\/2018\/04\/IMG_2651.jpg?w=600&amp;ssl=1 600w, https:\/\/i0.wp.com\/agrund.com\/wp-content\/uploads\/sites\/6\/2018\/04\/IMG_2651.jpg?resize=225%2C300&amp;ssl=1 225w\" sizes=\"(max-width: 600px) 100vw, 600px\" data-recalc-dims=\"1\" \/><p id=\"caption-attachment-180704\" class=\"wp-caption-text\">O desfile de Alta Moda Ver\u00e3o 2018 da Dolce &amp; Gabbana<\/p><\/div>\n<p>Pela primeira vez se apresentando na cidade, a grife italiana fez da sua cole\u00e7\u00e3o uma homenagem \u00e0 cultura americana. A sensualidade da mulher Dolce entrou em equil\u00edbrio com as cores e as principais caracter\u00edsticas da megal\u00f3pole, construindo looks surpreendentes. \u201cEstamos fitando Nova York com um olhar italiano\u201d, contou Domenico Dolce em entrevista. Modelos plus size e da terceira idade cruzaram a passarela, alimentando a discuss\u00e3o de diversidade na moda. O casting tamb\u00e9m contou com Karlie Kloss, que abriu o desfile em um longo vermelho de plumas exuberante.<\/p>\n<div id=\"attachment_180705\" style=\"width: 610px\" class=\"wp-caption aligncenter\"><img aria-describedby=\"caption-attachment-180705\" data-attachment-id=\"180705\" data-permalink=\"https:\/\/agrund.com\/index.php\/o-desfile-de-alta-moda-verao-2018-da-dolce-gabbana\/img_2652\/\" data-orig-file=\"https:\/\/i0.wp.com\/agrund.com\/wp-content\/uploads\/sites\/6\/2018\/04\/IMG_2652.jpg?fit=600%2C799&amp;ssl=1\" data-orig-size=\"600,799\" data-comments-opened=\"1\" data-image-meta=\"{&quot;aperture&quot;:&quot;0&quot;,&quot;credit&quot;:&quot;&quot;,&quot;camera&quot;:&quot;&quot;,&quot;caption&quot;:&quot;&quot;,&quot;created_timestamp&quot;:&quot;1523532261&quot;,&quot;copyright&quot;:&quot;&quot;,&quot;focal_length&quot;:&quot;0&quot;,&quot;iso&quot;:&quot;0&quot;,&quot;shutter_speed&quot;:&quot;0&quot;,&quot;title&quot;:&quot;&quot;,&quot;orientation&quot;:&quot;1&quot;}\" data-image-title=\"O desfile de Alta Moda Ver\u00e3o 2018 da Dolce &amp;amp; Gabbana\" data-image-description=\"\" data-image-caption=\"&lt;p&gt;O desfile de Alta Moda Ver\u00e3o 2018 da Dolce &amp;amp; Gabbana&lt;\/p&gt;\n\" data-medium-file=\"https:\/\/i0.wp.com\/agrund.com\/wp-content\/uploads\/sites\/6\/2018\/04\/IMG_2652.jpg?fit=225%2C300&amp;ssl=1\" data-large-file=\"https:\/\/i0.wp.com\/agrund.com\/wp-content\/uploads\/sites\/6\/2018\/04\/IMG_2652.jpg?fit=600%2C799&amp;ssl=1\" decoding=\"async\" loading=\"lazy\" class=\"size-full wp-image-180705\" src=\"https:\/\/i0.wp.com\/www.agrund.com\/wp-content\/uploads\/sites\/6\/2018\/04\/IMG_2652.jpg?resize=600%2C799\" alt=\"\" width=\"600\" height=\"799\" srcset=\"https:\/\/i0.wp.com\/agrund.com\/wp-content\/uploads\/sites\/6\/2018\/04\/IMG_2652.jpg?w=600&amp;ssl=1 600w, https:\/\/i0.wp.com\/agrund.com\/wp-content\/uploads\/sites\/6\/2018\/04\/IMG_2652.jpg?resize=225%2C300&amp;ssl=1 225w\" sizes=\"(max-width: 600px) 100vw, 600px\" data-recalc-dims=\"1\" \/><p id=\"caption-attachment-180705\" class=\"wp-caption-text\">O desfile de Alta Moda Ver\u00e3o 2018 da Dolce &amp; Gabbana<\/p><\/div>\n<p>Como j\u00e1 \u00e9 de costume dos desfiles da Dolce &amp; Gabbana, cada m\u00ednimo detalhe \u00e9 ostentoso e faz total diferen\u00e7a na est\u00e9tica final. Maye Musk, em toda beleza de seus 69 anos, desfilou um longo de paet\u00ea acompanhado de muitas j\u00f3ias. Os acess\u00f3rios de cabe\u00e7a chamaram aten\u00e7\u00e3o, principalmente, o usado por Naomi Campbell, que encerrou o desfile incorporando uma vers\u00e3o fashionista da Est\u00e1tua da Liberdade.<\/p>\n<p>Mais em <a href=\"http:\/\/borboletavintage.com.br\/\">Borboleta Vintage<\/a>.<br \/>\nInstagram: <a href=\"https:\/\/www.instagram.com\/borboletavintage\/\">@borboletavintage.<\/a><\/p>\n<p>&nbsp;<\/p>\n<p>Fotos: Reprodu\u00e7\u00e3o.<\/p>\n","protected":false},"excerpt":{"rendered":"<p>Por Let\u00edcia Santana Na Era Informacional, surge uma busca por passarelas que sigam formatos interativos e que fortale\u00e7am o relacionamento entre marca e consumidor. O \u201cReady to Instagram\u201d, por exemplo, rende likes, stories e lives, sendo um fator imprescind\u00edvel para que as fronteiras sejam quebradas e o evento seja acompanhado pelo n\u00famero m\u00e1ximo de pessoas. [&hellip;]<\/p>\n","protected":false},"author":8,"featured_media":180706,"comment_status":"open","ping_status":"open","sticky":false,"template":"","format":"standard","meta":{"jetpack_post_was_ever_published":false,"_jetpack_newsletter_access":"","jetpack_publicize_message":"","jetpack_is_tweetstorm":false,"jetpack_publicize_feature_enabled":true,"jetpack_social_post_already_shared":true,"jetpack_social_options":{"image_generator_settings":{"template":"highway","enabled":false}}},"categories":[2],"tags":[],"jetpack_publicize_connections":[],"jetpack_featured_media_url":"https:\/\/i0.wp.com\/agrund.com\/wp-content\/uploads\/sites\/6\/2018\/04\/s-49.jpg?fit=960%2C300&ssl=1","jetpack_sharing_enabled":true,"jetpack_shortlink":"https:\/\/wp.me\/p3Hz0n-L0y","jetpack_likes_enabled":true,"_links":{"self":[{"href":"https:\/\/agrund.com\/index.php\/wp-json\/wp\/v2\/posts\/180702"}],"collection":[{"href":"https:\/\/agrund.com\/index.php\/wp-json\/wp\/v2\/posts"}],"about":[{"href":"https:\/\/agrund.com\/index.php\/wp-json\/wp\/v2\/types\/post"}],"author":[{"embeddable":true,"href":"https:\/\/agrund.com\/index.php\/wp-json\/wp\/v2\/users\/8"}],"replies":[{"embeddable":true,"href":"https:\/\/agrund.com\/index.php\/wp-json\/wp\/v2\/comments?post=180702"}],"version-history":[{"count":0,"href":"https:\/\/agrund.com\/index.php\/wp-json\/wp\/v2\/posts\/180702\/revisions"}],"wp:featuredmedia":[{"embeddable":true,"href":"https:\/\/agrund.com\/index.php\/wp-json\/wp\/v2\/media\/180706"}],"wp:attachment":[{"href":"https:\/\/agrund.com\/index.php\/wp-json\/wp\/v2\/media?parent=180702"}],"wp:term":[{"taxonomy":"category","embeddable":true,"href":"https:\/\/agrund.com\/index.php\/wp-json\/wp\/v2\/categories?post=180702"},{"taxonomy":"post_tag","embeddable":true,"href":"https:\/\/agrund.com\/index.php\/wp-json\/wp\/v2\/tags?post=180702"}],"curies":[{"name":"wp","href":"https:\/\/api.w.org\/{rel}","templated":true}]}}