{"id":180687,"date":"2018-04-13T14:00:15","date_gmt":"2018-04-13T17:00:15","guid":{"rendered":"http:\/\/www.agrund.com\/?p=180687"},"modified":"2018-04-13T13:13:23","modified_gmt":"2018-04-13T16:13:23","slug":"os-novos-oculos-da-victoria-beckham-eyewear","status":"publish","type":"post","link":"https:\/\/agrund.com\/index.php\/os-novos-oculos-da-victoria-beckham-eyewear\/","title":{"rendered":"Os novos \u00f3culos da Victoria Beckham Eyewear"},"content":{"rendered":"<p>A cole\u00e7\u00e3o primavera\/ver\u00e3o 2018 de \u00f3culos da Victoria Beckham j\u00e1 est\u00e1 entre n\u00f3s. Nesta temporada, a estilista apostou nas arma\u00e7\u00f5es grandes, tanto para os \u00f3culos de sol quanto os de grau.<\/p>\n<p>Na campanha, a modelo Giedre Dukauskaite encarna uma mulher chique e super moderna, com \u00f3culos de lentes coloridas e transparentes, e arma\u00e7\u00f5es de metal.<\/p>\n<p>A fotografia \u00e9 de Tung Walsh. Confira:<\/p>\n<div id=\"attachment_180688\" style=\"width: 610px\" class=\"wp-caption aligncenter\"><img aria-describedby=\"caption-attachment-180688\" data-attachment-id=\"180688\" data-permalink=\"https:\/\/agrund.com\/index.php\/os-novos-oculos-da-victoria-beckham-eyewear\/1-1443\/\" data-orig-file=\"https:\/\/i0.wp.com\/agrund.com\/wp-content\/uploads\/sites\/6\/2018\/04\/1-38-e1523635791703.jpg?fit=600%2C848&amp;ssl=1\" data-orig-size=\"600,848\" data-comments-opened=\"1\" data-image-meta=\"{&quot;aperture&quot;:&quot;0&quot;,&quot;credit&quot;:&quot;&quot;,&quot;camera&quot;:&quot;&quot;,&quot;caption&quot;:&quot;&quot;,&quot;created_timestamp&quot;:&quot;0&quot;,&quot;copyright&quot;:&quot;&quot;,&quot;focal_length&quot;:&quot;0&quot;,&quot;iso&quot;:&quot;0&quot;,&quot;shutter_speed&quot;:&quot;0&quot;,&quot;title&quot;:&quot;&quot;,&quot;orientation&quot;:&quot;1&quot;}\" data-image-title=\"Os novos \u00f3culos da Victoria Beckham Eyewear\" data-image-description=\"\" data-image-caption=\"&lt;p&gt;Os novos \u00f3culos da Victoria Beckham Eyewear&lt;\/p&gt;\n\" data-medium-file=\"https:\/\/i0.wp.com\/agrund.com\/wp-content\/uploads\/sites\/6\/2018\/04\/1-38-e1523635791703.jpg?fit=212%2C300&amp;ssl=1\" data-large-file=\"https:\/\/i0.wp.com\/agrund.com\/wp-content\/uploads\/sites\/6\/2018\/04\/1-38-e1523635791703.jpg?fit=724%2C1024&amp;ssl=1\" decoding=\"async\" loading=\"lazy\" class=\"size-full wp-image-180688\" src=\"https:\/\/i0.wp.com\/www.agrund.com\/wp-content\/uploads\/sites\/6\/2018\/04\/1-38-e1523635791703.jpg?resize=600%2C848\" alt=\"\" width=\"600\" height=\"848\" data-recalc-dims=\"1\" \/><p id=\"caption-attachment-180688\" class=\"wp-caption-text\">Os novos \u00f3culos da Victoria Beckham Eyewear<\/p><\/div>\n<div id=\"attachment_180689\" style=\"width: 610px\" class=\"wp-caption aligncenter\"><img aria-describedby=\"caption-attachment-180689\" data-attachment-id=\"180689\" data-permalink=\"https:\/\/agrund.com\/index.php\/os-novos-oculos-da-victoria-beckham-eyewear\/2-1378\/\" data-orig-file=\"https:\/\/i0.wp.com\/agrund.com\/wp-content\/uploads\/sites\/6\/2018\/04\/2-32-e1523635806515.jpg?fit=600%2C848&amp;ssl=1\" data-orig-size=\"600,848\" data-comments-opened=\"1\" data-image-meta=\"{&quot;aperture&quot;:&quot;0&quot;,&quot;credit&quot;:&quot;&quot;,&quot;camera&quot;:&quot;&quot;,&quot;caption&quot;:&quot;&quot;,&quot;created_timestamp&quot;:&quot;0&quot;,&quot;copyright&quot;:&quot;&quot;,&quot;focal_length&quot;:&quot;0&quot;,&quot;iso&quot;:&quot;0&quot;,&quot;shutter_speed&quot;:&quot;0&quot;,&quot;title&quot;:&quot;&quot;,&quot;orientation&quot;:&quot;1&quot;}\" data-image-title=\"Os novos \u00f3culos da Victoria Beckham Eyewear\" data-image-description=\"\" data-image-caption=\"&lt;p&gt;Os novos \u00f3culos da Victoria Beckham Eyewear&lt;\/p&gt;\n\" data-medium-file=\"https:\/\/i0.wp.com\/agrund.com\/wp-content\/uploads\/sites\/6\/2018\/04\/2-32-e1523635806515.jpg?fit=212%2C300&amp;ssl=1\" data-large-file=\"https:\/\/i0.wp.com\/agrund.com\/wp-content\/uploads\/sites\/6\/2018\/04\/2-32-e1523635806515.jpg?fit=724%2C1024&amp;ssl=1\" decoding=\"async\" loading=\"lazy\" class=\"size-full wp-image-180689\" src=\"https:\/\/i0.wp.com\/www.agrund.com\/wp-content\/uploads\/sites\/6\/2018\/04\/2-32-e1523635806515.jpg?resize=600%2C848\" alt=\"\" width=\"600\" height=\"848\" data-recalc-dims=\"1\" \/><p id=\"caption-attachment-180689\" class=\"wp-caption-text\">Os novos \u00f3culos da Victoria Beckham Eyewear<\/p><\/div>\n<div id=\"attachment_180690\" style=\"width: 610px\" class=\"wp-caption aligncenter\"><img aria-describedby=\"caption-attachment-180690\" data-attachment-id=\"180690\" data-permalink=\"https:\/\/agrund.com\/index.php\/os-novos-oculos-da-victoria-beckham-eyewear\/3-1282\/\" data-orig-file=\"https:\/\/i0.wp.com\/agrund.com\/wp-content\/uploads\/sites\/6\/2018\/04\/3-29-e1523635841309.jpg?fit=600%2C848&amp;ssl=1\" data-orig-size=\"600,848\" data-comments-opened=\"1\" data-image-meta=\"{&quot;aperture&quot;:&quot;0&quot;,&quot;credit&quot;:&quot;&quot;,&quot;camera&quot;:&quot;&quot;,&quot;caption&quot;:&quot;&quot;,&quot;created_timestamp&quot;:&quot;0&quot;,&quot;copyright&quot;:&quot;&quot;,&quot;focal_length&quot;:&quot;0&quot;,&quot;iso&quot;:&quot;0&quot;,&quot;shutter_speed&quot;:&quot;0&quot;,&quot;title&quot;:&quot;&quot;,&quot;orientation&quot;:&quot;1&quot;}\" data-image-title=\"Os novos \u00f3culos da Victoria Beckham Eyewear\" data-image-description=\"\" data-image-caption=\"&lt;p&gt;Os novos \u00f3culos da Victoria Beckham Eyewear&lt;\/p&gt;\n\" data-medium-file=\"https:\/\/i0.wp.com\/agrund.com\/wp-content\/uploads\/sites\/6\/2018\/04\/3-29-e1523635841309.jpg?fit=212%2C300&amp;ssl=1\" data-large-file=\"https:\/\/i0.wp.com\/agrund.com\/wp-content\/uploads\/sites\/6\/2018\/04\/3-29-e1523635841309.jpg?fit=724%2C1024&amp;ssl=1\" decoding=\"async\" loading=\"lazy\" class=\"size-full wp-image-180690\" src=\"https:\/\/i0.wp.com\/www.agrund.com\/wp-content\/uploads\/sites\/6\/2018\/04\/3-29-e1523635841309.jpg?resize=600%2C848\" alt=\"\" width=\"600\" height=\"848\" data-recalc-dims=\"1\" \/><p id=\"caption-attachment-180690\" class=\"wp-caption-text\">Os novos \u00f3culos da Victoria Beckham Eyewear<\/p><\/div>\n<div id=\"attachment_180691\" style=\"width: 610px\" class=\"wp-caption aligncenter\"><img aria-describedby=\"caption-attachment-180691\" data-attachment-id=\"180691\" data-permalink=\"https:\/\/agrund.com\/index.php\/os-novos-oculos-da-victoria-beckham-eyewear\/4-1176\/\" data-orig-file=\"https:\/\/i0.wp.com\/agrund.com\/wp-content\/uploads\/sites\/6\/2018\/04\/4-27-e1523635854831.jpg?fit=600%2C848&amp;ssl=1\" data-orig-size=\"600,848\" data-comments-opened=\"1\" data-image-meta=\"{&quot;aperture&quot;:&quot;0&quot;,&quot;credit&quot;:&quot;&quot;,&quot;camera&quot;:&quot;&quot;,&quot;caption&quot;:&quot;&quot;,&quot;created_timestamp&quot;:&quot;0&quot;,&quot;copyright&quot;:&quot;&quot;,&quot;focal_length&quot;:&quot;0&quot;,&quot;iso&quot;:&quot;0&quot;,&quot;shutter_speed&quot;:&quot;0&quot;,&quot;title&quot;:&quot;&quot;,&quot;orientation&quot;:&quot;1&quot;}\" data-image-title=\"Os novos \u00f3culos da Victoria Beckham Eyewear\" data-image-description=\"\" data-image-caption=\"&lt;p&gt;Os novos \u00f3culos da Victoria Beckham Eyewear&lt;\/p&gt;\n\" data-medium-file=\"https:\/\/i0.wp.com\/agrund.com\/wp-content\/uploads\/sites\/6\/2018\/04\/4-27-e1523635854831.jpg?fit=212%2C300&amp;ssl=1\" data-large-file=\"https:\/\/i0.wp.com\/agrund.com\/wp-content\/uploads\/sites\/6\/2018\/04\/4-27-e1523635854831.jpg?fit=724%2C1024&amp;ssl=1\" decoding=\"async\" loading=\"lazy\" class=\"size-full wp-image-180691\" src=\"https:\/\/i0.wp.com\/www.agrund.com\/wp-content\/uploads\/sites\/6\/2018\/04\/4-27-e1523635854831.jpg?resize=600%2C848\" alt=\"\" width=\"600\" height=\"848\" data-recalc-dims=\"1\" \/><p id=\"caption-attachment-180691\" class=\"wp-caption-text\">Os novos \u00f3culos da Victoria Beckham Eyewear<\/p><\/div>\n<p>Fotos: Reprodu\u00e7\u00e3o.<\/p>\n","protected":false},"excerpt":{"rendered":"<p>A cole\u00e7\u00e3o primavera\/ver\u00e3o 2018 de \u00f3culos da Victoria Beckham j\u00e1 est\u00e1 entre n\u00f3s. Nesta temporada, a estilista apostou nas arma\u00e7\u00f5es grandes, tanto para os \u00f3culos de sol quanto os de grau. Na campanha, a modelo Giedre Dukauskaite encarna uma mulher chique e super moderna, com \u00f3culos de lentes coloridas e transparentes, e arma\u00e7\u00f5es de metal. [&hellip;]<\/p>\n","protected":false},"author":8,"featured_media":180692,"comment_status":"open","ping_status":"open","sticky":false,"template":"","format":"standard","meta":{"jetpack_post_was_ever_published":false,"_jetpack_newsletter_access":"","jetpack_publicize_message":"","jetpack_is_tweetstorm":false,"jetpack_publicize_feature_enabled":true,"jetpack_social_post_already_shared":true,"jetpack_social_options":{"image_generator_settings":{"template":"highway","enabled":false}}},"categories":[2],"tags":[],"jetpack_publicize_connections":[],"jetpack_featured_media_url":"https:\/\/i0.wp.com\/agrund.com\/wp-content\/uploads\/sites\/6\/2018\/04\/s-47.jpg?fit=960%2C300&ssl=1","jetpack_sharing_enabled":true,"jetpack_shortlink":"https:\/\/wp.me\/p3Hz0n-L0j","jetpack_likes_enabled":true,"_links":{"self":[{"href":"https:\/\/agrund.com\/index.php\/wp-json\/wp\/v2\/posts\/180687"}],"collection":[{"href":"https:\/\/agrund.com\/index.php\/wp-json\/wp\/v2\/posts"}],"about":[{"href":"https:\/\/agrund.com\/index.php\/wp-json\/wp\/v2\/types\/post"}],"author":[{"embeddable":true,"href":"https:\/\/agrund.com\/index.php\/wp-json\/wp\/v2\/users\/8"}],"replies":[{"embeddable":true,"href":"https:\/\/agrund.com\/index.php\/wp-json\/wp\/v2\/comments?post=180687"}],"version-history":[{"count":0,"href":"https:\/\/agrund.com\/index.php\/wp-json\/wp\/v2\/posts\/180687\/revisions"}],"wp:featuredmedia":[{"embeddable":true,"href":"https:\/\/agrund.com\/index.php\/wp-json\/wp\/v2\/media\/180692"}],"wp:attachment":[{"href":"https:\/\/agrund.com\/index.php\/wp-json\/wp\/v2\/media?parent=180687"}],"wp:term":[{"taxonomy":"category","embeddable":true,"href":"https:\/\/agrund.com\/index.php\/wp-json\/wp\/v2\/categories?post=180687"},{"taxonomy":"post_tag","embeddable":true,"href":"https:\/\/agrund.com\/index.php\/wp-json\/wp\/v2\/tags?post=180687"}],"curies":[{"name":"wp","href":"https:\/\/api.w.org\/{rel}","templated":true}]}}