{"id":180650,"date":"2018-04-12T17:00:36","date_gmt":"2018-04-12T20:00:36","guid":{"rendered":"http:\/\/www.agrund.com\/?p=180650"},"modified":"2018-04-12T14:22:36","modified_gmt":"2018-04-12T17:22:36","slug":"gigi-hadid-em-tres-capas-da-harpers-bazar-us","status":"publish","type":"post","link":"https:\/\/agrund.com\/index.php\/gigi-hadid-em-tres-capas-da-harpers-bazar-us\/","title":{"rendered":"Gigi Hadid em tr\u00eas capas da &#8216;Harper\u2019s Bazar&#8217; US"},"content":{"rendered":"<p>A \u2018Harper\u2019s Bazar\u2019 americana convocou Gigi Hadid para estrelar n\u00e3o s\u00f3 uma, mas, sim, tr\u00eas capas de sua edi\u00e7\u00e3o de maio 2018.<\/p>\n<p>Na primeira delas, a modelo aparece em um close, vestindo um su\u00e9ter vermelho da Versace. Para a segunda, tamb\u00e9m uma foto em close, Gigi aparece com um chap\u00e9u branco de Eric Javits e um vestido xadrez da Fendi. Por fim, na terceira capa ela veste um conjunto P&amp;B da Chanel, enquanto posa com um d\u00e1lmata. Um charme de foto!<\/p>\n<p>No editorial fotografado por Mariano Vivando, Gigi mostra todo seu glamour e estilo com look Celine, Tod\u2019s e Ralph Lauren, enquanto posa com diversos cachorros.<\/p>\n<p>Confira:<\/p>\n<div id=\"attachment_180651\" style=\"width: 610px\" class=\"wp-caption aligncenter\"><img aria-describedby=\"caption-attachment-180651\" data-attachment-id=\"180651\" data-permalink=\"https:\/\/agrund.com\/index.php\/gigi-hadid-em-tres-capas-da-harpers-bazar-us\/1-1441\/\" data-orig-file=\"https:\/\/i0.wp.com\/agrund.com\/wp-content\/uploads\/sites\/6\/2018\/04\/1-36-e1523553543520.jpg?fit=600%2C735&amp;ssl=1\" data-orig-size=\"600,735\" data-comments-opened=\"1\" data-image-meta=\"{&quot;aperture&quot;:&quot;0&quot;,&quot;credit&quot;:&quot;&quot;,&quot;camera&quot;:&quot;&quot;,&quot;caption&quot;:&quot;&quot;,&quot;created_timestamp&quot;:&quot;0&quot;,&quot;copyright&quot;:&quot;&quot;,&quot;focal_length&quot;:&quot;0&quot;,&quot;iso&quot;:&quot;0&quot;,&quot;shutter_speed&quot;:&quot;0&quot;,&quot;title&quot;:&quot;&quot;,&quot;orientation&quot;:&quot;1&quot;}\" data-image-title=\"Gigi Hadid em tr\u00eas capas da &#8216;Harper\u2019s Bazar&#8217; US\" data-image-description=\"\" data-image-caption=\"&lt;p&gt;Gigi Hadid em tr\u00eas capas da &#8216;Harper\u2019s Bazar&#8217; US&lt;\/p&gt;\n\" data-medium-file=\"https:\/\/i0.wp.com\/agrund.com\/wp-content\/uploads\/sites\/6\/2018\/04\/1-36-e1523553543520.jpg?fit=245%2C300&amp;ssl=1\" data-large-file=\"https:\/\/i0.wp.com\/agrund.com\/wp-content\/uploads\/sites\/6\/2018\/04\/1-36-e1523553543520.jpg?fit=600%2C735&amp;ssl=1\" decoding=\"async\" loading=\"lazy\" class=\"size-full wp-image-180651\" src=\"https:\/\/i0.wp.com\/www.agrund.com\/wp-content\/uploads\/sites\/6\/2018\/04\/1-36-e1523553543520.jpg?resize=600%2C735\" alt=\"\" width=\"600\" height=\"735\" data-recalc-dims=\"1\" \/><p id=\"caption-attachment-180651\" class=\"wp-caption-text\">Gigi Hadid em tr\u00eas capas da &#8216;Harper\u2019s Bazar&#8217; US<\/p><\/div>\n<div id=\"attachment_180652\" style=\"width: 610px\" class=\"wp-caption aligncenter\"><img aria-describedby=\"caption-attachment-180652\" data-attachment-id=\"180652\" data-permalink=\"https:\/\/agrund.com\/index.php\/gigi-hadid-em-tres-capas-da-harpers-bazar-us\/2-1376\/\" data-orig-file=\"https:\/\/i0.wp.com\/agrund.com\/wp-content\/uploads\/sites\/6\/2018\/04\/2-30-e1523553627345.jpg?fit=600%2C735&amp;ssl=1\" data-orig-size=\"600,735\" data-comments-opened=\"1\" data-image-meta=\"{&quot;aperture&quot;:&quot;0&quot;,&quot;credit&quot;:&quot;&quot;,&quot;camera&quot;:&quot;&quot;,&quot;caption&quot;:&quot;&quot;,&quot;created_timestamp&quot;:&quot;0&quot;,&quot;copyright&quot;:&quot;&quot;,&quot;focal_length&quot;:&quot;0&quot;,&quot;iso&quot;:&quot;0&quot;,&quot;shutter_speed&quot;:&quot;0&quot;,&quot;title&quot;:&quot;&quot;,&quot;orientation&quot;:&quot;1&quot;}\" data-image-title=\"Gigi Hadid em tr\u00eas capas da &#8216;Harper\u2019s Bazar&#8217; US\" data-image-description=\"\" data-image-caption=\"&lt;p&gt;Gigi Hadid em tr\u00eas capas da &#8216;Harper\u2019s Bazar&#8217; US&lt;\/p&gt;\n\" data-medium-file=\"https:\/\/i0.wp.com\/agrund.com\/wp-content\/uploads\/sites\/6\/2018\/04\/2-30-e1523553627345.jpg?fit=245%2C300&amp;ssl=1\" data-large-file=\"https:\/\/i0.wp.com\/agrund.com\/wp-content\/uploads\/sites\/6\/2018\/04\/2-30-e1523553627345.jpg?fit=600%2C735&amp;ssl=1\" decoding=\"async\" loading=\"lazy\" class=\"size-full wp-image-180652\" src=\"https:\/\/i0.wp.com\/www.agrund.com\/wp-content\/uploads\/sites\/6\/2018\/04\/2-30-e1523553627345.jpg?resize=600%2C735\" alt=\"\" width=\"600\" height=\"735\" data-recalc-dims=\"1\" \/><p id=\"caption-attachment-180652\" class=\"wp-caption-text\">Gigi Hadid em tr\u00eas capas da &#8216;Harper\u2019s Bazar&#8217; US<\/p><\/div>\n<div id=\"attachment_180653\" style=\"width: 610px\" class=\"wp-caption aligncenter\"><img aria-describedby=\"caption-attachment-180653\" data-attachment-id=\"180653\" data-permalink=\"https:\/\/agrund.com\/index.php\/gigi-hadid-em-tres-capas-da-harpers-bazar-us\/3-1280\/\" data-orig-file=\"https:\/\/i0.wp.com\/agrund.com\/wp-content\/uploads\/sites\/6\/2018\/04\/3-27-e1523553641826.jpg?fit=600%2C735&amp;ssl=1\" data-orig-size=\"600,735\" data-comments-opened=\"1\" data-image-meta=\"{&quot;aperture&quot;:&quot;0&quot;,&quot;credit&quot;:&quot;&quot;,&quot;camera&quot;:&quot;&quot;,&quot;caption&quot;:&quot;&quot;,&quot;created_timestamp&quot;:&quot;0&quot;,&quot;copyright&quot;:&quot;&quot;,&quot;focal_length&quot;:&quot;0&quot;,&quot;iso&quot;:&quot;0&quot;,&quot;shutter_speed&quot;:&quot;0&quot;,&quot;title&quot;:&quot;&quot;,&quot;orientation&quot;:&quot;1&quot;}\" data-image-title=\"Gigi Hadid em tr\u00eas capas da &#8216;Harper\u2019s Bazar&#8217; US\" data-image-description=\"\" data-image-caption=\"&lt;p&gt;Gigi Hadid em tr\u00eas capas da &#8216;Harper\u2019s Bazar&#8217; US&lt;\/p&gt;\n\" data-medium-file=\"https:\/\/i0.wp.com\/agrund.com\/wp-content\/uploads\/sites\/6\/2018\/04\/3-27-e1523553641826.jpg?fit=245%2C300&amp;ssl=1\" data-large-file=\"https:\/\/i0.wp.com\/agrund.com\/wp-content\/uploads\/sites\/6\/2018\/04\/3-27-e1523553641826.jpg?fit=600%2C735&amp;ssl=1\" decoding=\"async\" loading=\"lazy\" class=\"size-full wp-image-180653\" src=\"https:\/\/i0.wp.com\/www.agrund.com\/wp-content\/uploads\/sites\/6\/2018\/04\/3-27-e1523553641826.jpg?resize=600%2C735\" alt=\"\" width=\"600\" height=\"735\" data-recalc-dims=\"1\" \/><p id=\"caption-attachment-180653\" class=\"wp-caption-text\">Gigi Hadid em tr\u00eas capas da &#8216;Harper\u2019s Bazar&#8217; US<\/p><\/div>\n<div id=\"attachment_180654\" style=\"width: 610px\" class=\"wp-caption aligncenter\"><img aria-describedby=\"caption-attachment-180654\" data-attachment-id=\"180654\" data-permalink=\"https:\/\/agrund.com\/index.php\/gigi-hadid-em-tres-capas-da-harpers-bazar-us\/4-1174\/\" data-orig-file=\"https:\/\/i0.wp.com\/agrund.com\/wp-content\/uploads\/sites\/6\/2018\/04\/4-25-e1523553655639.jpg?fit=600%2C730&amp;ssl=1\" data-orig-size=\"600,730\" data-comments-opened=\"1\" data-image-meta=\"{&quot;aperture&quot;:&quot;0&quot;,&quot;credit&quot;:&quot;&quot;,&quot;camera&quot;:&quot;&quot;,&quot;caption&quot;:&quot;&quot;,&quot;created_timestamp&quot;:&quot;0&quot;,&quot;copyright&quot;:&quot;&quot;,&quot;focal_length&quot;:&quot;0&quot;,&quot;iso&quot;:&quot;0&quot;,&quot;shutter_speed&quot;:&quot;0&quot;,&quot;title&quot;:&quot;&quot;,&quot;orientation&quot;:&quot;1&quot;}\" data-image-title=\"Gigi Hadid em tr\u00eas capas da &#8216;Harper\u2019s Bazar&#8217; US\" data-image-description=\"\" data-image-caption=\"&lt;p&gt;Gigi Hadid em tr\u00eas capas da &#8216;Harper\u2019s Bazar&#8217; US&lt;\/p&gt;\n\" data-medium-file=\"https:\/\/i0.wp.com\/agrund.com\/wp-content\/uploads\/sites\/6\/2018\/04\/4-25-e1523553655639.jpg?fit=247%2C300&amp;ssl=1\" data-large-file=\"https:\/\/i0.wp.com\/agrund.com\/wp-content\/uploads\/sites\/6\/2018\/04\/4-25-e1523553655639.jpg?fit=600%2C730&amp;ssl=1\" decoding=\"async\" loading=\"lazy\" class=\"size-full wp-image-180654\" src=\"https:\/\/i0.wp.com\/www.agrund.com\/wp-content\/uploads\/sites\/6\/2018\/04\/4-25-e1523553655639.jpg?resize=600%2C730\" alt=\"\" width=\"600\" height=\"730\" data-recalc-dims=\"1\" \/><p id=\"caption-attachment-180654\" class=\"wp-caption-text\">Gigi Hadid em tr\u00eas capas da &#8216;Harper\u2019s Bazar&#8217; US<\/p><\/div>\n<div id=\"attachment_180655\" style=\"width: 610px\" class=\"wp-caption aligncenter\"><img aria-describedby=\"caption-attachment-180655\" data-attachment-id=\"180655\" data-permalink=\"https:\/\/agrund.com\/index.php\/gigi-hadid-em-tres-capas-da-harpers-bazar-us\/5-1017\/\" data-orig-file=\"https:\/\/i0.wp.com\/agrund.com\/wp-content\/uploads\/sites\/6\/2018\/04\/5-15-e1523553671395.jpg?fit=600%2C744&amp;ssl=1\" data-orig-size=\"600,744\" data-comments-opened=\"1\" data-image-meta=\"{&quot;aperture&quot;:&quot;0&quot;,&quot;credit&quot;:&quot;&quot;,&quot;camera&quot;:&quot;&quot;,&quot;caption&quot;:&quot;&quot;,&quot;created_timestamp&quot;:&quot;0&quot;,&quot;copyright&quot;:&quot;&quot;,&quot;focal_length&quot;:&quot;0&quot;,&quot;iso&quot;:&quot;0&quot;,&quot;shutter_speed&quot;:&quot;0&quot;,&quot;title&quot;:&quot;&quot;,&quot;orientation&quot;:&quot;1&quot;}\" data-image-title=\"Gigi Hadid em tr\u00eas capas da &#8216;Harper\u2019s Bazar&#8217; US\" data-image-description=\"\" data-image-caption=\"&lt;p&gt;Gigi Hadid em tr\u00eas capas da &#8216;Harper\u2019s Bazar&#8217; US&lt;\/p&gt;\n\" data-medium-file=\"https:\/\/i0.wp.com\/agrund.com\/wp-content\/uploads\/sites\/6\/2018\/04\/5-15-e1523553671395.jpg?fit=242%2C300&amp;ssl=1\" data-large-file=\"https:\/\/i0.wp.com\/agrund.com\/wp-content\/uploads\/sites\/6\/2018\/04\/5-15-e1523553671395.jpg?fit=600%2C744&amp;ssl=1\" decoding=\"async\" loading=\"lazy\" class=\"size-full wp-image-180655\" src=\"https:\/\/i0.wp.com\/www.agrund.com\/wp-content\/uploads\/sites\/6\/2018\/04\/5-15-e1523553671395.jpg?resize=600%2C744\" alt=\"\" width=\"600\" height=\"744\" data-recalc-dims=\"1\" \/><p id=\"caption-attachment-180655\" class=\"wp-caption-text\">Gigi Hadid em tr\u00eas capas da &#8216;Harper\u2019s Bazar&#8217; US<\/p><\/div>\n<div id=\"attachment_180656\" style=\"width: 610px\" class=\"wp-caption aligncenter\"><img aria-describedby=\"caption-attachment-180656\" data-attachment-id=\"180656\" data-permalink=\"https:\/\/agrund.com\/index.php\/gigi-hadid-em-tres-capas-da-harpers-bazar-us\/6-950\/\" data-orig-file=\"https:\/\/i0.wp.com\/agrund.com\/wp-content\/uploads\/sites\/6\/2018\/04\/6-11-e1523553711855.jpg?fit=600%2C732&amp;ssl=1\" data-orig-size=\"600,732\" data-comments-opened=\"1\" data-image-meta=\"{&quot;aperture&quot;:&quot;0&quot;,&quot;credit&quot;:&quot;&quot;,&quot;camera&quot;:&quot;&quot;,&quot;caption&quot;:&quot;&quot;,&quot;created_timestamp&quot;:&quot;0&quot;,&quot;copyright&quot;:&quot;&quot;,&quot;focal_length&quot;:&quot;0&quot;,&quot;iso&quot;:&quot;0&quot;,&quot;shutter_speed&quot;:&quot;0&quot;,&quot;title&quot;:&quot;&quot;,&quot;orientation&quot;:&quot;1&quot;}\" data-image-title=\"Gigi Hadid em tr\u00eas capas da &#8216;Harper\u2019s Bazar&#8217; US\" data-image-description=\"\" data-image-caption=\"&lt;p&gt;Gigi Hadid em tr\u00eas capas da &#8216;Harper\u2019s Bazar&#8217; US&lt;\/p&gt;\n\" data-medium-file=\"https:\/\/i0.wp.com\/agrund.com\/wp-content\/uploads\/sites\/6\/2018\/04\/6-11-e1523553711855.jpg?fit=246%2C300&amp;ssl=1\" data-large-file=\"https:\/\/i0.wp.com\/agrund.com\/wp-content\/uploads\/sites\/6\/2018\/04\/6-11-e1523553711855.jpg?fit=600%2C732&amp;ssl=1\" decoding=\"async\" loading=\"lazy\" class=\"size-full wp-image-180656\" src=\"https:\/\/i0.wp.com\/www.agrund.com\/wp-content\/uploads\/sites\/6\/2018\/04\/6-11-e1523553711855.jpg?resize=600%2C732\" alt=\"\" width=\"600\" height=\"732\" data-recalc-dims=\"1\" \/><p id=\"caption-attachment-180656\" class=\"wp-caption-text\">Gigi Hadid em tr\u00eas capas da &#8216;Harper\u2019s Bazar&#8217; US<\/p><\/div>\n<div id=\"attachment_180657\" style=\"width: 610px\" class=\"wp-caption aligncenter\"><img aria-describedby=\"caption-attachment-180657\" data-attachment-id=\"180657\" data-permalink=\"https:\/\/agrund.com\/index.php\/gigi-hadid-em-tres-capas-da-harpers-bazar-us\/7-826\/\" data-orig-file=\"https:\/\/i0.wp.com\/agrund.com\/wp-content\/uploads\/sites\/6\/2018\/04\/7-7-e1523553728329.jpg?fit=600%2C679&amp;ssl=1\" data-orig-size=\"600,679\" data-comments-opened=\"1\" data-image-meta=\"{&quot;aperture&quot;:&quot;0&quot;,&quot;credit&quot;:&quot;&quot;,&quot;camera&quot;:&quot;&quot;,&quot;caption&quot;:&quot;&quot;,&quot;created_timestamp&quot;:&quot;0&quot;,&quot;copyright&quot;:&quot;&quot;,&quot;focal_length&quot;:&quot;0&quot;,&quot;iso&quot;:&quot;0&quot;,&quot;shutter_speed&quot;:&quot;0&quot;,&quot;title&quot;:&quot;&quot;,&quot;orientation&quot;:&quot;1&quot;}\" data-image-title=\"Gigi Hadid em tr\u00eas capas da &#8216;Harper\u2019s Bazar&#8217; US\" data-image-description=\"\" data-image-caption=\"&lt;p&gt;Gigi Hadid em tr\u00eas capas da &#8216;Harper\u2019s Bazar&#8217; US&lt;\/p&gt;\n\" data-medium-file=\"https:\/\/i0.wp.com\/agrund.com\/wp-content\/uploads\/sites\/6\/2018\/04\/7-7-e1523553728329.jpg?fit=265%2C300&amp;ssl=1\" data-large-file=\"https:\/\/i0.wp.com\/agrund.com\/wp-content\/uploads\/sites\/6\/2018\/04\/7-7-e1523553728329.jpg?fit=600%2C679&amp;ssl=1\" decoding=\"async\" loading=\"lazy\" class=\"size-full wp-image-180657\" src=\"https:\/\/i0.wp.com\/www.agrund.com\/wp-content\/uploads\/sites\/6\/2018\/04\/7-7-e1523553728329.jpg?resize=600%2C679\" alt=\"\" width=\"600\" height=\"679\" data-recalc-dims=\"1\" \/><p id=\"caption-attachment-180657\" class=\"wp-caption-text\">Gigi Hadid em tr\u00eas capas da &#8216;Harper\u2019s Bazar&#8217; US<\/p><\/div>\n<p>Fotos: Reprodu\u00e7\u00e3o.<\/p>\n","protected":false},"excerpt":{"rendered":"<p>A \u2018Harper\u2019s Bazar\u2019 americana convocou Gigi Hadid para estrelar n\u00e3o s\u00f3 uma, mas, sim, tr\u00eas capas de sua edi\u00e7\u00e3o de maio 2018. Na primeira delas, a modelo aparece em um close, vestindo um su\u00e9ter vermelho da Versace. Para a segunda, tamb\u00e9m uma foto em close, Gigi aparece com um chap\u00e9u branco de Eric Javits e [&hellip;]<\/p>\n","protected":false},"author":8,"featured_media":180658,"comment_status":"open","ping_status":"open","sticky":false,"template":"","format":"standard","meta":{"jetpack_post_was_ever_published":false,"_jetpack_newsletter_access":"","jetpack_publicize_message":"","jetpack_is_tweetstorm":false,"jetpack_publicize_feature_enabled":true,"jetpack_social_post_already_shared":true,"jetpack_social_options":{"image_generator_settings":{"template":"highway","enabled":false}}},"categories":[2],"tags":[],"jetpack_publicize_connections":[],"jetpack_featured_media_url":"https:\/\/i0.wp.com\/agrund.com\/wp-content\/uploads\/sites\/6\/2018\/04\/s-43.jpg?fit=960%2C300&ssl=1","jetpack_sharing_enabled":true,"jetpack_shortlink":"https:\/\/wp.me\/p3Hz0n-KZI","jetpack_likes_enabled":true,"_links":{"self":[{"href":"https:\/\/agrund.com\/index.php\/wp-json\/wp\/v2\/posts\/180650"}],"collection":[{"href":"https:\/\/agrund.com\/index.php\/wp-json\/wp\/v2\/posts"}],"about":[{"href":"https:\/\/agrund.com\/index.php\/wp-json\/wp\/v2\/types\/post"}],"author":[{"embeddable":true,"href":"https:\/\/agrund.com\/index.php\/wp-json\/wp\/v2\/users\/8"}],"replies":[{"embeddable":true,"href":"https:\/\/agrund.com\/index.php\/wp-json\/wp\/v2\/comments?post=180650"}],"version-history":[{"count":0,"href":"https:\/\/agrund.com\/index.php\/wp-json\/wp\/v2\/posts\/180650\/revisions"}],"wp:featuredmedia":[{"embeddable":true,"href":"https:\/\/agrund.com\/index.php\/wp-json\/wp\/v2\/media\/180658"}],"wp:attachment":[{"href":"https:\/\/agrund.com\/index.php\/wp-json\/wp\/v2\/media?parent=180650"}],"wp:term":[{"taxonomy":"category","embeddable":true,"href":"https:\/\/agrund.com\/index.php\/wp-json\/wp\/v2\/categories?post=180650"},{"taxonomy":"post_tag","embeddable":true,"href":"https:\/\/agrund.com\/index.php\/wp-json\/wp\/v2\/tags?post=180650"}],"curies":[{"name":"wp","href":"https:\/\/api.w.org\/{rel}","templated":true}]}}