{"id":180617,"date":"2018-04-11T18:00:25","date_gmt":"2018-04-11T21:00:25","guid":{"rendered":"http:\/\/www.agrund.com\/?p=180617"},"modified":"2018-04-11T18:19:03","modified_gmt":"2018-04-11T21:19:03","slug":"amal-clooney-brilha-na-capa-da-vogue-us","status":"publish","type":"post","link":"https:\/\/agrund.com\/index.php\/amal-clooney-brilha-na-capa-da-vogue-us\/","title":{"rendered":"Amal Clooney brilha na capa da \u2018Vogue\u2019 US"},"content":{"rendered":"<p>N\u00e3o estamos nem no meio do m\u00eas de abril, mas as capas das revistas de maio j\u00e1 come\u00e7aram a aparecer. Quem aparece, pela primeira vez, na capa da \u2018Vogue\u2019 americana \u00e9 Amal Clooney, e ela est\u00e1 bel\u00edssima!<\/p>\n<p>No clique principal, a advogada est\u00e1 radiante com um vestido pink da Alexander McQueen e joias da Cartier.<\/p>\n<p>Todo o ensaio fotogr\u00e1fico para a publica\u00e7\u00e3o foi feito na casa de Amal e George em Aberlash, no Reino Unido. A fotografia \u00e9 Annie Leibovitz. Confira:<\/p>\n<div id=\"attachment_180619\" style=\"width: 560px\" class=\"wp-caption aligncenter\"><img aria-describedby=\"caption-attachment-180619\" data-attachment-id=\"180619\" data-permalink=\"https:\/\/agrund.com\/index.php\/amal-clooney-brilha-na-capa-da-vogue-us\/1-1438\/\" data-orig-file=\"https:\/\/i0.wp.com\/agrund.com\/wp-content\/uploads\/sites\/6\/2018\/04\/1-33.jpg?fit=550%2C767&amp;ssl=1\" data-orig-size=\"550,767\" data-comments-opened=\"1\" data-image-meta=\"{&quot;aperture&quot;:&quot;0&quot;,&quot;credit&quot;:&quot;&quot;,&quot;camera&quot;:&quot;&quot;,&quot;caption&quot;:&quot;&quot;,&quot;created_timestamp&quot;:&quot;0&quot;,&quot;copyright&quot;:&quot;&quot;,&quot;focal_length&quot;:&quot;0&quot;,&quot;iso&quot;:&quot;0&quot;,&quot;shutter_speed&quot;:&quot;0&quot;,&quot;title&quot;:&quot;&quot;,&quot;orientation&quot;:&quot;1&quot;}\" data-image-title=\"Amal Clooney brilha na capa da \u2018Vogue\u2019 US\" data-image-description=\"\" data-image-caption=\"&lt;p&gt;Amal Clooney brilha na capa da \u2018Vogue\u2019 US&lt;\/p&gt;\n\" data-medium-file=\"https:\/\/i0.wp.com\/agrund.com\/wp-content\/uploads\/sites\/6\/2018\/04\/1-33.jpg?fit=215%2C300&amp;ssl=1\" data-large-file=\"https:\/\/i0.wp.com\/agrund.com\/wp-content\/uploads\/sites\/6\/2018\/04\/1-33.jpg?fit=550%2C767&amp;ssl=1\" decoding=\"async\" loading=\"lazy\" class=\"size-full wp-image-180619\" src=\"https:\/\/i0.wp.com\/www.agrund.com\/wp-content\/uploads\/sites\/6\/2018\/04\/1-33.jpg?resize=550%2C767\" alt=\"\" width=\"550\" height=\"767\" srcset=\"https:\/\/i0.wp.com\/agrund.com\/wp-content\/uploads\/sites\/6\/2018\/04\/1-33.jpg?w=550&amp;ssl=1 550w, https:\/\/i0.wp.com\/agrund.com\/wp-content\/uploads\/sites\/6\/2018\/04\/1-33.jpg?resize=215%2C300&amp;ssl=1 215w\" sizes=\"(max-width: 550px) 100vw, 550px\" data-recalc-dims=\"1\" \/><p id=\"caption-attachment-180619\" class=\"wp-caption-text\">Amal Clooney brilha na capa da \u2018Vogue\u2019 US<\/p><\/div>\n<div id=\"attachment_180620\" style=\"width: 560px\" class=\"wp-caption aligncenter\"><img aria-describedby=\"caption-attachment-180620\" data-attachment-id=\"180620\" data-permalink=\"https:\/\/agrund.com\/index.php\/amal-clooney-brilha-na-capa-da-vogue-us\/2-1374\/\" data-orig-file=\"https:\/\/i0.wp.com\/agrund.com\/wp-content\/uploads\/sites\/6\/2018\/04\/2-28.jpg?fit=550%2C472&amp;ssl=1\" data-orig-size=\"550,472\" data-comments-opened=\"1\" data-image-meta=\"{&quot;aperture&quot;:&quot;0&quot;,&quot;credit&quot;:&quot;&quot;,&quot;camera&quot;:&quot;&quot;,&quot;caption&quot;:&quot;&quot;,&quot;created_timestamp&quot;:&quot;0&quot;,&quot;copyright&quot;:&quot;&quot;,&quot;focal_length&quot;:&quot;0&quot;,&quot;iso&quot;:&quot;0&quot;,&quot;shutter_speed&quot;:&quot;0&quot;,&quot;title&quot;:&quot;&quot;,&quot;orientation&quot;:&quot;1&quot;}\" data-image-title=\"Amal Clooney brilha na capa da \u2018Vogue\u2019 US\" data-image-description=\"\" data-image-caption=\"&lt;p&gt;Amal Clooney brilha na capa da \u2018Vogue\u2019 US&lt;\/p&gt;\n\" data-medium-file=\"https:\/\/i0.wp.com\/agrund.com\/wp-content\/uploads\/sites\/6\/2018\/04\/2-28.jpg?fit=300%2C257&amp;ssl=1\" data-large-file=\"https:\/\/i0.wp.com\/agrund.com\/wp-content\/uploads\/sites\/6\/2018\/04\/2-28.jpg?fit=550%2C472&amp;ssl=1\" decoding=\"async\" loading=\"lazy\" class=\"size-full wp-image-180620\" src=\"https:\/\/i0.wp.com\/www.agrund.com\/wp-content\/uploads\/sites\/6\/2018\/04\/2-28.jpg?resize=550%2C472\" alt=\"\" width=\"550\" height=\"472\" srcset=\"https:\/\/i0.wp.com\/agrund.com\/wp-content\/uploads\/sites\/6\/2018\/04\/2-28.jpg?w=550&amp;ssl=1 550w, https:\/\/i0.wp.com\/agrund.com\/wp-content\/uploads\/sites\/6\/2018\/04\/2-28.jpg?resize=300%2C257&amp;ssl=1 300w\" sizes=\"(max-width: 550px) 100vw, 550px\" data-recalc-dims=\"1\" \/><p id=\"caption-attachment-180620\" class=\"wp-caption-text\">Amal Clooney brilha na capa da \u2018Vogue\u2019 US<\/p><\/div>\n<div id=\"attachment_180621\" style=\"width: 560px\" class=\"wp-caption aligncenter\"><img aria-describedby=\"caption-attachment-180621\" data-attachment-id=\"180621\" data-permalink=\"https:\/\/agrund.com\/index.php\/amal-clooney-brilha-na-capa-da-vogue-us\/3-1278\/\" data-orig-file=\"https:\/\/i0.wp.com\/agrund.com\/wp-content\/uploads\/sites\/6\/2018\/04\/3-25.jpg?fit=550%2C366&amp;ssl=1\" data-orig-size=\"550,366\" data-comments-opened=\"1\" data-image-meta=\"{&quot;aperture&quot;:&quot;0&quot;,&quot;credit&quot;:&quot;&quot;,&quot;camera&quot;:&quot;&quot;,&quot;caption&quot;:&quot;&quot;,&quot;created_timestamp&quot;:&quot;0&quot;,&quot;copyright&quot;:&quot;&quot;,&quot;focal_length&quot;:&quot;0&quot;,&quot;iso&quot;:&quot;0&quot;,&quot;shutter_speed&quot;:&quot;0&quot;,&quot;title&quot;:&quot;&quot;,&quot;orientation&quot;:&quot;1&quot;}\" data-image-title=\"Amal Clooney brilha na capa da \u2018Vogue\u2019 US\" data-image-description=\"\" data-image-caption=\"&lt;p&gt;Amal Clooney brilha na capa da \u2018Vogue\u2019 US&lt;\/p&gt;\n\" data-medium-file=\"https:\/\/i0.wp.com\/agrund.com\/wp-content\/uploads\/sites\/6\/2018\/04\/3-25.jpg?fit=300%2C200&amp;ssl=1\" data-large-file=\"https:\/\/i0.wp.com\/agrund.com\/wp-content\/uploads\/sites\/6\/2018\/04\/3-25.jpg?fit=550%2C366&amp;ssl=1\" decoding=\"async\" loading=\"lazy\" class=\"size-full wp-image-180621\" src=\"https:\/\/i0.wp.com\/www.agrund.com\/wp-content\/uploads\/sites\/6\/2018\/04\/3-25.jpg?resize=550%2C366\" alt=\"\" width=\"550\" height=\"366\" srcset=\"https:\/\/i0.wp.com\/agrund.com\/wp-content\/uploads\/sites\/6\/2018\/04\/3-25.jpg?w=550&amp;ssl=1 550w, https:\/\/i0.wp.com\/agrund.com\/wp-content\/uploads\/sites\/6\/2018\/04\/3-25.jpg?resize=300%2C200&amp;ssl=1 300w\" sizes=\"(max-width: 550px) 100vw, 550px\" data-recalc-dims=\"1\" \/><p id=\"caption-attachment-180621\" class=\"wp-caption-text\">Amal Clooney brilha na capa da \u2018Vogue\u2019 US<\/p><\/div>\n<div id=\"attachment_180622\" style=\"width: 560px\" class=\"wp-caption aligncenter\"><img aria-describedby=\"caption-attachment-180622\" data-attachment-id=\"180622\" data-permalink=\"https:\/\/agrund.com\/index.php\/amal-clooney-brilha-na-capa-da-vogue-us\/4-1172\/\" data-orig-file=\"https:\/\/i0.wp.com\/agrund.com\/wp-content\/uploads\/sites\/6\/2018\/04\/4-23.jpg?fit=550%2C416&amp;ssl=1\" data-orig-size=\"550,416\" data-comments-opened=\"1\" data-image-meta=\"{&quot;aperture&quot;:&quot;0&quot;,&quot;credit&quot;:&quot;&quot;,&quot;camera&quot;:&quot;&quot;,&quot;caption&quot;:&quot;&quot;,&quot;created_timestamp&quot;:&quot;0&quot;,&quot;copyright&quot;:&quot;&quot;,&quot;focal_length&quot;:&quot;0&quot;,&quot;iso&quot;:&quot;0&quot;,&quot;shutter_speed&quot;:&quot;0&quot;,&quot;title&quot;:&quot;&quot;,&quot;orientation&quot;:&quot;1&quot;}\" data-image-title=\"Amal Clooney brilha na capa da \u2018Vogue\u2019 US\" data-image-description=\"\" data-image-caption=\"&lt;p&gt;Amal Clooney brilha na capa da \u2018Vogue\u2019 US&lt;\/p&gt;\n\" data-medium-file=\"https:\/\/i0.wp.com\/agrund.com\/wp-content\/uploads\/sites\/6\/2018\/04\/4-23.jpg?fit=300%2C227&amp;ssl=1\" data-large-file=\"https:\/\/i0.wp.com\/agrund.com\/wp-content\/uploads\/sites\/6\/2018\/04\/4-23.jpg?fit=550%2C416&amp;ssl=1\" decoding=\"async\" loading=\"lazy\" class=\"size-full wp-image-180622\" src=\"https:\/\/i0.wp.com\/www.agrund.com\/wp-content\/uploads\/sites\/6\/2018\/04\/4-23.jpg?resize=550%2C416\" alt=\"\" width=\"550\" height=\"416\" srcset=\"https:\/\/i0.wp.com\/agrund.com\/wp-content\/uploads\/sites\/6\/2018\/04\/4-23.jpg?w=550&amp;ssl=1 550w, https:\/\/i0.wp.com\/agrund.com\/wp-content\/uploads\/sites\/6\/2018\/04\/4-23.jpg?resize=300%2C227&amp;ssl=1 300w\" sizes=\"(max-width: 550px) 100vw, 550px\" data-recalc-dims=\"1\" \/><p id=\"caption-attachment-180622\" class=\"wp-caption-text\">Amal Clooney brilha na capa da \u2018Vogue\u2019 US<\/p><\/div>\n<div id=\"attachment_180623\" style=\"width: 560px\" class=\"wp-caption aligncenter\"><img aria-describedby=\"caption-attachment-180623\" data-attachment-id=\"180623\" data-permalink=\"https:\/\/agrund.com\/index.php\/amal-clooney-brilha-na-capa-da-vogue-us\/5-1016\/\" data-orig-file=\"https:\/\/i0.wp.com\/agrund.com\/wp-content\/uploads\/sites\/6\/2018\/04\/5-14.jpg?fit=550%2C398&amp;ssl=1\" data-orig-size=\"550,398\" data-comments-opened=\"1\" data-image-meta=\"{&quot;aperture&quot;:&quot;0&quot;,&quot;credit&quot;:&quot;&quot;,&quot;camera&quot;:&quot;&quot;,&quot;caption&quot;:&quot;&quot;,&quot;created_timestamp&quot;:&quot;0&quot;,&quot;copyright&quot;:&quot;&quot;,&quot;focal_length&quot;:&quot;0&quot;,&quot;iso&quot;:&quot;0&quot;,&quot;shutter_speed&quot;:&quot;0&quot;,&quot;title&quot;:&quot;&quot;,&quot;orientation&quot;:&quot;1&quot;}\" data-image-title=\"Amal Clooney brilha na capa da \u2018Vogue\u2019 US\" data-image-description=\"\" data-image-caption=\"&lt;p&gt;Amal Clooney brilha na capa da \u2018Vogue\u2019 US&lt;\/p&gt;\n\" data-medium-file=\"https:\/\/i0.wp.com\/agrund.com\/wp-content\/uploads\/sites\/6\/2018\/04\/5-14.jpg?fit=300%2C217&amp;ssl=1\" data-large-file=\"https:\/\/i0.wp.com\/agrund.com\/wp-content\/uploads\/sites\/6\/2018\/04\/5-14.jpg?fit=550%2C398&amp;ssl=1\" decoding=\"async\" loading=\"lazy\" class=\"size-full wp-image-180623\" src=\"https:\/\/i0.wp.com\/www.agrund.com\/wp-content\/uploads\/sites\/6\/2018\/04\/5-14.jpg?resize=550%2C398\" alt=\"\" width=\"550\" height=\"398\" srcset=\"https:\/\/i0.wp.com\/agrund.com\/wp-content\/uploads\/sites\/6\/2018\/04\/5-14.jpg?w=550&amp;ssl=1 550w, https:\/\/i0.wp.com\/agrund.com\/wp-content\/uploads\/sites\/6\/2018\/04\/5-14.jpg?resize=300%2C217&amp;ssl=1 300w\" sizes=\"(max-width: 550px) 100vw, 550px\" data-recalc-dims=\"1\" \/><p id=\"caption-attachment-180623\" class=\"wp-caption-text\">Amal Clooney brilha na capa da \u2018Vogue\u2019 US<\/p><\/div>\n<p>Fotos: Reprodu\u00e7\u00e3o.<\/p>\n","protected":false},"excerpt":{"rendered":"<p>N\u00e3o estamos nem no meio do m\u00eas de abril, mas as capas das revistas de maio j\u00e1 come\u00e7aram a aparecer. Quem aparece, pela primeira vez, na capa da \u2018Vogue\u2019 americana \u00e9 Amal Clooney, e ela est\u00e1 bel\u00edssima! No clique principal, a advogada est\u00e1 radiante com um vestido pink da Alexander McQueen e joias da Cartier. [&hellip;]<\/p>\n","protected":false},"author":8,"featured_media":180618,"comment_status":"open","ping_status":"open","sticky":false,"template":"","format":"standard","meta":{"jetpack_post_was_ever_published":false,"_jetpack_newsletter_access":"","jetpack_publicize_message":"","jetpack_is_tweetstorm":false,"jetpack_publicize_feature_enabled":true,"jetpack_social_post_already_shared":true,"jetpack_social_options":{"image_generator_settings":{"template":"highway","enabled":false}}},"categories":[2],"tags":[],"jetpack_publicize_connections":[],"jetpack_featured_media_url":"https:\/\/i0.wp.com\/agrund.com\/wp-content\/uploads\/sites\/6\/2018\/04\/s-40.jpg?fit=960%2C300&ssl=1","jetpack_sharing_enabled":true,"jetpack_shortlink":"https:\/\/wp.me\/p3Hz0n-KZb","jetpack_likes_enabled":true,"_links":{"self":[{"href":"https:\/\/agrund.com\/index.php\/wp-json\/wp\/v2\/posts\/180617"}],"collection":[{"href":"https:\/\/agrund.com\/index.php\/wp-json\/wp\/v2\/posts"}],"about":[{"href":"https:\/\/agrund.com\/index.php\/wp-json\/wp\/v2\/types\/post"}],"author":[{"embeddable":true,"href":"https:\/\/agrund.com\/index.php\/wp-json\/wp\/v2\/users\/8"}],"replies":[{"embeddable":true,"href":"https:\/\/agrund.com\/index.php\/wp-json\/wp\/v2\/comments?post=180617"}],"version-history":[{"count":0,"href":"https:\/\/agrund.com\/index.php\/wp-json\/wp\/v2\/posts\/180617\/revisions"}],"wp:featuredmedia":[{"embeddable":true,"href":"https:\/\/agrund.com\/index.php\/wp-json\/wp\/v2\/media\/180618"}],"wp:attachment":[{"href":"https:\/\/agrund.com\/index.php\/wp-json\/wp\/v2\/media?parent=180617"}],"wp:term":[{"taxonomy":"category","embeddable":true,"href":"https:\/\/agrund.com\/index.php\/wp-json\/wp\/v2\/categories?post=180617"},{"taxonomy":"post_tag","embeddable":true,"href":"https:\/\/agrund.com\/index.php\/wp-json\/wp\/v2\/tags?post=180617"}],"curies":[{"name":"wp","href":"https:\/\/api.w.org\/{rel}","templated":true}]}}