{"id":180610,"date":"2018-04-11T16:00:49","date_gmt":"2018-04-11T19:00:49","guid":{"rendered":"http:\/\/www.agrund.com\/?p=180610"},"modified":"2018-04-11T15:31:41","modified_gmt":"2018-04-11T18:31:41","slug":"projeto-leva-criacoes-de-detentos-para-a-passarela-do-spfw","status":"publish","type":"post","link":"https:\/\/agrund.com\/index.php\/projeto-leva-criacoes-de-detentos-para-a-passarela-do-spfw\/","title":{"rendered":"Projeto leva cria\u00e7\u00f5es de detentos para a passarela do SPFW"},"content":{"rendered":"<p>Voc\u00ea j\u00e1 ouviu falar no Projeto Ponto Firme? H\u00e1 mais de dois anos, esse projeto foi criado pelo designer e artes\u00e3o Gustavo Silvestre com o intuito de oferecer aulas de croch\u00ea e dar uma forma\u00e7\u00e3o t\u00e9cnica para detentos na penitenci\u00e1ria masculina Desembargador Adriano Marrey, em Guarulhos (SP). O mais bacana \u00e9 que uma cole\u00e7\u00e3o criada atrav\u00e9s desse importante trabalho ser\u00e1 apresentada no primeiro dia de desfiles do SPFW N45.<\/p>\n<p>\u201cQuando come\u00e7amos o Projeto Ponto Firme o foco do trabalho era ensinar a t\u00e9cnica do croch\u00ea e oferecer uma alternativa para eles se profissionalizarem. Com o passar do tempo, percebi que era poss\u00edvel desenvolver uma cole\u00e7\u00e3o de roupas e come\u00e7amos a trabalhar com for\u00e7a e aumentar o tempo de oficina. O desfile no SPFW nos permitir\u00e1 mostrar outros caminhos poss\u00edveis de reintegr\u00e1-los na sociedade, valorizando o trabalho de forma criativa\u201d, explicou Gustavo Silvestre.<\/p>\n<p>O que veremos na passarela do dia 21 de abril ser\u00e1 uma cole\u00e7\u00e3o desenvolvida durante nove meses por 20 alunos coordenados por Gustavo.<\/p>\n<p>Ap\u00f3s o desfile, a cole\u00e7\u00e3o ser\u00e1 exposta no Museu da Resist\u00eancia de S\u00e3o Paulo, institui\u00e7\u00e3o conectada \u00e0 Pinacoteca do Estado de S\u00e3o Paulo. Um lindo projeto!<\/p>\n<div id=\"attachment_180612\" style=\"width: 610px\" class=\"wp-caption aligncenter\"><img aria-describedby=\"caption-attachment-180612\" data-attachment-id=\"180612\" data-permalink=\"https:\/\/agrund.com\/index.php\/projeto-leva-criacoes-de-detentos-para-a-passarela-do-spfw\/334987_780222_eh2a0520\/\" data-orig-file=\"https:\/\/i0.wp.com\/agrund.com\/wp-content\/uploads\/sites\/6\/2018\/04\/334987_780222_eh2a0520.jpg?fit=600%2C400&amp;ssl=1\" data-orig-size=\"600,400\" data-comments-opened=\"1\" data-image-meta=\"{&quot;aperture&quot;:&quot;6.3&quot;,&quot;credit&quot;:&quot;&quot;,&quot;camera&quot;:&quot;Canon EOS 5D Mark IV&quot;,&quot;caption&quot;:&quot;&quot;,&quot;created_timestamp&quot;:&quot;1522838865&quot;,&quot;copyright&quot;:&quot;&quot;,&quot;focal_length&quot;:&quot;70&quot;,&quot;iso&quot;:&quot;200&quot;,&quot;shutter_speed&quot;:&quot;0.01&quot;,&quot;title&quot;:&quot;&quot;,&quot;orientation&quot;:&quot;1&quot;}\" data-image-title=\"Projeto leva cria\u00e7\u00f5es de detentos para a passarela do SPFW\" data-image-description=\"\" data-image-caption=\"&lt;p&gt;Projeto leva cria\u00e7\u00f5es de detentos para a passarela do SPFW&lt;\/p&gt;\n\" data-medium-file=\"https:\/\/i0.wp.com\/agrund.com\/wp-content\/uploads\/sites\/6\/2018\/04\/334987_780222_eh2a0520.jpg?fit=300%2C200&amp;ssl=1\" data-large-file=\"https:\/\/i0.wp.com\/agrund.com\/wp-content\/uploads\/sites\/6\/2018\/04\/334987_780222_eh2a0520.jpg?fit=600%2C400&amp;ssl=1\" decoding=\"async\" loading=\"lazy\" class=\"size-full wp-image-180612\" src=\"https:\/\/i0.wp.com\/www.agrund.com\/wp-content\/uploads\/sites\/6\/2018\/04\/334987_780222_eh2a0520.jpg?resize=600%2C400\" alt=\"\" width=\"600\" height=\"400\" srcset=\"https:\/\/i0.wp.com\/agrund.com\/wp-content\/uploads\/sites\/6\/2018\/04\/334987_780222_eh2a0520.jpg?w=600&amp;ssl=1 600w, https:\/\/i0.wp.com\/agrund.com\/wp-content\/uploads\/sites\/6\/2018\/04\/334987_780222_eh2a0520.jpg?resize=300%2C200&amp;ssl=1 300w\" sizes=\"(max-width: 600px) 100vw, 600px\" data-recalc-dims=\"1\" \/><p id=\"caption-attachment-180612\" class=\"wp-caption-text\">Projeto leva cria\u00e7\u00f5es de detentos para a passarela do SPFW<\/p><\/div>\n<div id=\"attachment_180611\" style=\"width: 610px\" class=\"wp-caption aligncenter\"><img aria-describedby=\"caption-attachment-180611\" data-attachment-id=\"180611\" data-permalink=\"https:\/\/agrund.com\/index.php\/projeto-leva-criacoes-de-detentos-para-a-passarela-do-spfw\/334987_780218_eh2a0467\/\" data-orig-file=\"https:\/\/i0.wp.com\/agrund.com\/wp-content\/uploads\/sites\/6\/2018\/04\/334987_780218_eh2a0467.jpg?fit=600%2C900&amp;ssl=1\" data-orig-size=\"600,900\" data-comments-opened=\"1\" data-image-meta=\"{&quot;aperture&quot;:&quot;6.3&quot;,&quot;credit&quot;:&quot;&quot;,&quot;camera&quot;:&quot;Canon EOS 5D Mark IV&quot;,&quot;caption&quot;:&quot;&quot;,&quot;created_timestamp&quot;:&quot;1522838638&quot;,&quot;copyright&quot;:&quot;&quot;,&quot;focal_length&quot;:&quot;165&quot;,&quot;iso&quot;:&quot;200&quot;,&quot;shutter_speed&quot;:&quot;0.01&quot;,&quot;title&quot;:&quot;&quot;,&quot;orientation&quot;:&quot;1&quot;}\" data-image-title=\"Projeto leva cria\u00e7\u00f5es de detentos para a passarela do SPFW\" data-image-description=\"\" data-image-caption=\"&lt;p&gt;Projeto leva cria\u00e7\u00f5es de detentos para a passarela do SPFW&lt;\/p&gt;\n\" data-medium-file=\"https:\/\/i0.wp.com\/agrund.com\/wp-content\/uploads\/sites\/6\/2018\/04\/334987_780218_eh2a0467.jpg?fit=200%2C300&amp;ssl=1\" data-large-file=\"https:\/\/i0.wp.com\/agrund.com\/wp-content\/uploads\/sites\/6\/2018\/04\/334987_780218_eh2a0467.jpg?fit=600%2C900&amp;ssl=1\" decoding=\"async\" loading=\"lazy\" class=\"size-full wp-image-180611\" src=\"https:\/\/i0.wp.com\/www.agrund.com\/wp-content\/uploads\/sites\/6\/2018\/04\/334987_780218_eh2a0467.jpg?resize=600%2C900\" alt=\"\" width=\"600\" height=\"900\" srcset=\"https:\/\/i0.wp.com\/agrund.com\/wp-content\/uploads\/sites\/6\/2018\/04\/334987_780218_eh2a0467.jpg?w=600&amp;ssl=1 600w, https:\/\/i0.wp.com\/agrund.com\/wp-content\/uploads\/sites\/6\/2018\/04\/334987_780218_eh2a0467.jpg?resize=200%2C300&amp;ssl=1 200w\" sizes=\"(max-width: 600px) 100vw, 600px\" data-recalc-dims=\"1\" \/><p id=\"caption-attachment-180611\" class=\"wp-caption-text\">Projeto leva cria\u00e7\u00f5es de detentos para a passarela do SPFW<\/p><\/div>\n<div id=\"attachment_180613\" style=\"width: 610px\" class=\"wp-caption aligncenter\"><img aria-describedby=\"caption-attachment-180613\" data-attachment-id=\"180613\" data-permalink=\"https:\/\/agrund.com\/index.php\/projeto-leva-criacoes-de-detentos-para-a-passarela-do-spfw\/334987_780223_eh2a0530\/\" data-orig-file=\"https:\/\/i0.wp.com\/agrund.com\/wp-content\/uploads\/sites\/6\/2018\/04\/334987_780223_eh2a0530.jpg?fit=600%2C400&amp;ssl=1\" data-orig-size=\"600,400\" data-comments-opened=\"1\" data-image-meta=\"{&quot;aperture&quot;:&quot;7.1&quot;,&quot;credit&quot;:&quot;&quot;,&quot;camera&quot;:&quot;Canon EOS 5D Mark IV&quot;,&quot;caption&quot;:&quot;&quot;,&quot;created_timestamp&quot;:&quot;1522838891&quot;,&quot;copyright&quot;:&quot;&quot;,&quot;focal_length&quot;:&quot;102&quot;,&quot;iso&quot;:&quot;200&quot;,&quot;shutter_speed&quot;:&quot;0.01&quot;,&quot;title&quot;:&quot;&quot;,&quot;orientation&quot;:&quot;1&quot;}\" data-image-title=\"Projeto leva cria\u00e7\u00f5es de detentos para a passarela do SPFW\" data-image-description=\"\" data-image-caption=\"&lt;p&gt;Projeto leva cria\u00e7\u00f5es de detentos para a passarela do SPFW&lt;\/p&gt;\n\" data-medium-file=\"https:\/\/i0.wp.com\/agrund.com\/wp-content\/uploads\/sites\/6\/2018\/04\/334987_780223_eh2a0530.jpg?fit=300%2C200&amp;ssl=1\" data-large-file=\"https:\/\/i0.wp.com\/agrund.com\/wp-content\/uploads\/sites\/6\/2018\/04\/334987_780223_eh2a0530.jpg?fit=600%2C400&amp;ssl=1\" decoding=\"async\" loading=\"lazy\" class=\"size-full wp-image-180613\" src=\"https:\/\/i0.wp.com\/www.agrund.com\/wp-content\/uploads\/sites\/6\/2018\/04\/334987_780223_eh2a0530.jpg?resize=600%2C400\" alt=\"\" width=\"600\" height=\"400\" srcset=\"https:\/\/i0.wp.com\/agrund.com\/wp-content\/uploads\/sites\/6\/2018\/04\/334987_780223_eh2a0530.jpg?w=600&amp;ssl=1 600w, https:\/\/i0.wp.com\/agrund.com\/wp-content\/uploads\/sites\/6\/2018\/04\/334987_780223_eh2a0530.jpg?resize=300%2C200&amp;ssl=1 300w\" sizes=\"(max-width: 600px) 100vw, 600px\" data-recalc-dims=\"1\" \/><p id=\"caption-attachment-180613\" class=\"wp-caption-text\">Projeto leva cria\u00e7\u00f5es de detentos para a passarela do SPFW<\/p><\/div>\n<div id=\"attachment_180614\" style=\"width: 610px\" class=\"wp-caption aligncenter\"><img aria-describedby=\"caption-attachment-180614\" data-attachment-id=\"180614\" data-permalink=\"https:\/\/agrund.com\/index.php\/projeto-leva-criacoes-de-detentos-para-a-passarela-do-spfw\/334987_780226_eh2a0664\/\" data-orig-file=\"https:\/\/i0.wp.com\/agrund.com\/wp-content\/uploads\/sites\/6\/2018\/04\/334987_780226_eh2a0664.jpg?fit=600%2C400&amp;ssl=1\" data-orig-size=\"600,400\" data-comments-opened=\"1\" data-image-meta=\"{&quot;aperture&quot;:&quot;5&quot;,&quot;credit&quot;:&quot;&quot;,&quot;camera&quot;:&quot;Canon EOS 5D Mark IV&quot;,&quot;caption&quot;:&quot;&quot;,&quot;created_timestamp&quot;:&quot;1522839493&quot;,&quot;copyright&quot;:&quot;&quot;,&quot;focal_length&quot;:&quot;35&quot;,&quot;iso&quot;:&quot;1250&quot;,&quot;shutter_speed&quot;:&quot;0.01&quot;,&quot;title&quot;:&quot;&quot;,&quot;orientation&quot;:&quot;1&quot;}\" data-image-title=\"Projeto leva cria\u00e7\u00f5es de detentos para a passarela do SPFW\" data-image-description=\"\" data-image-caption=\"&lt;p&gt;Projeto leva cria\u00e7\u00f5es de detentos para a passarela do SPFW&lt;\/p&gt;\n\" data-medium-file=\"https:\/\/i0.wp.com\/agrund.com\/wp-content\/uploads\/sites\/6\/2018\/04\/334987_780226_eh2a0664.jpg?fit=300%2C200&amp;ssl=1\" data-large-file=\"https:\/\/i0.wp.com\/agrund.com\/wp-content\/uploads\/sites\/6\/2018\/04\/334987_780226_eh2a0664.jpg?fit=600%2C400&amp;ssl=1\" decoding=\"async\" loading=\"lazy\" class=\"size-full wp-image-180614\" src=\"https:\/\/i0.wp.com\/www.agrund.com\/wp-content\/uploads\/sites\/6\/2018\/04\/334987_780226_eh2a0664.jpg?resize=600%2C400\" alt=\"\" width=\"600\" height=\"400\" srcset=\"https:\/\/i0.wp.com\/agrund.com\/wp-content\/uploads\/sites\/6\/2018\/04\/334987_780226_eh2a0664.jpg?w=600&amp;ssl=1 600w, https:\/\/i0.wp.com\/agrund.com\/wp-content\/uploads\/sites\/6\/2018\/04\/334987_780226_eh2a0664.jpg?resize=300%2C200&amp;ssl=1 300w\" sizes=\"(max-width: 600px) 100vw, 600px\" data-recalc-dims=\"1\" \/><p id=\"caption-attachment-180614\" class=\"wp-caption-text\">Projeto leva cria\u00e7\u00f5es de detentos para a passarela do SPFW<\/p><\/div>\n<p>Fotos: Divulga\u00e7\u00e3o\/ Danilo Sorrino\/<\/p>\n","protected":false},"excerpt":{"rendered":"<p>Voc\u00ea j\u00e1 ouviu falar no Projeto Ponto Firme? H\u00e1 mais de dois anos, esse projeto foi criado pelo designer e artes\u00e3o Gustavo Silvestre com o intuito de oferecer aulas de croch\u00ea e dar uma forma\u00e7\u00e3o t\u00e9cnica para detentos na penitenci\u00e1ria masculina Desembargador Adriano Marrey, em Guarulhos (SP). O mais bacana \u00e9 que uma cole\u00e7\u00e3o criada [&hellip;]<\/p>\n","protected":false},"author":8,"featured_media":180615,"comment_status":"open","ping_status":"open","sticky":false,"template":"","format":"standard","meta":{"jetpack_post_was_ever_published":false,"_jetpack_newsletter_access":"","jetpack_publicize_message":"","jetpack_is_tweetstorm":false,"jetpack_publicize_feature_enabled":true,"jetpack_social_post_already_shared":true,"jetpack_social_options":{"image_generator_settings":{"template":"highway","enabled":false}}},"categories":[2],"tags":[],"jetpack_publicize_connections":[],"jetpack_featured_media_url":"https:\/\/i0.wp.com\/agrund.com\/wp-content\/uploads\/sites\/6\/2018\/04\/s-39.jpg?fit=960%2C300&ssl=1","jetpack_sharing_enabled":true,"jetpack_shortlink":"https:\/\/wp.me\/p3Hz0n-KZ4","jetpack_likes_enabled":true,"_links":{"self":[{"href":"https:\/\/agrund.com\/index.php\/wp-json\/wp\/v2\/posts\/180610"}],"collection":[{"href":"https:\/\/agrund.com\/index.php\/wp-json\/wp\/v2\/posts"}],"about":[{"href":"https:\/\/agrund.com\/index.php\/wp-json\/wp\/v2\/types\/post"}],"author":[{"embeddable":true,"href":"https:\/\/agrund.com\/index.php\/wp-json\/wp\/v2\/users\/8"}],"replies":[{"embeddable":true,"href":"https:\/\/agrund.com\/index.php\/wp-json\/wp\/v2\/comments?post=180610"}],"version-history":[{"count":0,"href":"https:\/\/agrund.com\/index.php\/wp-json\/wp\/v2\/posts\/180610\/revisions"}],"wp:featuredmedia":[{"embeddable":true,"href":"https:\/\/agrund.com\/index.php\/wp-json\/wp\/v2\/media\/180615"}],"wp:attachment":[{"href":"https:\/\/agrund.com\/index.php\/wp-json\/wp\/v2\/media?parent=180610"}],"wp:term":[{"taxonomy":"category","embeddable":true,"href":"https:\/\/agrund.com\/index.php\/wp-json\/wp\/v2\/categories?post=180610"},{"taxonomy":"post_tag","embeddable":true,"href":"https:\/\/agrund.com\/index.php\/wp-json\/wp\/v2\/tags?post=180610"}],"curies":[{"name":"wp","href":"https:\/\/api.w.org\/{rel}","templated":true}]}}