{"id":180590,"date":"2018-04-11T11:00:05","date_gmt":"2018-04-11T14:00:05","guid":{"rendered":"http:\/\/www.agrund.com\/?p=180590"},"modified":"2018-04-11T09:43:32","modified_gmt":"2018-04-11T12:43:32","slug":"isabeli-fontana-posa-com-os-filhos-para-a-elle-russia","status":"publish","type":"post","link":"https:\/\/agrund.com\/index.php\/isabeli-fontana-posa-com-os-filhos-para-a-elle-russia\/","title":{"rendered":"Isabeli Fontana posa com os filhos para a &#8216;Elle&#8217; R\u00fassia"},"content":{"rendered":"<p>A &#8216;Elle&#8217; russa convocou Isabeli Fontana para estrelar a sua edi\u00e7\u00e3o de maio 2018. Mas ela n\u00e3o est\u00e1 sozinha! Com a chamada &#8216;Love You Mama&#8217;, a brasileira aparece na capa da revista acompanhada de seu filho mais velho, Zion.<\/p>\n<p>No editorial interno, seu filho mais novo, Lucas, se junta ao dois e vemos a fam\u00edlia completa. Super estilosos, eles posaram usando looks de marcas como Dior, Versace, Diesel e H&amp;M.<\/p>\n<p>Parece que os meninos t\u00eam o mesmo talento de Isabeli. A fotografia \u00e9 de Gilles Bensimon e voc\u00ea confere na galeria abaixo:<\/p>\n<div id=\"attachment_180591\" style=\"width: 610px\" class=\"wp-caption aligncenter\"><img aria-describedby=\"caption-attachment-180591\" data-attachment-id=\"180591\" data-permalink=\"https:\/\/agrund.com\/index.php\/isabeli-fontana-posa-com-os-filhos-para-a-elle-russia\/1-1437\/\" data-orig-file=\"https:\/\/i0.wp.com\/agrund.com\/wp-content\/uploads\/sites\/6\/2018\/04\/1-32-e1523450499843.jpg?fit=600%2C750&amp;ssl=1\" data-orig-size=\"600,750\" data-comments-opened=\"1\" data-image-meta=\"{&quot;aperture&quot;:&quot;0&quot;,&quot;credit&quot;:&quot;&quot;,&quot;camera&quot;:&quot;&quot;,&quot;caption&quot;:&quot;&quot;,&quot;created_timestamp&quot;:&quot;0&quot;,&quot;copyright&quot;:&quot;&quot;,&quot;focal_length&quot;:&quot;0&quot;,&quot;iso&quot;:&quot;0&quot;,&quot;shutter_speed&quot;:&quot;0&quot;,&quot;title&quot;:&quot;&quot;,&quot;orientation&quot;:&quot;1&quot;}\" data-image-title=\"Isabeli Fontana posa com os filhos para a \u2018Elle\u2019 R\u00fassia\" data-image-description=\"\" data-image-caption=\"&lt;p&gt;Isabeli Fontana posa com os filhos para a \u2018Elle\u2019 R\u00fassia&lt;\/p&gt;\n\" data-medium-file=\"https:\/\/i0.wp.com\/agrund.com\/wp-content\/uploads\/sites\/6\/2018\/04\/1-32-e1523450499843.jpg?fit=240%2C300&amp;ssl=1\" data-large-file=\"https:\/\/i0.wp.com\/agrund.com\/wp-content\/uploads\/sites\/6\/2018\/04\/1-32-e1523450499843.jpg?fit=600%2C750&amp;ssl=1\" decoding=\"async\" loading=\"lazy\" class=\"size-full wp-image-180591\" src=\"https:\/\/i0.wp.com\/www.agrund.com\/wp-content\/uploads\/sites\/6\/2018\/04\/1-32-e1523450499843.jpg?resize=600%2C750\" alt=\"\" width=\"600\" height=\"750\" data-recalc-dims=\"1\" \/><p id=\"caption-attachment-180591\" class=\"wp-caption-text\">Isabeli Fontana posa com os filhos para a \u2018Elle\u2019 R\u00fassia<\/p><\/div>\n<div id=\"attachment_180593\" style=\"width: 610px\" class=\"wp-caption aligncenter\"><img aria-describedby=\"caption-attachment-180593\" data-attachment-id=\"180593\" data-permalink=\"https:\/\/agrund.com\/index.php\/isabeli-fontana-posa-com-os-filhos-para-a-elle-russia\/3-1277\/\" data-orig-file=\"https:\/\/i0.wp.com\/agrund.com\/wp-content\/uploads\/sites\/6\/2018\/04\/3-24-e1523450530106.jpg?fit=600%2C776&amp;ssl=1\" data-orig-size=\"600,776\" data-comments-opened=\"1\" data-image-meta=\"{&quot;aperture&quot;:&quot;0&quot;,&quot;credit&quot;:&quot;&quot;,&quot;camera&quot;:&quot;&quot;,&quot;caption&quot;:&quot;&quot;,&quot;created_timestamp&quot;:&quot;0&quot;,&quot;copyright&quot;:&quot;&quot;,&quot;focal_length&quot;:&quot;0&quot;,&quot;iso&quot;:&quot;0&quot;,&quot;shutter_speed&quot;:&quot;0&quot;,&quot;title&quot;:&quot;&quot;,&quot;orientation&quot;:&quot;1&quot;}\" data-image-title=\"Isabeli Fontana posa com os filhos para a \u2018Elle\u2019 R\u00fassia\" data-image-description=\"\" data-image-caption=\"&lt;p&gt;Isabeli Fontana posa com os filhos para a \u2018Elle\u2019 R\u00fassia&lt;\/p&gt;\n\" data-medium-file=\"https:\/\/i0.wp.com\/agrund.com\/wp-content\/uploads\/sites\/6\/2018\/04\/3-24-e1523450530106.jpg?fit=232%2C300&amp;ssl=1\" data-large-file=\"https:\/\/i0.wp.com\/agrund.com\/wp-content\/uploads\/sites\/6\/2018\/04\/3-24-e1523450530106.jpg?fit=792%2C1024&amp;ssl=1\" decoding=\"async\" loading=\"lazy\" class=\"size-full wp-image-180593\" src=\"https:\/\/i0.wp.com\/www.agrund.com\/wp-content\/uploads\/sites\/6\/2018\/04\/3-24-e1523450530106.jpg?resize=600%2C776\" alt=\"\" width=\"600\" height=\"776\" data-recalc-dims=\"1\" \/><p id=\"caption-attachment-180593\" class=\"wp-caption-text\">Isabeli Fontana posa com os filhos para a \u2018Elle\u2019 R\u00fassia<\/p><\/div>\n<div id=\"attachment_180594\" style=\"width: 610px\" class=\"wp-caption aligncenter\"><img aria-describedby=\"caption-attachment-180594\" data-attachment-id=\"180594\" data-permalink=\"https:\/\/agrund.com\/index.php\/isabeli-fontana-posa-com-os-filhos-para-a-elle-russia\/4-1171\/\" data-orig-file=\"https:\/\/i0.wp.com\/agrund.com\/wp-content\/uploads\/sites\/6\/2018\/04\/4-22-e1523450545557.jpg?fit=600%2C776&amp;ssl=1\" data-orig-size=\"600,776\" data-comments-opened=\"1\" data-image-meta=\"{&quot;aperture&quot;:&quot;0&quot;,&quot;credit&quot;:&quot;&quot;,&quot;camera&quot;:&quot;&quot;,&quot;caption&quot;:&quot;&quot;,&quot;created_timestamp&quot;:&quot;0&quot;,&quot;copyright&quot;:&quot;&quot;,&quot;focal_length&quot;:&quot;0&quot;,&quot;iso&quot;:&quot;0&quot;,&quot;shutter_speed&quot;:&quot;0&quot;,&quot;title&quot;:&quot;&quot;,&quot;orientation&quot;:&quot;1&quot;}\" data-image-title=\"Isabeli Fontana posa com os filhos para a \u2018Elle\u2019 R\u00fassia\" data-image-description=\"\" data-image-caption=\"&lt;p&gt;Isabeli Fontana posa com os filhos para a \u2018Elle\u2019 R\u00fassia&lt;\/p&gt;\n\" data-medium-file=\"https:\/\/i0.wp.com\/agrund.com\/wp-content\/uploads\/sites\/6\/2018\/04\/4-22-e1523450545557.jpg?fit=232%2C300&amp;ssl=1\" data-large-file=\"https:\/\/i0.wp.com\/agrund.com\/wp-content\/uploads\/sites\/6\/2018\/04\/4-22-e1523450545557.jpg?fit=792%2C1024&amp;ssl=1\" decoding=\"async\" loading=\"lazy\" class=\"size-full wp-image-180594\" src=\"https:\/\/i0.wp.com\/www.agrund.com\/wp-content\/uploads\/sites\/6\/2018\/04\/4-22-e1523450545557.jpg?resize=600%2C776\" alt=\"\" width=\"600\" height=\"776\" data-recalc-dims=\"1\" \/><p id=\"caption-attachment-180594\" class=\"wp-caption-text\">Isabeli Fontana posa com os filhos para a \u2018Elle\u2019 R\u00fassia<\/p><\/div>\n<div id=\"attachment_180596\" style=\"width: 610px\" class=\"wp-caption aligncenter\"><img aria-describedby=\"caption-attachment-180596\" data-attachment-id=\"180596\" data-permalink=\"https:\/\/agrund.com\/index.php\/isabeli-fontana-posa-com-os-filhos-para-a-elle-russia\/6-949\/\" data-orig-file=\"https:\/\/i0.wp.com\/agrund.com\/wp-content\/uploads\/sites\/6\/2018\/04\/6-10-e1523450559828.jpg?fit=600%2C776&amp;ssl=1\" data-orig-size=\"600,776\" data-comments-opened=\"1\" data-image-meta=\"{&quot;aperture&quot;:&quot;0&quot;,&quot;credit&quot;:&quot;&quot;,&quot;camera&quot;:&quot;&quot;,&quot;caption&quot;:&quot;&quot;,&quot;created_timestamp&quot;:&quot;0&quot;,&quot;copyright&quot;:&quot;&quot;,&quot;focal_length&quot;:&quot;0&quot;,&quot;iso&quot;:&quot;0&quot;,&quot;shutter_speed&quot;:&quot;0&quot;,&quot;title&quot;:&quot;&quot;,&quot;orientation&quot;:&quot;1&quot;}\" data-image-title=\"Isabeli Fontana posa com os filhos para a \u2018Elle\u2019 R\u00fassia\" data-image-description=\"\" data-image-caption=\"&lt;p&gt;Isabeli Fontana posa com os filhos para a \u2018Elle\u2019 R\u00fassia&lt;\/p&gt;\n\" data-medium-file=\"https:\/\/i0.wp.com\/agrund.com\/wp-content\/uploads\/sites\/6\/2018\/04\/6-10-e1523450559828.jpg?fit=232%2C300&amp;ssl=1\" data-large-file=\"https:\/\/i0.wp.com\/agrund.com\/wp-content\/uploads\/sites\/6\/2018\/04\/6-10-e1523450559828.jpg?fit=792%2C1024&amp;ssl=1\" decoding=\"async\" loading=\"lazy\" class=\"size-full wp-image-180596\" src=\"https:\/\/i0.wp.com\/www.agrund.com\/wp-content\/uploads\/sites\/6\/2018\/04\/6-10-e1523450559828.jpg?resize=600%2C776\" alt=\"\" width=\"600\" height=\"776\" data-recalc-dims=\"1\" \/><p id=\"caption-attachment-180596\" class=\"wp-caption-text\">Isabeli Fontana posa com os filhos para a \u2018Elle\u2019 R\u00fassia<\/p><\/div>\n<div id=\"attachment_180597\" style=\"width: 610px\" class=\"wp-caption aligncenter\"><img aria-describedby=\"caption-attachment-180597\" data-attachment-id=\"180597\" data-permalink=\"https:\/\/agrund.com\/index.php\/isabeli-fontana-posa-com-os-filhos-para-a-elle-russia\/7-825\/\" data-orig-file=\"https:\/\/i0.wp.com\/agrund.com\/wp-content\/uploads\/sites\/6\/2018\/04\/7-6-e1523450575788.jpg?fit=600%2C776&amp;ssl=1\" data-orig-size=\"600,776\" data-comments-opened=\"1\" data-image-meta=\"{&quot;aperture&quot;:&quot;0&quot;,&quot;credit&quot;:&quot;&quot;,&quot;camera&quot;:&quot;&quot;,&quot;caption&quot;:&quot;&quot;,&quot;created_timestamp&quot;:&quot;0&quot;,&quot;copyright&quot;:&quot;&quot;,&quot;focal_length&quot;:&quot;0&quot;,&quot;iso&quot;:&quot;0&quot;,&quot;shutter_speed&quot;:&quot;0&quot;,&quot;title&quot;:&quot;&quot;,&quot;orientation&quot;:&quot;1&quot;}\" data-image-title=\"Isabeli Fontana posa com os filhos para a \u2018Elle\u2019 R\u00fassia\" data-image-description=\"\" data-image-caption=\"&lt;p&gt;Isabeli Fontana posa com os filhos para a \u2018Elle\u2019 R\u00fassia&lt;\/p&gt;\n\" data-medium-file=\"https:\/\/i0.wp.com\/agrund.com\/wp-content\/uploads\/sites\/6\/2018\/04\/7-6-e1523450575788.jpg?fit=232%2C300&amp;ssl=1\" data-large-file=\"https:\/\/i0.wp.com\/agrund.com\/wp-content\/uploads\/sites\/6\/2018\/04\/7-6-e1523450575788.jpg?fit=792%2C1024&amp;ssl=1\" decoding=\"async\" loading=\"lazy\" class=\"size-full wp-image-180597\" src=\"https:\/\/i0.wp.com\/www.agrund.com\/wp-content\/uploads\/sites\/6\/2018\/04\/7-6-e1523450575788.jpg?resize=600%2C776\" alt=\"\" width=\"600\" height=\"776\" data-recalc-dims=\"1\" \/><p id=\"caption-attachment-180597\" class=\"wp-caption-text\">Isabeli Fontana posa com os filhos para a \u2018Elle\u2019 R\u00fassia<\/p><\/div>\n<div id=\"attachment_180599\" style=\"width: 610px\" class=\"wp-caption aligncenter\"><img aria-describedby=\"caption-attachment-180599\" data-attachment-id=\"180599\" data-permalink=\"https:\/\/agrund.com\/index.php\/isabeli-fontana-posa-com-os-filhos-para-a-elle-russia\/9-407\/\" data-orig-file=\"https:\/\/i0.wp.com\/agrund.com\/wp-content\/uploads\/sites\/6\/2018\/04\/9-2-e1523450589567.jpg?fit=600%2C776&amp;ssl=1\" data-orig-size=\"600,776\" data-comments-opened=\"1\" data-image-meta=\"{&quot;aperture&quot;:&quot;0&quot;,&quot;credit&quot;:&quot;&quot;,&quot;camera&quot;:&quot;&quot;,&quot;caption&quot;:&quot;&quot;,&quot;created_timestamp&quot;:&quot;0&quot;,&quot;copyright&quot;:&quot;&quot;,&quot;focal_length&quot;:&quot;0&quot;,&quot;iso&quot;:&quot;0&quot;,&quot;shutter_speed&quot;:&quot;0&quot;,&quot;title&quot;:&quot;&quot;,&quot;orientation&quot;:&quot;1&quot;}\" data-image-title=\"Isabeli Fontana posa com os filhos para a \u2018Elle\u2019 R\u00fassia\" data-image-description=\"\" data-image-caption=\"&lt;p&gt;Isabeli Fontana posa com os filhos para a \u2018Elle\u2019 R\u00fassia&lt;\/p&gt;\n\" data-medium-file=\"https:\/\/i0.wp.com\/agrund.com\/wp-content\/uploads\/sites\/6\/2018\/04\/9-2-e1523450589567.jpg?fit=232%2C300&amp;ssl=1\" data-large-file=\"https:\/\/i0.wp.com\/agrund.com\/wp-content\/uploads\/sites\/6\/2018\/04\/9-2-e1523450589567.jpg?fit=792%2C1024&amp;ssl=1\" decoding=\"async\" loading=\"lazy\" class=\"size-full wp-image-180599\" src=\"https:\/\/i0.wp.com\/www.agrund.com\/wp-content\/uploads\/sites\/6\/2018\/04\/9-2-e1523450589567.jpg?resize=600%2C776\" alt=\"\" width=\"600\" height=\"776\" data-recalc-dims=\"1\" \/><p id=\"caption-attachment-180599\" class=\"wp-caption-text\">Isabeli Fontana posa com os filhos para a \u2018Elle\u2019 R\u00fassia<\/p><\/div>\n<p>Fotos: Reprodu\u00e7\u00e3o.<\/p>\n<p>&nbsp;<\/p>\n","protected":false},"excerpt":{"rendered":"<p>A &#8216;Elle&#8217; russa convocou Isabeli Fontana para estrelar a sua edi\u00e7\u00e3o de maio 2018. Mas ela n\u00e3o est\u00e1 sozinha! Com a chamada &#8216;Love You Mama&#8217;, a brasileira aparece na capa da revista acompanhada de seu filho mais velho, Zion. No editorial interno, seu filho mais novo, Lucas, se junta ao dois e vemos a fam\u00edlia [&hellip;]<\/p>\n","protected":false},"author":8,"featured_media":180600,"comment_status":"open","ping_status":"open","sticky":false,"template":"","format":"standard","meta":{"jetpack_post_was_ever_published":false,"_jetpack_newsletter_access":"","jetpack_publicize_message":"","jetpack_is_tweetstorm":false,"jetpack_publicize_feature_enabled":true,"jetpack_social_post_already_shared":true,"jetpack_social_options":{"image_generator_settings":{"template":"highway","enabled":false}}},"categories":[2],"tags":[],"jetpack_publicize_connections":[],"jetpack_featured_media_url":"https:\/\/i0.wp.com\/agrund.com\/wp-content\/uploads\/sites\/6\/2018\/04\/s-37.jpg?fit=960%2C300&ssl=1","jetpack_sharing_enabled":true,"jetpack_shortlink":"https:\/\/wp.me\/p3Hz0n-KYK","jetpack_likes_enabled":true,"_links":{"self":[{"href":"https:\/\/agrund.com\/index.php\/wp-json\/wp\/v2\/posts\/180590"}],"collection":[{"href":"https:\/\/agrund.com\/index.php\/wp-json\/wp\/v2\/posts"}],"about":[{"href":"https:\/\/agrund.com\/index.php\/wp-json\/wp\/v2\/types\/post"}],"author":[{"embeddable":true,"href":"https:\/\/agrund.com\/index.php\/wp-json\/wp\/v2\/users\/8"}],"replies":[{"embeddable":true,"href":"https:\/\/agrund.com\/index.php\/wp-json\/wp\/v2\/comments?post=180590"}],"version-history":[{"count":0,"href":"https:\/\/agrund.com\/index.php\/wp-json\/wp\/v2\/posts\/180590\/revisions"}],"wp:featuredmedia":[{"embeddable":true,"href":"https:\/\/agrund.com\/index.php\/wp-json\/wp\/v2\/media\/180600"}],"wp:attachment":[{"href":"https:\/\/agrund.com\/index.php\/wp-json\/wp\/v2\/media?parent=180590"}],"wp:term":[{"taxonomy":"category","embeddable":true,"href":"https:\/\/agrund.com\/index.php\/wp-json\/wp\/v2\/categories?post=180590"},{"taxonomy":"post_tag","embeddable":true,"href":"https:\/\/agrund.com\/index.php\/wp-json\/wp\/v2\/tags?post=180590"}],"curies":[{"name":"wp","href":"https:\/\/api.w.org\/{rel}","templated":true}]}}