{"id":180577,"date":"2018-04-10T18:00:33","date_gmt":"2018-04-10T21:00:33","guid":{"rendered":"http:\/\/www.agrund.com\/?p=180577"},"modified":"2018-04-10T16:28:29","modified_gmt":"2018-04-10T19:28:29","slug":"o-rimel-favorito-de-kim-kardashian","status":"publish","type":"post","link":"https:\/\/agrund.com\/index.php\/o-rimel-favorito-de-kim-kardashian\/","title":{"rendered":"O r\u00edmel favorito de Kim Kardashian"},"content":{"rendered":"<p>Voc\u00ea consegue imaginar qual \u00e9 o r\u00edmel favorito de Kim Kardashian? Se falou algum produto de grife, errou.<\/p>\n<p>Em seu aplicativo, Kim e o maquiador Mario Dedivanovic costumam dar dicas de beleza e essa surpreendeu a todos. Uma das m\u00e1scaras de c\u00edlios que a empres\u00e1ria n\u00e3o dispensa \u00e9 a L&#8217;Or\u00e9al Paris Voluminous Mascara, na cor &#8220;Carbon Black&#8221;.<\/p>\n<p>Segundo eles, ela \u00e9 ideal para deixar os c\u00edlios levantados e separados no dia a dia. Apesar de n\u00e3o estar \u00e0 venda no Brasil, esse produtinho custa cerca de US$6 nas farm\u00e1cias americanas.<\/p>\n<div id=\"attachment_180580\" style=\"width: 610px\" class=\"wp-caption aligncenter\"><img aria-describedby=\"caption-attachment-180580\" data-attachment-id=\"180580\" data-permalink=\"https:\/\/agrund.com\/index.php\/o-rimel-favorito-de-kim-kardashian\/2017-lacma-art-film-gala-honoring-mark-bradford-and-george-lucas-arrivals\/\" data-orig-file=\"https:\/\/i0.wp.com\/agrund.com\/wp-content\/uploads\/sites\/6\/2018\/04\/k-e1523388495218.jpg?fit=600%2C400&amp;ssl=1\" data-orig-size=\"600,400\" data-comments-opened=\"1\" data-image-meta=\"{&quot;aperture&quot;:&quot;5.6&quot;,&quot;credit&quot;:&quot;Getty Images&quot;,&quot;camera&quot;:&quot;Canon EOS 5D Mark IV&quot;,&quot;caption&quot;:&quot;LOS ANGELES, CA - NOVEMBER 04:  Kim Kardashian West attends the 2017 LACMA Art + Film Gala on November 4, 2017 in Los Angeles, California.  (Photo by Taylor Hill\\\/Getty Images)&quot;,&quot;created_timestamp&quot;:&quot;1509912300&quot;,&quot;copyright&quot;:&quot;2017 Taylor Hill&quot;,&quot;focal_length&quot;:&quot;60&quot;,&quot;iso&quot;:&quot;2000&quot;,&quot;shutter_speed&quot;:&quot;0.005&quot;,&quot;title&quot;:&quot;2017 LACMA Art + Film Gala Honoring Mark Bradford And George Lucas - Arrivals&quot;,&quot;orientation&quot;:&quot;1&quot;}\" data-image-title=\"O r\u00edmel favorito de Kim Kardashian\" data-image-description=\"\" data-image-caption=\"&lt;p&gt;O r\u00edmel favorito de Kim Kardashian&lt;\/p&gt;\n\" data-medium-file=\"https:\/\/i0.wp.com\/agrund.com\/wp-content\/uploads\/sites\/6\/2018\/04\/k-e1523388495218.jpg?fit=300%2C200&amp;ssl=1\" data-large-file=\"https:\/\/i0.wp.com\/agrund.com\/wp-content\/uploads\/sites\/6\/2018\/04\/k-e1523388495218.jpg?fit=1024%2C683&amp;ssl=1\" decoding=\"async\" loading=\"lazy\" class=\"size-full wp-image-180580\" src=\"https:\/\/i0.wp.com\/www.agrund.com\/wp-content\/uploads\/sites\/6\/2018\/04\/k-e1523388495218.jpg?resize=600%2C400\" alt=\"\" width=\"600\" height=\"400\" data-recalc-dims=\"1\" \/><p id=\"caption-attachment-180580\" class=\"wp-caption-text\">O r\u00edmel favorito de Kim Kardashian<\/p><\/div>\n<div id=\"attachment_180579\" style=\"width: 610px\" class=\"wp-caption aligncenter\"><img aria-describedby=\"caption-attachment-180579\" data-attachment-id=\"180579\" data-permalink=\"https:\/\/agrund.com\/index.php\/o-rimel-favorito-de-kim-kardashian\/kk-2\/\" data-orig-file=\"https:\/\/i0.wp.com\/agrund.com\/wp-content\/uploads\/sites\/6\/2018\/04\/kk.jpg?fit=600%2C600&amp;ssl=1\" data-orig-size=\"600,600\" data-comments-opened=\"1\" data-image-meta=\"{&quot;aperture&quot;:&quot;0&quot;,&quot;credit&quot;:&quot;&quot;,&quot;camera&quot;:&quot;&quot;,&quot;caption&quot;:&quot;&quot;,&quot;created_timestamp&quot;:&quot;0&quot;,&quot;copyright&quot;:&quot;&quot;,&quot;focal_length&quot;:&quot;0&quot;,&quot;iso&quot;:&quot;0&quot;,&quot;shutter_speed&quot;:&quot;0&quot;,&quot;title&quot;:&quot;&quot;,&quot;orientation&quot;:&quot;1&quot;}\" data-image-title=\"O r\u00edmel favorito de Kim Kardashian\" data-image-description=\"\" data-image-caption=\"&lt;p&gt;O r\u00edmel favorito de Kim Kardashian&lt;\/p&gt;\n\" data-medium-file=\"https:\/\/i0.wp.com\/agrund.com\/wp-content\/uploads\/sites\/6\/2018\/04\/kk.jpg?fit=300%2C300&amp;ssl=1\" data-large-file=\"https:\/\/i0.wp.com\/agrund.com\/wp-content\/uploads\/sites\/6\/2018\/04\/kk.jpg?fit=600%2C600&amp;ssl=1\" decoding=\"async\" loading=\"lazy\" class=\"size-full wp-image-180579\" src=\"https:\/\/i0.wp.com\/www.agrund.com\/wp-content\/uploads\/sites\/6\/2018\/04\/kk.jpg?resize=600%2C600\" alt=\"\" width=\"600\" height=\"600\" srcset=\"https:\/\/i0.wp.com\/agrund.com\/wp-content\/uploads\/sites\/6\/2018\/04\/kk.jpg?w=600&amp;ssl=1 600w, https:\/\/i0.wp.com\/agrund.com\/wp-content\/uploads\/sites\/6\/2018\/04\/kk.jpg?resize=150%2C150&amp;ssl=1 150w, https:\/\/i0.wp.com\/agrund.com\/wp-content\/uploads\/sites\/6\/2018\/04\/kk.jpg?resize=300%2C300&amp;ssl=1 300w\" sizes=\"(max-width: 600px) 100vw, 600px\" data-recalc-dims=\"1\" \/><p id=\"caption-attachment-180579\" class=\"wp-caption-text\">O r\u00edmel favorito de Kim Kardashian<\/p><\/div>\n<p>Fotos: Reprodu\u00e7\u00e3o.<\/p>\n","protected":false},"excerpt":{"rendered":"<p>Voc\u00ea consegue imaginar qual \u00e9 o r\u00edmel favorito de Kim Kardashian? Se falou algum produto de grife, errou. Em seu aplicativo, Kim e o maquiador Mario Dedivanovic costumam dar dicas de beleza e essa surpreendeu a todos. Uma das m\u00e1scaras de c\u00edlios que a empres\u00e1ria n\u00e3o dispensa \u00e9 a L&#8217;Or\u00e9al Paris Voluminous Mascara, na cor [&hellip;]<\/p>\n","protected":false},"author":8,"featured_media":180578,"comment_status":"open","ping_status":"open","sticky":false,"template":"","format":"standard","meta":{"jetpack_post_was_ever_published":false,"_jetpack_newsletter_access":"","jetpack_publicize_message":"","jetpack_is_tweetstorm":false,"jetpack_publicize_feature_enabled":true,"jetpack_social_post_already_shared":true,"jetpack_social_options":{"image_generator_settings":{"template":"highway","enabled":false}}},"categories":[2],"tags":[],"jetpack_publicize_connections":[],"jetpack_featured_media_url":"https:\/\/i0.wp.com\/agrund.com\/wp-content\/uploads\/sites\/6\/2018\/04\/s-35.jpg?fit=960%2C300&ssl=1","jetpack_sharing_enabled":true,"jetpack_shortlink":"https:\/\/wp.me\/p3Hz0n-KYx","jetpack_likes_enabled":true,"_links":{"self":[{"href":"https:\/\/agrund.com\/index.php\/wp-json\/wp\/v2\/posts\/180577"}],"collection":[{"href":"https:\/\/agrund.com\/index.php\/wp-json\/wp\/v2\/posts"}],"about":[{"href":"https:\/\/agrund.com\/index.php\/wp-json\/wp\/v2\/types\/post"}],"author":[{"embeddable":true,"href":"https:\/\/agrund.com\/index.php\/wp-json\/wp\/v2\/users\/8"}],"replies":[{"embeddable":true,"href":"https:\/\/agrund.com\/index.php\/wp-json\/wp\/v2\/comments?post=180577"}],"version-history":[{"count":0,"href":"https:\/\/agrund.com\/index.php\/wp-json\/wp\/v2\/posts\/180577\/revisions"}],"wp:featuredmedia":[{"embeddable":true,"href":"https:\/\/agrund.com\/index.php\/wp-json\/wp\/v2\/media\/180578"}],"wp:attachment":[{"href":"https:\/\/agrund.com\/index.php\/wp-json\/wp\/v2\/media?parent=180577"}],"wp:term":[{"taxonomy":"category","embeddable":true,"href":"https:\/\/agrund.com\/index.php\/wp-json\/wp\/v2\/categories?post=180577"},{"taxonomy":"post_tag","embeddable":true,"href":"https:\/\/agrund.com\/index.php\/wp-json\/wp\/v2\/tags?post=180577"}],"curies":[{"name":"wp","href":"https:\/\/api.w.org\/{rel}","templated":true}]}}