{"id":180565,"date":"2018-04-10T15:00:19","date_gmt":"2018-04-10T18:00:19","guid":{"rendered":"http:\/\/www.agrund.com\/?p=180565"},"modified":"2018-04-10T15:52:12","modified_gmt":"2018-04-10T18:52:12","slug":"confira-o-line-up-do-spfw-n45","status":"publish","type":"post","link":"https:\/\/agrund.com\/index.php\/confira-o-line-up-do-spfw-n45\/","title":{"rendered":"Confira o line-up do SPFW N45"},"content":{"rendered":"<p>Depois da confirma\u00e7\u00e3o de novas marcas no SPFW (reveja <a href=\"http:\/\/www.agrund.com\/as-novas-marcas-do-spfw\/\">AQUI<\/a>), o evento acaba de divulgar seu line-up oficial. Os 29 desfiles acontecer\u00e3o n\u00e3o s\u00f3 no Pavilh\u00e3o das Culturas Brasileiras no Parque do Ibiraquera, como tamb\u00e9m em locais externos na cidade de S\u00e3o Paulo.<\/p>\n<p>A \u00c1gua de Coco ser\u00e1 a respons\u00e1vel por abrir a temporada no s\u00e1bado (21), enquanto Jo\u00e3o Pimenta Feminino fechar\u00e1 a edi\u00e7\u00e3o na quinta-feira (26).<\/p>\n<p>Prontos para mais uma temporada de moda? Voc\u00eas poder\u00e3o acompanhar a cobertura completa aqui no Agrund.com.<\/p>\n<p><strong>S\u00c1BADO (21)<\/strong><br \/>\n\u00c1gua de Coco por Liana Thomaz -12h30<br \/>\nProjeto Ponto Firme &#8211; 15h<\/p>\n<p><strong>SEGUNDA-FEIRA (23)<\/strong><br \/>\nUma Raquel Davidowicz &#8211; 11h<br \/>\nOsklen -15h<br \/>\nSamuel Cirnansck &#8211; 16h<br \/>\nJo\u00e3o Pimenta (masc) &#8211; 17h30<br \/>\nPatbo &#8211; 18h30<br \/>\nLilly Sarti &#8211; 20h<\/p>\n<p><strong>TER\u00c7A-FEIRA (24)<\/strong><br \/>\nReinaldo Louren\u00e7o &#8211; 11h30<br \/>\nModem &#8211; 15h<br \/>\nFernanda Yamamoto &#8211; 16h<br \/>\nTop 5 &#8211; 17h<br \/>\nFabiana Milazzo &#8211; 18h<br \/>\nMemo &#8211; 19h30<br \/>\nAmir Slama &#8211; 20h30<\/p>\n<p><strong>QUARTA-FEIRA (25)<\/strong><br \/>\nA.Niemeyer &#8211; 11h<br \/>\nLenny Niemeyer &#8211; 15h<br \/>\nSalinas &#8211; 16h30<br \/>\nBeira &#8211; 17h30<br \/>\nCotton Project &#8211; 19h<br \/>\nLino Villaventura &#8211; 20h<br \/>\nApartamento 03 &#8211; 21h<\/p>\n<p><strong>QUINTA-FEIRA (26)<\/strong><br \/>\nGloria Coelho &#8211; 12h<br \/>\nAmap\u00f4 &#8211; 13h<br \/>\nRatier &#8211; 15h<br \/>\nRonaldo Fraga &#8211; 16:30<br \/>\nHandred &#8211; 18h<br \/>\nJuliana Jabour &#8211; 19h<br \/>\nJo\u00e3o Pimenta (fem) &#8211; 20h<\/p>\n<div id=\"attachment_180567\" style=\"width: 610px\" class=\"wp-caption aligncenter\"><img aria-describedby=\"caption-attachment-180567\" data-attachment-id=\"180567\" data-permalink=\"https:\/\/agrund.com\/index.php\/confira-o-line-up-do-spfw-n45\/a-285\/\" data-orig-file=\"https:\/\/i0.wp.com\/agrund.com\/wp-content\/uploads\/sites\/6\/2018\/04\/a-6-e1523386268723.jpg?fit=600%2C406&amp;ssl=1\" data-orig-size=\"600,406\" data-comments-opened=\"1\" data-image-meta=\"{&quot;aperture&quot;:&quot;0&quot;,&quot;credit&quot;:&quot;&quot;,&quot;camera&quot;:&quot;&quot;,&quot;caption&quot;:&quot;&quot;,&quot;created_timestamp&quot;:&quot;0&quot;,&quot;copyright&quot;:&quot;&quot;,&quot;focal_length&quot;:&quot;0&quot;,&quot;iso&quot;:&quot;0&quot;,&quot;shutter_speed&quot;:&quot;0&quot;,&quot;title&quot;:&quot;&quot;,&quot;orientation&quot;:&quot;0&quot;}\" data-image-title=\"Confira o line-up do SPFW N45\" data-image-description=\"\" data-image-caption=\"&lt;p&gt;Confira o line-up do SPFW N45&lt;\/p&gt;\n\" data-medium-file=\"https:\/\/i0.wp.com\/agrund.com\/wp-content\/uploads\/sites\/6\/2018\/04\/a-6-e1523386268723.jpg?fit=300%2C203&amp;ssl=1\" data-large-file=\"https:\/\/i0.wp.com\/agrund.com\/wp-content\/uploads\/sites\/6\/2018\/04\/a-6-e1523386268723.jpg?fit=600%2C406&amp;ssl=1\" decoding=\"async\" loading=\"lazy\" class=\"size-full wp-image-180567\" src=\"https:\/\/i0.wp.com\/www.agrund.com\/wp-content\/uploads\/sites\/6\/2018\/04\/a-6-e1523386268723.jpg?resize=600%2C406\" alt=\"\" width=\"600\" height=\"406\" data-recalc-dims=\"1\" \/><p id=\"caption-attachment-180567\" class=\"wp-caption-text\">Confira o line-up do SPFW N45<\/p><\/div>\n<p>Fotos: Reprodu\u00e7\u00e3o.<\/p>\n","protected":false},"excerpt":{"rendered":"<p>Depois da confirma\u00e7\u00e3o de novas marcas no SPFW (reveja AQUI), o evento acaba de divulgar seu line-up oficial. Os 29 desfiles acontecer\u00e3o n\u00e3o s\u00f3 no Pavilh\u00e3o das Culturas Brasileiras no Parque do Ibiraquera, como tamb\u00e9m em locais externos na cidade de S\u00e3o Paulo. A \u00c1gua de Coco ser\u00e1 a respons\u00e1vel por abrir a temporada no [&hellip;]<\/p>\n","protected":false},"author":8,"featured_media":180568,"comment_status":"open","ping_status":"open","sticky":false,"template":"","format":"standard","meta":{"jetpack_post_was_ever_published":false,"_jetpack_newsletter_access":"","jetpack_publicize_message":"","jetpack_is_tweetstorm":false,"jetpack_publicize_feature_enabled":true,"jetpack_social_post_already_shared":true,"jetpack_social_options":{"image_generator_settings":{"template":"highway","enabled":false}}},"categories":[2],"tags":[],"jetpack_publicize_connections":[],"jetpack_featured_media_url":"https:\/\/i0.wp.com\/agrund.com\/wp-content\/uploads\/sites\/6\/2018\/04\/s-34.jpg?fit=960%2C300&ssl=1","jetpack_sharing_enabled":true,"jetpack_shortlink":"https:\/\/wp.me\/p3Hz0n-KYl","jetpack_likes_enabled":true,"_links":{"self":[{"href":"https:\/\/agrund.com\/index.php\/wp-json\/wp\/v2\/posts\/180565"}],"collection":[{"href":"https:\/\/agrund.com\/index.php\/wp-json\/wp\/v2\/posts"}],"about":[{"href":"https:\/\/agrund.com\/index.php\/wp-json\/wp\/v2\/types\/post"}],"author":[{"embeddable":true,"href":"https:\/\/agrund.com\/index.php\/wp-json\/wp\/v2\/users\/8"}],"replies":[{"embeddable":true,"href":"https:\/\/agrund.com\/index.php\/wp-json\/wp\/v2\/comments?post=180565"}],"version-history":[{"count":0,"href":"https:\/\/agrund.com\/index.php\/wp-json\/wp\/v2\/posts\/180565\/revisions"}],"wp:featuredmedia":[{"embeddable":true,"href":"https:\/\/agrund.com\/index.php\/wp-json\/wp\/v2\/media\/180568"}],"wp:attachment":[{"href":"https:\/\/agrund.com\/index.php\/wp-json\/wp\/v2\/media?parent=180565"}],"wp:term":[{"taxonomy":"category","embeddable":true,"href":"https:\/\/agrund.com\/index.php\/wp-json\/wp\/v2\/categories?post=180565"},{"taxonomy":"post_tag","embeddable":true,"href":"https:\/\/agrund.com\/index.php\/wp-json\/wp\/v2\/tags?post=180565"}],"curies":[{"name":"wp","href":"https:\/\/api.w.org\/{rel}","templated":true}]}}