{"id":180528,"date":"2018-04-09T18:00:53","date_gmt":"2018-04-09T21:00:53","guid":{"rendered":"http:\/\/www.agrund.com\/?p=180528"},"modified":"2018-04-09T16:41:53","modified_gmt":"2018-04-09T19:41:53","slug":"calvin-klein-lanca-primeira-colecao-de-oculos-assinada-por-raf-simons","status":"publish","type":"post","link":"https:\/\/agrund.com\/index.php\/calvin-klein-lanca-primeira-colecao-de-oculos-assinada-por-raf-simons\/","title":{"rendered":"Calvin Klein lan\u00e7a primeira cole\u00e7\u00e3o de \u00f3culos assinada por Raf Simons"},"content":{"rendered":"<p>A espera acabou! Raf Simons est\u00e1 fazendo muito sucesso na dire\u00e7\u00e3o criativa da Calvin Klein, mas at\u00e9 agora o designer n\u00e3o havia criado uma cole\u00e7\u00e3o de \u00f3culos. Isso mudou!<\/p>\n<p>Atrav\u00e9s do Instagram, a marca come\u00e7ou a apresentar os novos modelos criados para as suas tr\u00eas linhas &#8211; 205W39NYC, Calvin Klein e Calvin Klein Jeans. Raf desenvolveu os acess\u00f3rios em vers\u00f5es masculinas e femininas, tanto de sol, quanto de grau.<\/p>\n<p>Nas imagens vemos que o estilista trabalhou com as tend\u00eancias atuais, como lentes coloridas, espelhadas e arma\u00e7\u00f5es transparentes. Com certeza far\u00e1 sucesso!<\/p>\n<p>Veja os detalhes na galeria abaixo e nos conte qual o seu favorito.<\/p>\n<div id=\"attachment_180533\" style=\"width: 610px\" class=\"wp-caption aligncenter\"><img aria-describedby=\"caption-attachment-180533\" data-attachment-id=\"180533\" data-permalink=\"https:\/\/agrund.com\/index.php\/calvin-klein-lanca-primeira-colecao-de-oculos-assinada-por-raf-simons\/5-1013\/\" data-orig-file=\"https:\/\/i0.wp.com\/agrund.com\/wp-content\/uploads\/sites\/6\/2018\/04\/5-11-e1523302762710.jpg?fit=600%2C849&amp;ssl=1\" data-orig-size=\"600,849\" data-comments-opened=\"1\" data-image-meta=\"{&quot;aperture&quot;:&quot;0&quot;,&quot;credit&quot;:&quot;&quot;,&quot;camera&quot;:&quot;&quot;,&quot;caption&quot;:&quot;&quot;,&quot;created_timestamp&quot;:&quot;0&quot;,&quot;copyright&quot;:&quot;&quot;,&quot;focal_length&quot;:&quot;0&quot;,&quot;iso&quot;:&quot;0&quot;,&quot;shutter_speed&quot;:&quot;0&quot;,&quot;title&quot;:&quot;&quot;,&quot;orientation&quot;:&quot;0&quot;}\" data-image-title=\"Calvin Klein lan\u00e7a primeira cole\u00e7\u00e3o de \u00f3culos assinada por Raf Simons\" data-image-description=\"\" data-image-caption=\"&lt;p&gt;Calvin Klein lan\u00e7a primeira cole\u00e7\u00e3o de \u00f3culos assinada por Raf Simons&lt;\/p&gt;\n\" data-medium-file=\"https:\/\/i0.wp.com\/agrund.com\/wp-content\/uploads\/sites\/6\/2018\/04\/5-11-e1523302762710.jpg?fit=212%2C300&amp;ssl=1\" data-large-file=\"https:\/\/i0.wp.com\/agrund.com\/wp-content\/uploads\/sites\/6\/2018\/04\/5-11-e1523302762710.jpg?fit=600%2C849&amp;ssl=1\" decoding=\"async\" loading=\"lazy\" class=\"size-full wp-image-180533\" src=\"https:\/\/i0.wp.com\/www.agrund.com\/wp-content\/uploads\/sites\/6\/2018\/04\/5-11-e1523302762710.jpg?resize=600%2C849\" alt=\"\" width=\"600\" height=\"849\" data-recalc-dims=\"1\" \/><p id=\"caption-attachment-180533\" class=\"wp-caption-text\">Calvin Klein lan\u00e7a primeira cole\u00e7\u00e3o de \u00f3culos assinada por Raf Simons<\/p><\/div>\n<div id=\"attachment_180534\" style=\"width: 610px\" class=\"wp-caption aligncenter\"><img aria-describedby=\"caption-attachment-180534\" data-attachment-id=\"180534\" data-permalink=\"https:\/\/agrund.com\/index.php\/calvin-klein-lanca-primeira-colecao-de-oculos-assinada-por-raf-simons\/6-948\/\" data-orig-file=\"https:\/\/i0.wp.com\/agrund.com\/wp-content\/uploads\/sites\/6\/2018\/04\/6-9-e1523302784417.jpg?fit=600%2C849&amp;ssl=1\" data-orig-size=\"600,849\" data-comments-opened=\"1\" data-image-meta=\"{&quot;aperture&quot;:&quot;0&quot;,&quot;credit&quot;:&quot;&quot;,&quot;camera&quot;:&quot;&quot;,&quot;caption&quot;:&quot;&quot;,&quot;created_timestamp&quot;:&quot;0&quot;,&quot;copyright&quot;:&quot;&quot;,&quot;focal_length&quot;:&quot;0&quot;,&quot;iso&quot;:&quot;0&quot;,&quot;shutter_speed&quot;:&quot;0&quot;,&quot;title&quot;:&quot;&quot;,&quot;orientation&quot;:&quot;0&quot;}\" data-image-title=\"Calvin Klein lan\u00e7a primeira cole\u00e7\u00e3o de \u00f3culos assinada por Raf Simons\" data-image-description=\"\" data-image-caption=\"&lt;p&gt;Calvin Klein lan\u00e7a primeira cole\u00e7\u00e3o de \u00f3culos assinada por Raf Simons&lt;\/p&gt;\n\" data-medium-file=\"https:\/\/i0.wp.com\/agrund.com\/wp-content\/uploads\/sites\/6\/2018\/04\/6-9-e1523302784417.jpg?fit=212%2C300&amp;ssl=1\" data-large-file=\"https:\/\/i0.wp.com\/agrund.com\/wp-content\/uploads\/sites\/6\/2018\/04\/6-9-e1523302784417.jpg?fit=600%2C849&amp;ssl=1\" decoding=\"async\" loading=\"lazy\" class=\"size-full wp-image-180534\" src=\"https:\/\/i0.wp.com\/www.agrund.com\/wp-content\/uploads\/sites\/6\/2018\/04\/6-9-e1523302784417.jpg?resize=600%2C849\" alt=\"\" width=\"600\" height=\"849\" data-recalc-dims=\"1\" \/><p id=\"caption-attachment-180534\" class=\"wp-caption-text\">Calvin Klein lan\u00e7a primeira cole\u00e7\u00e3o de \u00f3culos assinada por Raf Simons<\/p><\/div>\n<div id=\"attachment_180531\" style=\"width: 610px\" class=\"wp-caption aligncenter\"><img aria-describedby=\"caption-attachment-180531\" data-attachment-id=\"180531\" data-permalink=\"https:\/\/agrund.com\/index.php\/calvin-klein-lanca-primeira-colecao-de-oculos-assinada-por-raf-simons\/3-1273\/\" data-orig-file=\"https:\/\/i0.wp.com\/agrund.com\/wp-content\/uploads\/sites\/6\/2018\/04\/3-21-e1523302803777.jpg?fit=600%2C849&amp;ssl=1\" data-orig-size=\"600,849\" data-comments-opened=\"1\" data-image-meta=\"{&quot;aperture&quot;:&quot;0&quot;,&quot;credit&quot;:&quot;&quot;,&quot;camera&quot;:&quot;&quot;,&quot;caption&quot;:&quot;&quot;,&quot;created_timestamp&quot;:&quot;0&quot;,&quot;copyright&quot;:&quot;&quot;,&quot;focal_length&quot;:&quot;0&quot;,&quot;iso&quot;:&quot;0&quot;,&quot;shutter_speed&quot;:&quot;0&quot;,&quot;title&quot;:&quot;&quot;,&quot;orientation&quot;:&quot;0&quot;}\" data-image-title=\"Calvin Klein lan\u00e7a primeira cole\u00e7\u00e3o de \u00f3culos assinada por Raf Simons\" data-image-description=\"\" data-image-caption=\"&lt;p&gt;Calvin Klein lan\u00e7a primeira cole\u00e7\u00e3o de \u00f3culos assinada por Raf Simons&lt;\/p&gt;\n\" data-medium-file=\"https:\/\/i0.wp.com\/agrund.com\/wp-content\/uploads\/sites\/6\/2018\/04\/3-21-e1523302803777.jpg?fit=212%2C300&amp;ssl=1\" data-large-file=\"https:\/\/i0.wp.com\/agrund.com\/wp-content\/uploads\/sites\/6\/2018\/04\/3-21-e1523302803777.jpg?fit=600%2C849&amp;ssl=1\" decoding=\"async\" loading=\"lazy\" class=\"size-full wp-image-180531\" src=\"https:\/\/i0.wp.com\/www.agrund.com\/wp-content\/uploads\/sites\/6\/2018\/04\/3-21-e1523302803777.jpg?resize=600%2C849\" alt=\"\" width=\"600\" height=\"849\" data-recalc-dims=\"1\" \/><p id=\"caption-attachment-180531\" class=\"wp-caption-text\">Calvin Klein lan\u00e7a primeira cole\u00e7\u00e3o de \u00f3culos assinada por Raf Simons<\/p><\/div>\n<div id=\"attachment_180532\" style=\"width: 610px\" class=\"wp-caption aligncenter\"><img aria-describedby=\"caption-attachment-180532\" data-attachment-id=\"180532\" data-permalink=\"https:\/\/agrund.com\/index.php\/calvin-klein-lanca-primeira-colecao-de-oculos-assinada-por-raf-simons\/4-1167\/\" data-orig-file=\"https:\/\/i0.wp.com\/agrund.com\/wp-content\/uploads\/sites\/6\/2018\/04\/4-18-e1523302815689.jpg?fit=600%2C849&amp;ssl=1\" data-orig-size=\"600,849\" data-comments-opened=\"1\" data-image-meta=\"{&quot;aperture&quot;:&quot;0&quot;,&quot;credit&quot;:&quot;&quot;,&quot;camera&quot;:&quot;&quot;,&quot;caption&quot;:&quot;&quot;,&quot;created_timestamp&quot;:&quot;0&quot;,&quot;copyright&quot;:&quot;&quot;,&quot;focal_length&quot;:&quot;0&quot;,&quot;iso&quot;:&quot;0&quot;,&quot;shutter_speed&quot;:&quot;0&quot;,&quot;title&quot;:&quot;&quot;,&quot;orientation&quot;:&quot;0&quot;}\" data-image-title=\"Calvin Klein lan\u00e7a primeira cole\u00e7\u00e3o de \u00f3culos assinada por Raf Simons\" data-image-description=\"\" data-image-caption=\"&lt;p&gt;Calvin Klein lan\u00e7a primeira cole\u00e7\u00e3o de \u00f3culos assinada por Raf Simons&lt;\/p&gt;\n\" data-medium-file=\"https:\/\/i0.wp.com\/agrund.com\/wp-content\/uploads\/sites\/6\/2018\/04\/4-18-e1523302815689.jpg?fit=212%2C300&amp;ssl=1\" data-large-file=\"https:\/\/i0.wp.com\/agrund.com\/wp-content\/uploads\/sites\/6\/2018\/04\/4-18-e1523302815689.jpg?fit=600%2C849&amp;ssl=1\" decoding=\"async\" loading=\"lazy\" class=\"size-full wp-image-180532\" src=\"https:\/\/i0.wp.com\/www.agrund.com\/wp-content\/uploads\/sites\/6\/2018\/04\/4-18-e1523302815689.jpg?resize=600%2C849\" alt=\"\" width=\"600\" height=\"849\" data-recalc-dims=\"1\" \/><p id=\"caption-attachment-180532\" class=\"wp-caption-text\">Calvin Klein lan\u00e7a primeira cole\u00e7\u00e3o de \u00f3culos assinada por Raf Simons<\/p><\/div>\n<div id=\"attachment_180529\" style=\"width: 610px\" class=\"wp-caption aligncenter\"><img aria-describedby=\"caption-attachment-180529\" data-attachment-id=\"180529\" data-permalink=\"https:\/\/agrund.com\/index.php\/calvin-klein-lanca-primeira-colecao-de-oculos-assinada-por-raf-simons\/1-1432\/\" data-orig-file=\"https:\/\/i0.wp.com\/agrund.com\/wp-content\/uploads\/sites\/6\/2018\/04\/1-27-e1523302827113.jpg?fit=600%2C424&amp;ssl=1\" data-orig-size=\"600,424\" data-comments-opened=\"1\" data-image-meta=\"{&quot;aperture&quot;:&quot;0&quot;,&quot;credit&quot;:&quot;&quot;,&quot;camera&quot;:&quot;&quot;,&quot;caption&quot;:&quot;&quot;,&quot;created_timestamp&quot;:&quot;0&quot;,&quot;copyright&quot;:&quot;&quot;,&quot;focal_length&quot;:&quot;0&quot;,&quot;iso&quot;:&quot;0&quot;,&quot;shutter_speed&quot;:&quot;0&quot;,&quot;title&quot;:&quot;&quot;,&quot;orientation&quot;:&quot;0&quot;}\" data-image-title=\"Calvin Klein lan\u00e7a primeira cole\u00e7\u00e3o de \u00f3culos assinada por Raf Simons\" data-image-description=\"\" data-image-caption=\"&lt;p&gt;Calvin Klein lan\u00e7a primeira cole\u00e7\u00e3o de \u00f3culos assinada por Raf Simons&lt;\/p&gt;\n\" data-medium-file=\"https:\/\/i0.wp.com\/agrund.com\/wp-content\/uploads\/sites\/6\/2018\/04\/1-27-e1523302827113.jpg?fit=300%2C212&amp;ssl=1\" data-large-file=\"https:\/\/i0.wp.com\/agrund.com\/wp-content\/uploads\/sites\/6\/2018\/04\/1-27-e1523302827113.jpg?fit=600%2C424&amp;ssl=1\" decoding=\"async\" loading=\"lazy\" class=\"size-full wp-image-180529\" src=\"https:\/\/i0.wp.com\/www.agrund.com\/wp-content\/uploads\/sites\/6\/2018\/04\/1-27-e1523302827113.jpg?resize=600%2C424\" alt=\"\" width=\"600\" height=\"424\" data-recalc-dims=\"1\" \/><p id=\"caption-attachment-180529\" class=\"wp-caption-text\">Calvin Klein lan\u00e7a primeira cole\u00e7\u00e3o de \u00f3culos assinada por Raf Simons<\/p><\/div>\n<div id=\"attachment_180530\" style=\"width: 610px\" class=\"wp-caption aligncenter\"><img aria-describedby=\"caption-attachment-180530\" data-attachment-id=\"180530\" data-permalink=\"https:\/\/agrund.com\/index.php\/calvin-klein-lanca-primeira-colecao-de-oculos-assinada-por-raf-simons\/2-1369\/\" data-orig-file=\"https:\/\/i0.wp.com\/agrund.com\/wp-content\/uploads\/sites\/6\/2018\/04\/2-23-e1523302844931.jpg?fit=600%2C849&amp;ssl=1\" data-orig-size=\"600,849\" data-comments-opened=\"1\" data-image-meta=\"{&quot;aperture&quot;:&quot;0&quot;,&quot;credit&quot;:&quot;&quot;,&quot;camera&quot;:&quot;&quot;,&quot;caption&quot;:&quot;&quot;,&quot;created_timestamp&quot;:&quot;0&quot;,&quot;copyright&quot;:&quot;&quot;,&quot;focal_length&quot;:&quot;0&quot;,&quot;iso&quot;:&quot;0&quot;,&quot;shutter_speed&quot;:&quot;0&quot;,&quot;title&quot;:&quot;&quot;,&quot;orientation&quot;:&quot;0&quot;}\" data-image-title=\"Calvin Klein lan\u00e7a primeira cole\u00e7\u00e3o de \u00f3culos assinada por Raf Simons\" data-image-description=\"\" data-image-caption=\"&lt;p&gt;Calvin Klein lan\u00e7a primeira cole\u00e7\u00e3o de \u00f3culos assinada por Raf Simons&lt;\/p&gt;\n\" data-medium-file=\"https:\/\/i0.wp.com\/agrund.com\/wp-content\/uploads\/sites\/6\/2018\/04\/2-23-e1523302844931.jpg?fit=212%2C300&amp;ssl=1\" data-large-file=\"https:\/\/i0.wp.com\/agrund.com\/wp-content\/uploads\/sites\/6\/2018\/04\/2-23-e1523302844931.jpg?fit=600%2C849&amp;ssl=1\" decoding=\"async\" loading=\"lazy\" class=\"size-full wp-image-180530\" src=\"https:\/\/i0.wp.com\/www.agrund.com\/wp-content\/uploads\/sites\/6\/2018\/04\/2-23-e1523302844931.jpg?resize=600%2C849\" alt=\"\" width=\"600\" height=\"849\" data-recalc-dims=\"1\" \/><p id=\"caption-attachment-180530\" class=\"wp-caption-text\">Calvin Klein lan\u00e7a primeira cole\u00e7\u00e3o de \u00f3culos assinada por Raf Simons<\/p><\/div>\n<p>Fotos: Reprodu\u00e7\u00e3o.<\/p>\n<p>&nbsp;<\/p>\n","protected":false},"excerpt":{"rendered":"<p>A espera acabou! Raf Simons est\u00e1 fazendo muito sucesso na dire\u00e7\u00e3o criativa da Calvin Klein, mas at\u00e9 agora o designer n\u00e3o havia criado uma cole\u00e7\u00e3o de \u00f3culos. Isso mudou! Atrav\u00e9s do Instagram, a marca come\u00e7ou a apresentar os novos modelos criados para as suas tr\u00eas linhas &#8211; 205W39NYC, Calvin Klein e Calvin Klein Jeans. Raf [&hellip;]<\/p>\n","protected":false},"author":8,"featured_media":180535,"comment_status":"open","ping_status":"open","sticky":false,"template":"","format":"standard","meta":{"jetpack_post_was_ever_published":false,"_jetpack_newsletter_access":"","jetpack_publicize_message":"","jetpack_is_tweetstorm":false,"jetpack_publicize_feature_enabled":true,"jetpack_social_post_already_shared":true,"jetpack_social_options":{"image_generator_settings":{"template":"highway","enabled":false}}},"categories":[2],"tags":[],"jetpack_publicize_connections":[],"jetpack_featured_media_url":"https:\/\/i0.wp.com\/agrund.com\/wp-content\/uploads\/sites\/6\/2018\/04\/s-31.jpg?fit=960%2C300&ssl=1","jetpack_sharing_enabled":true,"jetpack_shortlink":"https:\/\/wp.me\/p3Hz0n-KXK","jetpack_likes_enabled":true,"_links":{"self":[{"href":"https:\/\/agrund.com\/index.php\/wp-json\/wp\/v2\/posts\/180528"}],"collection":[{"href":"https:\/\/agrund.com\/index.php\/wp-json\/wp\/v2\/posts"}],"about":[{"href":"https:\/\/agrund.com\/index.php\/wp-json\/wp\/v2\/types\/post"}],"author":[{"embeddable":true,"href":"https:\/\/agrund.com\/index.php\/wp-json\/wp\/v2\/users\/8"}],"replies":[{"embeddable":true,"href":"https:\/\/agrund.com\/index.php\/wp-json\/wp\/v2\/comments?post=180528"}],"version-history":[{"count":0,"href":"https:\/\/agrund.com\/index.php\/wp-json\/wp\/v2\/posts\/180528\/revisions"}],"wp:featuredmedia":[{"embeddable":true,"href":"https:\/\/agrund.com\/index.php\/wp-json\/wp\/v2\/media\/180535"}],"wp:attachment":[{"href":"https:\/\/agrund.com\/index.php\/wp-json\/wp\/v2\/media?parent=180528"}],"wp:term":[{"taxonomy":"category","embeddable":true,"href":"https:\/\/agrund.com\/index.php\/wp-json\/wp\/v2\/categories?post=180528"},{"taxonomy":"post_tag","embeddable":true,"href":"https:\/\/agrund.com\/index.php\/wp-json\/wp\/v2\/tags?post=180528"}],"curies":[{"name":"wp","href":"https:\/\/api.w.org\/{rel}","templated":true}]}}