{"id":180460,"date":"2018-04-06T16:00:27","date_gmt":"2018-04-06T19:00:27","guid":{"rendered":"http:\/\/www.agrund.com\/?p=180460"},"modified":"2018-04-06T15:51:53","modified_gmt":"2018-04-06T18:51:53","slug":"para-ficar-de-olho-gmbh-em-ascensao","status":"publish","type":"post","link":"https:\/\/agrund.com\/index.php\/para-ficar-de-olho-gmbh-em-ascensao\/","title":{"rendered":"Para ficar de olho: GMBH em ascens\u00e3o"},"content":{"rendered":"<p>Por Let\u00edcia Santana<\/p>\n<p>H\u00e1 algumas semanas come\u00e7ou uma especula\u00e7\u00e3o de que a marca francesa Vetements n\u00e3o estaria muito bem, economicamente falando. Depois de conquistar celebridades como Kendall Jenner e Rihanna com a sua moda desconstru\u00edda e fresca, um buyer an\u00f4nimo declarou ao site Highsnobiety: \u201cNas \u00faltimas duas esta\u00e7\u00f5es, ningu\u00e9m nem est\u00e1 olhando para a grife. As vendas tiveram uma queda dram\u00e1tica, chegando ao ponto de vermos pe\u00e7as em outlets com 70% de desconto\u201d. Desde 2015, Demna Gvasaglia, o estilista da Vetements, tamb\u00e9m assumiu a dire\u00e7\u00e3o criativa da Balenciaga. \u201cOs clientes t\u00eam preferido comprar Balenciaga, que oferece looks semelhantes por uma valor menor e com uma qualidade maior\u201d escreveu o Highsnobiety.<\/p>\n<div id=\"attachment_180461\" style=\"width: 610px\" class=\"wp-caption aligncenter\"><img aria-describedby=\"caption-attachment-180461\" data-attachment-id=\"180461\" data-permalink=\"https:\/\/agrund.com\/index.php\/para-ficar-de-olho-gmbh-em-ascensao\/img_2284\/\" data-orig-file=\"https:\/\/i0.wp.com\/agrund.com\/wp-content\/uploads\/sites\/6\/2018\/04\/IMG_2284.jpg?fit=600%2C397&amp;ssl=1\" data-orig-size=\"600,397\" data-comments-opened=\"1\" data-image-meta=\"{&quot;aperture&quot;:&quot;0&quot;,&quot;credit&quot;:&quot;&quot;,&quot;camera&quot;:&quot;&quot;,&quot;caption&quot;:&quot;&quot;,&quot;created_timestamp&quot;:&quot;1522927523&quot;,&quot;copyright&quot;:&quot;&quot;,&quot;focal_length&quot;:&quot;0&quot;,&quot;iso&quot;:&quot;0&quot;,&quot;shutter_speed&quot;:&quot;0&quot;,&quot;title&quot;:&quot;&quot;,&quot;orientation&quot;:&quot;1&quot;}\" data-image-title=\"Para ficar de olho: GMBH em ascens\u00e3o\" data-image-description=\"\" data-image-caption=\"&lt;p&gt;Para ficar de olho: GMBH em ascens\u00e3o&lt;\/p&gt;\n\" data-medium-file=\"https:\/\/i0.wp.com\/agrund.com\/wp-content\/uploads\/sites\/6\/2018\/04\/IMG_2284.jpg?fit=300%2C199&amp;ssl=1\" data-large-file=\"https:\/\/i0.wp.com\/agrund.com\/wp-content\/uploads\/sites\/6\/2018\/04\/IMG_2284.jpg?fit=600%2C397&amp;ssl=1\" decoding=\"async\" loading=\"lazy\" class=\"size-full wp-image-180461\" src=\"https:\/\/i0.wp.com\/www.agrund.com\/wp-content\/uploads\/sites\/6\/2018\/04\/IMG_2284.jpg?resize=600%2C397\" alt=\"\" width=\"600\" height=\"397\" srcset=\"https:\/\/i0.wp.com\/agrund.com\/wp-content\/uploads\/sites\/6\/2018\/04\/IMG_2284.jpg?w=600&amp;ssl=1 600w, https:\/\/i0.wp.com\/agrund.com\/wp-content\/uploads\/sites\/6\/2018\/04\/IMG_2284.jpg?resize=300%2C199&amp;ssl=1 300w\" sizes=\"(max-width: 600px) 100vw, 600px\" data-recalc-dims=\"1\" \/><p id=\"caption-attachment-180461\" class=\"wp-caption-text\">Para ficar de olho: GMBH em ascens\u00e3o<\/p><\/div>\n<p>Depois de alguns dias, o CEO da Vetements, Guram Gvasalia, desmentiu os rumores em um comunicado: \u201cNa era de tudo por um clique, est\u00e3o usando o nome da nossa empresa em uma manchete depreciativa. Para o desapontamento dos que nos odeiam, gostar\u00edamos de contar que a Vetements est\u00e1 em um momento criativo e financeiro \u00f3timo, como sempre. \u00c9 triste ver jornalistas de moda atacando marcas jovens e independentes enquanto bajulam grandes conglomerados s\u00f3 por causa de seus investimentos em an\u00fancios\u201d. O portal WWD conversou com alguns buyers, entre eles, a Helen David da Harrods e ela afirmou que seus consumidores respondem bem \u00e0 marca e ainda contou que a \u00faltima cole\u00e7\u00e3o foi vendida quatro vezes mais do que o esperado.<\/p>\n<p>A Vetements fez e faz muito pela ind\u00fastria da moda: normalizou a moda sem g\u00eanero, trouxe uma rebeldia interessante para o mercado, mostrou uma nova forma de fazer business\u2026 A sua relev\u00e2ncia \u00e9 inquestion\u00e1vel, mas n\u00e3o d\u00e1 para negar que, depois que atingiu o mainstream, a real ess\u00eancia e prop\u00f3sito da marca foram colocadas de lado. E \u00e9 nessa brecha que surgem grifes como a alem\u00e3 GmbH.<\/p>\n<div id=\"attachment_180463\" style=\"width: 610px\" class=\"wp-caption aligncenter\"><img aria-describedby=\"caption-attachment-180463\" data-attachment-id=\"180463\" data-permalink=\"https:\/\/agrund.com\/index.php\/para-ficar-de-olho-gmbh-em-ascensao\/img_2286\/\" data-orig-file=\"https:\/\/i0.wp.com\/agrund.com\/wp-content\/uploads\/sites\/6\/2018\/04\/IMG_2286.jpg?fit=600%2C799&amp;ssl=1\" data-orig-size=\"600,799\" data-comments-opened=\"1\" data-image-meta=\"{&quot;aperture&quot;:&quot;0&quot;,&quot;credit&quot;:&quot;lelesantana2011&quot;,&quot;camera&quot;:&quot;&quot;,&quot;caption&quot;:&quot;&quot;,&quot;created_timestamp&quot;:&quot;1522928149&quot;,&quot;copyright&quot;:&quot;&quot;,&quot;focal_length&quot;:&quot;0&quot;,&quot;iso&quot;:&quot;0&quot;,&quot;shutter_speed&quot;:&quot;0&quot;,&quot;title&quot;:&quot;&quot;,&quot;orientation&quot;:&quot;1&quot;}\" data-image-title=\"Para ficar de olho: GMBH em ascens\u00e3o\" data-image-description=\"\" data-image-caption=\"&lt;p&gt;Para ficar de olho: GMBH em ascens\u00e3o&lt;\/p&gt;\n\" data-medium-file=\"https:\/\/i0.wp.com\/agrund.com\/wp-content\/uploads\/sites\/6\/2018\/04\/IMG_2286.jpg?fit=225%2C300&amp;ssl=1\" data-large-file=\"https:\/\/i0.wp.com\/agrund.com\/wp-content\/uploads\/sites\/6\/2018\/04\/IMG_2286.jpg?fit=600%2C799&amp;ssl=1\" decoding=\"async\" loading=\"lazy\" class=\"size-full wp-image-180463\" src=\"https:\/\/i0.wp.com\/www.agrund.com\/wp-content\/uploads\/sites\/6\/2018\/04\/IMG_2286.jpg?resize=600%2C799\" alt=\"\" width=\"600\" height=\"799\" srcset=\"https:\/\/i0.wp.com\/agrund.com\/wp-content\/uploads\/sites\/6\/2018\/04\/IMG_2286.jpg?w=600&amp;ssl=1 600w, https:\/\/i0.wp.com\/agrund.com\/wp-content\/uploads\/sites\/6\/2018\/04\/IMG_2286.jpg?resize=225%2C300&amp;ssl=1 225w\" sizes=\"(max-width: 600px) 100vw, 600px\" data-recalc-dims=\"1\" \/><p id=\"caption-attachment-180463\" class=\"wp-caption-text\">Para ficar de olho: GMBH em ascens\u00e3o<\/p><\/div>\n<p>Chega a ser ir\u00f4nico uma marca que desconhece toda e qualquer fronteira ter como nome uma sigla em alem\u00e3o para Gesellschaftmit beschr\u00e4nkter Haftung (\u201cSociedade limitada\u201d, em portugu\u00eas). Com apenas dois anos no mercado, a GmbH j\u00e1 chamou aten\u00e7\u00e3o e tem como tra\u00e7o forte no DNA o multiculturalismo. A dupla que comanda a dire\u00e7\u00e3o criativa da marca \u00e9 formado por Serhat Isik, metade alem\u00e3o e metade turco, e por Benjamim Huseby, metade paquistan\u00eas e metade norueg\u00fbes. No ateli\u00ea, s\u00e3o cerca de 15 imigrantes trabalhando e nas passarelas, modelos mu\u00e7ulmanos e asi\u00e1ticos sempre marcam presen\u00e7a. A maior parte das pe\u00e7as da GmbH \u00e9 produzida com um estoque morto de uma grande f\u00e1brica de Mil\u00e3o, como resist\u00eancia ao consumo exagerado e \u00e0 extra\u00e7\u00e3o desenfreada de mat\u00e9rias-primas. Construindo, assim, uma grife de streetwear alternativo carregada de discurso.<\/p>\n<div id=\"attachment_180462\" style=\"width: 610px\" class=\"wp-caption aligncenter\"><img aria-describedby=\"caption-attachment-180462\" data-attachment-id=\"180462\" data-permalink=\"https:\/\/agrund.com\/index.php\/para-ficar-de-olho-gmbh-em-ascensao\/img_2301\/\" data-orig-file=\"https:\/\/i0.wp.com\/agrund.com\/wp-content\/uploads\/sites\/6\/2018\/04\/IMG_2301.jpg?fit=600%2C799&amp;ssl=1\" data-orig-size=\"600,799\" data-comments-opened=\"1\" data-image-meta=\"{&quot;aperture&quot;:&quot;0&quot;,&quot;credit&quot;:&quot;lelesantana2011&quot;,&quot;camera&quot;:&quot;&quot;,&quot;caption&quot;:&quot;&quot;,&quot;created_timestamp&quot;:&quot;1522929279&quot;,&quot;copyright&quot;:&quot;&quot;,&quot;focal_length&quot;:&quot;0&quot;,&quot;iso&quot;:&quot;0&quot;,&quot;shutter_speed&quot;:&quot;0&quot;,&quot;title&quot;:&quot;&quot;,&quot;orientation&quot;:&quot;1&quot;}\" data-image-title=\"Para ficar de olho: GMBH em ascens\u00e3o\" data-image-description=\"\" data-image-caption=\"&lt;p&gt;Para ficar de olho: GMBH em ascens\u00e3o&lt;\/p&gt;\n\" data-medium-file=\"https:\/\/i0.wp.com\/agrund.com\/wp-content\/uploads\/sites\/6\/2018\/04\/IMG_2301.jpg?fit=225%2C300&amp;ssl=1\" data-large-file=\"https:\/\/i0.wp.com\/agrund.com\/wp-content\/uploads\/sites\/6\/2018\/04\/IMG_2301.jpg?fit=600%2C799&amp;ssl=1\" decoding=\"async\" loading=\"lazy\" class=\"size-full wp-image-180462\" src=\"https:\/\/i0.wp.com\/www.agrund.com\/wp-content\/uploads\/sites\/6\/2018\/04\/IMG_2301.jpg?resize=600%2C799\" alt=\"\" width=\"600\" height=\"799\" srcset=\"https:\/\/i0.wp.com\/agrund.com\/wp-content\/uploads\/sites\/6\/2018\/04\/IMG_2301.jpg?w=600&amp;ssl=1 600w, https:\/\/i0.wp.com\/agrund.com\/wp-content\/uploads\/sites\/6\/2018\/04\/IMG_2301.jpg?resize=225%2C300&amp;ssl=1 225w\" sizes=\"(max-width: 600px) 100vw, 600px\" data-recalc-dims=\"1\" \/><p id=\"caption-attachment-180462\" class=\"wp-caption-text\">Para ficar de olho: GMBH em ascens\u00e3o<\/p><\/div>\n<p>Engana-se quem pensa que moda feita por millennials \u00e9 resumida apenas em roupas esquisitas. A \u00faltima cole\u00e7\u00e3o, apresentada em Paris no m\u00eas de janeiro, batizada de \u201cMinha beleza ofende voc\u00ea\u201d \u00e9 a maior prova do equ\u00edvoco que \u00e9 esse pensamento. A alfaiataria e o corte impec\u00e1vel da GmbH resultam em belas cal\u00e7as risca-de-giz, blazers e camisas de algod\u00e3o que vem sendo vendidas como \u00e1gua. A marca, apesar de inicialmente se definir como masculina, vem cada vez mais quebrando esse paradigma e fazendo pe\u00e7as que atendem ambos p\u00fablicos. A dupla de estilistas j\u00e1 n\u00e3o sente mais a necessidade de r\u00f3tulos, pois segundo eles \u201cconstru\u00e7\u00e3o de g\u00eanero \u00e9 algo muito s\u00e9culo 20\u201d.<\/p>\n<p>Mais em <a href=\"http:\/\/borboletavintage.com.br\/\">Borboleta Vintage<\/a>.<br \/>\nInstagram: <a href=\"https:\/\/www.instagram.com\/borboletavintage\/\">@borboletavintage<\/a>.<\/p>\n","protected":false},"excerpt":{"rendered":"<p>Por Let\u00edcia Santana H\u00e1 algumas semanas come\u00e7ou uma especula\u00e7\u00e3o de que a marca francesa Vetements n\u00e3o estaria muito bem, economicamente falando. Depois de conquistar celebridades como Kendall Jenner e Rihanna com a sua moda desconstru\u00edda e fresca, um buyer an\u00f4nimo declarou ao site Highsnobiety: \u201cNas \u00faltimas duas esta\u00e7\u00f5es, ningu\u00e9m nem est\u00e1 olhando para a grife. [&hellip;]<\/p>\n","protected":false},"author":8,"featured_media":180464,"comment_status":"open","ping_status":"open","sticky":false,"template":"","format":"standard","meta":{"jetpack_post_was_ever_published":false,"_jetpack_newsletter_access":"","jetpack_publicize_message":"","jetpack_is_tweetstorm":false,"jetpack_publicize_feature_enabled":true,"jetpack_social_post_already_shared":true,"jetpack_social_options":{"image_generator_settings":{"template":"highway","enabled":false}}},"categories":[2],"tags":[],"jetpack_publicize_connections":[],"jetpack_featured_media_url":"https:\/\/i0.wp.com\/agrund.com\/wp-content\/uploads\/sites\/6\/2018\/04\/s-24.jpg?fit=960%2C300&ssl=1","jetpack_sharing_enabled":true,"jetpack_shortlink":"https:\/\/wp.me\/p3Hz0n-KWE","jetpack_likes_enabled":true,"_links":{"self":[{"href":"https:\/\/agrund.com\/index.php\/wp-json\/wp\/v2\/posts\/180460"}],"collection":[{"href":"https:\/\/agrund.com\/index.php\/wp-json\/wp\/v2\/posts"}],"about":[{"href":"https:\/\/agrund.com\/index.php\/wp-json\/wp\/v2\/types\/post"}],"author":[{"embeddable":true,"href":"https:\/\/agrund.com\/index.php\/wp-json\/wp\/v2\/users\/8"}],"replies":[{"embeddable":true,"href":"https:\/\/agrund.com\/index.php\/wp-json\/wp\/v2\/comments?post=180460"}],"version-history":[{"count":0,"href":"https:\/\/agrund.com\/index.php\/wp-json\/wp\/v2\/posts\/180460\/revisions"}],"wp:featuredmedia":[{"embeddable":true,"href":"https:\/\/agrund.com\/index.php\/wp-json\/wp\/v2\/media\/180464"}],"wp:attachment":[{"href":"https:\/\/agrund.com\/index.php\/wp-json\/wp\/v2\/media?parent=180460"}],"wp:term":[{"taxonomy":"category","embeddable":true,"href":"https:\/\/agrund.com\/index.php\/wp-json\/wp\/v2\/categories?post=180460"},{"taxonomy":"post_tag","embeddable":true,"href":"https:\/\/agrund.com\/index.php\/wp-json\/wp\/v2\/tags?post=180460"}],"curies":[{"name":"wp","href":"https:\/\/api.w.org\/{rel}","templated":true}]}}