{"id":180452,"date":"2018-04-06T15:00:51","date_gmt":"2018-04-06T18:00:51","guid":{"rendered":"http:\/\/www.agrund.com\/?p=180452"},"modified":"2018-04-06T15:12:54","modified_gmt":"2018-04-06T18:12:54","slug":"hot-or-not-tendencias-da-primavera-californiana","status":"publish","type":"post","link":"https:\/\/agrund.com\/index.php\/hot-or-not-tendencias-da-primavera-californiana\/","title":{"rendered":"Hot or Not: Tend\u00eancias da primavera Californiana"},"content":{"rendered":"<p>Por <a href=\"https:\/\/www.instagram.com\/annaleemua\/\">Anna Lee, de Los Angeles<\/a><\/p>\n<p>A \u00e1rea dos olhos nunca esteve t\u00e3o ousada e divertida como nos \u00faltimos dois anos para quem ama maquiagem.<\/p>\n<p>J\u00e1 vimos os mais diferentes formatos de sobrancelha, mas agora querem complementar com flores. Sim, praticamente um jardim nas sobrancelhas!<\/p>\n<p>Eu n\u00e3o duvido nada que veremos muitas meninas usando essa tend\u00eancia no Coachella, que acontece em 15 dias, para o show da Beyonc\u00e9.<\/p>\n<div id=\"attachment_180457\" style=\"width: 610px\" class=\"wp-caption aligncenter\"><img aria-describedby=\"caption-attachment-180457\" data-attachment-id=\"180457\" data-permalink=\"https:\/\/agrund.com\/index.php\/hot-or-not-tendencias-da-primavera-californiana\/11-165\/\" data-orig-file=\"https:\/\/i0.wp.com\/agrund.com\/wp-content\/uploads\/sites\/6\/2018\/04\/11-2.jpg?fit=600%2C667&amp;ssl=1\" data-orig-size=\"600,667\" data-comments-opened=\"1\" data-image-meta=\"{&quot;aperture&quot;:&quot;0&quot;,&quot;credit&quot;:&quot;&quot;,&quot;camera&quot;:&quot;&quot;,&quot;caption&quot;:&quot;&quot;,&quot;created_timestamp&quot;:&quot;0&quot;,&quot;copyright&quot;:&quot;&quot;,&quot;focal_length&quot;:&quot;0&quot;,&quot;iso&quot;:&quot;0&quot;,&quot;shutter_speed&quot;:&quot;0&quot;,&quot;title&quot;:&quot;&quot;,&quot;orientation&quot;:&quot;1&quot;}\" data-image-title=\"Hot or Not: Tend\u00eancias da primavera Californiana\" data-image-description=\"\" data-image-caption=\"&lt;p&gt;Hot or Not: Tend\u00eancias da primavera Californiana&lt;\/p&gt;\n\" data-medium-file=\"https:\/\/i0.wp.com\/agrund.com\/wp-content\/uploads\/sites\/6\/2018\/04\/11-2.jpg?fit=270%2C300&amp;ssl=1\" data-large-file=\"https:\/\/i0.wp.com\/agrund.com\/wp-content\/uploads\/sites\/6\/2018\/04\/11-2.jpg?fit=600%2C667&amp;ssl=1\" decoding=\"async\" loading=\"lazy\" class=\"size-full wp-image-180457\" src=\"https:\/\/i0.wp.com\/www.agrund.com\/wp-content\/uploads\/sites\/6\/2018\/04\/11-2.jpg?resize=600%2C667\" alt=\"\" width=\"600\" height=\"667\" srcset=\"https:\/\/i0.wp.com\/agrund.com\/wp-content\/uploads\/sites\/6\/2018\/04\/11-2.jpg?w=600&amp;ssl=1 600w, https:\/\/i0.wp.com\/agrund.com\/wp-content\/uploads\/sites\/6\/2018\/04\/11-2.jpg?resize=270%2C300&amp;ssl=1 270w\" sizes=\"(max-width: 600px) 100vw, 600px\" data-recalc-dims=\"1\" \/><p id=\"caption-attachment-180457\" class=\"wp-caption-text\">Hot or Not: Tend\u00eancias da primavera Californiana<\/p><\/div>\n<div id=\"attachment_180456\" style=\"width: 610px\" class=\"wp-caption aligncenter\"><img aria-describedby=\"caption-attachment-180456\" data-attachment-id=\"180456\" data-permalink=\"https:\/\/agrund.com\/index.php\/hot-or-not-tendencias-da-primavera-californiana\/5-1009\/\" data-orig-file=\"https:\/\/i0.wp.com\/agrund.com\/wp-content\/uploads\/sites\/6\/2018\/04\/5-7.jpg?fit=600%2C600&amp;ssl=1\" data-orig-size=\"600,600\" data-comments-opened=\"1\" data-image-meta=\"{&quot;aperture&quot;:&quot;0&quot;,&quot;credit&quot;:&quot;&quot;,&quot;camera&quot;:&quot;&quot;,&quot;caption&quot;:&quot;&quot;,&quot;created_timestamp&quot;:&quot;0&quot;,&quot;copyright&quot;:&quot;&quot;,&quot;focal_length&quot;:&quot;0&quot;,&quot;iso&quot;:&quot;0&quot;,&quot;shutter_speed&quot;:&quot;0&quot;,&quot;title&quot;:&quot;&quot;,&quot;orientation&quot;:&quot;1&quot;}\" data-image-title=\"Hot or Not: Tend\u00eancias da primavera Californiana\" data-image-description=\"\" data-image-caption=\"&lt;p&gt;Hot or Not: Tend\u00eancias da primavera Californiana&lt;\/p&gt;\n\" data-medium-file=\"https:\/\/i0.wp.com\/agrund.com\/wp-content\/uploads\/sites\/6\/2018\/04\/5-7.jpg?fit=300%2C300&amp;ssl=1\" data-large-file=\"https:\/\/i0.wp.com\/agrund.com\/wp-content\/uploads\/sites\/6\/2018\/04\/5-7.jpg?fit=600%2C600&amp;ssl=1\" decoding=\"async\" loading=\"lazy\" class=\"size-full wp-image-180456\" src=\"https:\/\/i0.wp.com\/www.agrund.com\/wp-content\/uploads\/sites\/6\/2018\/04\/5-7.jpg?resize=600%2C600\" alt=\"\" width=\"600\" height=\"600\" srcset=\"https:\/\/i0.wp.com\/agrund.com\/wp-content\/uploads\/sites\/6\/2018\/04\/5-7.jpg?w=600&amp;ssl=1 600w, https:\/\/i0.wp.com\/agrund.com\/wp-content\/uploads\/sites\/6\/2018\/04\/5-7.jpg?resize=150%2C150&amp;ssl=1 150w, https:\/\/i0.wp.com\/agrund.com\/wp-content\/uploads\/sites\/6\/2018\/04\/5-7.jpg?resize=300%2C300&amp;ssl=1 300w\" sizes=\"(max-width: 600px) 100vw, 600px\" data-recalc-dims=\"1\" \/><p id=\"caption-attachment-180456\" class=\"wp-caption-text\">Hot or Not: Tend\u00eancias da primavera Californiana<\/p><\/div>\n<p>Ainda nas sobrancelha, ela colorida com sombra ou com r\u00edmel \u00e9 praticamente obrigat\u00f3rio por aqui. O combo com o c\u00edlios tamb\u00e9m na mesma cor forma o look que sempre foi usado para modernizar desfiles de moda, e que agora caiu no gosto do povo fora da passarela. Eu amo!!!<\/p>\n<div id=\"attachment_180455\" style=\"width: 610px\" class=\"wp-caption aligncenter\"><img aria-describedby=\"caption-attachment-180455\" data-attachment-id=\"180455\" data-permalink=\"https:\/\/agrund.com\/index.php\/hot-or-not-tendencias-da-primavera-californiana\/4-1162\/\" data-orig-file=\"https:\/\/i0.wp.com\/agrund.com\/wp-content\/uploads\/sites\/6\/2018\/04\/4-13.jpg?fit=600%2C450&amp;ssl=1\" data-orig-size=\"600,450\" data-comments-opened=\"1\" data-image-meta=\"{&quot;aperture&quot;:&quot;0&quot;,&quot;credit&quot;:&quot;&quot;,&quot;camera&quot;:&quot;&quot;,&quot;caption&quot;:&quot;&quot;,&quot;created_timestamp&quot;:&quot;0&quot;,&quot;copyright&quot;:&quot;&quot;,&quot;focal_length&quot;:&quot;0&quot;,&quot;iso&quot;:&quot;0&quot;,&quot;shutter_speed&quot;:&quot;0&quot;,&quot;title&quot;:&quot;&quot;,&quot;orientation&quot;:&quot;1&quot;}\" data-image-title=\"Hot or Not: Tend\u00eancias da primavera Californiana\" data-image-description=\"\" data-image-caption=\"&lt;p&gt;Hot or Not: Tend\u00eancias da primavera Californiana&lt;\/p&gt;\n\" data-medium-file=\"https:\/\/i0.wp.com\/agrund.com\/wp-content\/uploads\/sites\/6\/2018\/04\/4-13.jpg?fit=300%2C225&amp;ssl=1\" data-large-file=\"https:\/\/i0.wp.com\/agrund.com\/wp-content\/uploads\/sites\/6\/2018\/04\/4-13.jpg?fit=600%2C450&amp;ssl=1\" decoding=\"async\" loading=\"lazy\" class=\"size-full wp-image-180455\" src=\"https:\/\/i0.wp.com\/www.agrund.com\/wp-content\/uploads\/sites\/6\/2018\/04\/4-13.jpg?resize=600%2C450\" alt=\"\" width=\"600\" height=\"450\" srcset=\"https:\/\/i0.wp.com\/agrund.com\/wp-content\/uploads\/sites\/6\/2018\/04\/4-13.jpg?w=600&amp;ssl=1 600w, https:\/\/i0.wp.com\/agrund.com\/wp-content\/uploads\/sites\/6\/2018\/04\/4-13.jpg?resize=300%2C225&amp;ssl=1 300w\" sizes=\"(max-width: 600px) 100vw, 600px\" data-recalc-dims=\"1\" \/><p id=\"caption-attachment-180455\" class=\"wp-caption-text\">Hot or Not: Tend\u00eancias da primavera Californiana<\/p><\/div>\n<div id=\"attachment_180454\" style=\"width: 610px\" class=\"wp-caption aligncenter\"><img aria-describedby=\"caption-attachment-180454\" data-attachment-id=\"180454\" data-permalink=\"https:\/\/agrund.com\/index.php\/hot-or-not-tendencias-da-primavera-californiana\/3-1268\/\" data-orig-file=\"https:\/\/i0.wp.com\/agrund.com\/wp-content\/uploads\/sites\/6\/2018\/04\/3-16.jpg?fit=600%2C557&amp;ssl=1\" data-orig-size=\"600,557\" data-comments-opened=\"1\" data-image-meta=\"{&quot;aperture&quot;:&quot;0&quot;,&quot;credit&quot;:&quot;&quot;,&quot;camera&quot;:&quot;&quot;,&quot;caption&quot;:&quot;&quot;,&quot;created_timestamp&quot;:&quot;0&quot;,&quot;copyright&quot;:&quot;&quot;,&quot;focal_length&quot;:&quot;0&quot;,&quot;iso&quot;:&quot;0&quot;,&quot;shutter_speed&quot;:&quot;0&quot;,&quot;title&quot;:&quot;&quot;,&quot;orientation&quot;:&quot;1&quot;}\" data-image-title=\"Hot or Not: Tend\u00eancias da primavera Californiana\" data-image-description=\"\" data-image-caption=\"&lt;p&gt;Hot or Not: Tend\u00eancias da primavera Californiana&lt;\/p&gt;\n\" data-medium-file=\"https:\/\/i0.wp.com\/agrund.com\/wp-content\/uploads\/sites\/6\/2018\/04\/3-16.jpg?fit=300%2C279&amp;ssl=1\" data-large-file=\"https:\/\/i0.wp.com\/agrund.com\/wp-content\/uploads\/sites\/6\/2018\/04\/3-16.jpg?fit=600%2C557&amp;ssl=1\" decoding=\"async\" loading=\"lazy\" class=\"size-full wp-image-180454\" src=\"https:\/\/i0.wp.com\/www.agrund.com\/wp-content\/uploads\/sites\/6\/2018\/04\/3-16.jpg?resize=600%2C557\" alt=\"\" width=\"600\" height=\"557\" srcset=\"https:\/\/i0.wp.com\/agrund.com\/wp-content\/uploads\/sites\/6\/2018\/04\/3-16.jpg?w=600&amp;ssl=1 600w, https:\/\/i0.wp.com\/agrund.com\/wp-content\/uploads\/sites\/6\/2018\/04\/3-16.jpg?resize=300%2C279&amp;ssl=1 300w\" sizes=\"(max-width: 600px) 100vw, 600px\" data-recalc-dims=\"1\" \/><p id=\"caption-attachment-180454\" class=\"wp-caption-text\">Hot or Not: Tend\u00eancias da primavera Californiana<\/p><\/div>\n<div id=\"attachment_180453\" style=\"width: 610px\" class=\"wp-caption aligncenter\"><img aria-describedby=\"caption-attachment-180453\" data-attachment-id=\"180453\" data-permalink=\"https:\/\/agrund.com\/index.php\/hot-or-not-tendencias-da-primavera-californiana\/2-1364\/\" data-orig-file=\"https:\/\/i0.wp.com\/agrund.com\/wp-content\/uploads\/sites\/6\/2018\/04\/2-18.jpg?fit=600%2C568&amp;ssl=1\" data-orig-size=\"600,568\" data-comments-opened=\"1\" data-image-meta=\"{&quot;aperture&quot;:&quot;0&quot;,&quot;credit&quot;:&quot;&quot;,&quot;camera&quot;:&quot;&quot;,&quot;caption&quot;:&quot;&quot;,&quot;created_timestamp&quot;:&quot;0&quot;,&quot;copyright&quot;:&quot;&quot;,&quot;focal_length&quot;:&quot;0&quot;,&quot;iso&quot;:&quot;0&quot;,&quot;shutter_speed&quot;:&quot;0&quot;,&quot;title&quot;:&quot;&quot;,&quot;orientation&quot;:&quot;1&quot;}\" data-image-title=\"Hot or Not: Tend\u00eancias da primavera Californiana\" data-image-description=\"\" data-image-caption=\"&lt;p&gt;Hot or Not: Tend\u00eancias da primavera Californiana&lt;\/p&gt;\n\" data-medium-file=\"https:\/\/i0.wp.com\/agrund.com\/wp-content\/uploads\/sites\/6\/2018\/04\/2-18.jpg?fit=300%2C284&amp;ssl=1\" data-large-file=\"https:\/\/i0.wp.com\/agrund.com\/wp-content\/uploads\/sites\/6\/2018\/04\/2-18.jpg?fit=600%2C568&amp;ssl=1\" decoding=\"async\" loading=\"lazy\" class=\"size-full wp-image-180453\" src=\"https:\/\/i0.wp.com\/www.agrund.com\/wp-content\/uploads\/sites\/6\/2018\/04\/2-18.jpg?resize=600%2C568\" alt=\"\" width=\"600\" height=\"568\" srcset=\"https:\/\/i0.wp.com\/agrund.com\/wp-content\/uploads\/sites\/6\/2018\/04\/2-18.jpg?w=600&amp;ssl=1 600w, https:\/\/i0.wp.com\/agrund.com\/wp-content\/uploads\/sites\/6\/2018\/04\/2-18.jpg?resize=300%2C284&amp;ssl=1 300w\" sizes=\"(max-width: 600px) 100vw, 600px\" data-recalc-dims=\"1\" \/><p id=\"caption-attachment-180453\" class=\"wp-caption-text\">Hot or Not: Tend\u00eancias da primavera Californiana<\/p><\/div>\n<p>Fotos: Reprodu\u00e7\u00e3o.<\/p>\n","protected":false},"excerpt":{"rendered":"<p>Por Anna Lee, de Los Angeles A \u00e1rea dos olhos nunca esteve t\u00e3o ousada e divertida como nos \u00faltimos dois anos para quem ama maquiagem. J\u00e1 vimos os mais diferentes formatos de sobrancelha, mas agora querem complementar com flores. Sim, praticamente um jardim nas sobrancelhas! Eu n\u00e3o duvido nada que veremos muitas meninas usando essa [&hellip;]<\/p>\n","protected":false},"author":8,"featured_media":180458,"comment_status":"open","ping_status":"open","sticky":false,"template":"","format":"standard","meta":{"jetpack_post_was_ever_published":false,"_jetpack_newsletter_access":"","jetpack_publicize_message":"","jetpack_is_tweetstorm":false,"jetpack_publicize_feature_enabled":true,"jetpack_social_post_already_shared":true,"jetpack_social_options":{"image_generator_settings":{"template":"highway","enabled":false}}},"categories":[2],"tags":[],"jetpack_publicize_connections":[],"jetpack_featured_media_url":"https:\/\/i0.wp.com\/agrund.com\/wp-content\/uploads\/sites\/6\/2018\/04\/S.jpg?fit=960%2C300&ssl=1","jetpack_sharing_enabled":true,"jetpack_shortlink":"https:\/\/wp.me\/p3Hz0n-KWw","jetpack_likes_enabled":true,"_links":{"self":[{"href":"https:\/\/agrund.com\/index.php\/wp-json\/wp\/v2\/posts\/180452"}],"collection":[{"href":"https:\/\/agrund.com\/index.php\/wp-json\/wp\/v2\/posts"}],"about":[{"href":"https:\/\/agrund.com\/index.php\/wp-json\/wp\/v2\/types\/post"}],"author":[{"embeddable":true,"href":"https:\/\/agrund.com\/index.php\/wp-json\/wp\/v2\/users\/8"}],"replies":[{"embeddable":true,"href":"https:\/\/agrund.com\/index.php\/wp-json\/wp\/v2\/comments?post=180452"}],"version-history":[{"count":0,"href":"https:\/\/agrund.com\/index.php\/wp-json\/wp\/v2\/posts\/180452\/revisions"}],"wp:featuredmedia":[{"embeddable":true,"href":"https:\/\/agrund.com\/index.php\/wp-json\/wp\/v2\/media\/180458"}],"wp:attachment":[{"href":"https:\/\/agrund.com\/index.php\/wp-json\/wp\/v2\/media?parent=180452"}],"wp:term":[{"taxonomy":"category","embeddable":true,"href":"https:\/\/agrund.com\/index.php\/wp-json\/wp\/v2\/categories?post=180452"},{"taxonomy":"post_tag","embeddable":true,"href":"https:\/\/agrund.com\/index.php\/wp-json\/wp\/v2\/tags?post=180452"}],"curies":[{"name":"wp","href":"https:\/\/api.w.org\/{rel}","templated":true}]}}